{"id":67403,"date":"2024-11-28T14:11:53","date_gmt":"2024-11-28T14:11:53","guid":{"rendered":"https:\/\/tvbrazilusa.com\/2024\/11\/28\/acao-de-gracas-quente-mas-tranquila-wsvn-7news-noticias-de-miami-clima-esportes-fort-lauderdale\/"},"modified":"2024-11-28T14:26:41","modified_gmt":"2024-11-28T14:26:41","slug":"acao-de-gracas-quente-mas-tranquila-wsvn-7news-noticias-de-miami-clima-esportes-fort-lauderdale","status":"publish","type":"post","link":"https:\/\/tvbrazilusa.com\/pt\/2024\/11\/28\/acao-de-gracas-quente-mas-tranquila-wsvn-7news-noticias-de-miami-clima-esportes-fort-lauderdale\/","title":{"rendered":"A\u00c7\u00c3O DE GRA\u00c7AS QUENTE, MAS TRANQUILA &#8211; WSVN 7News | Not\u00edcias de Miami, clima, esportes | Fort Lauderdale"},"content":{"rendered":"<p> <script async src=\"https:\/\/pagead2.googlesyndication.com\/pagead\/js\/adsbygoogle.js?client=ca-pub-8864793242727901\"\r\n     crossorigin=\"anonymous\"><\/script><br \/>\n<\/p>\n<div itemprop=\"articleBody\">\n<p class=\"has-text-align-center is-style-larger\"><strong>Feliz Dia de A\u00e7\u00e3o de Gra\u00e7as, sul da Fl\u00f3rida!<\/strong><\/p>\n<p class=\"has-text-align-center is-style-larger\"><strong>Esperamos que todos tenham terminado os preparativos enquanto nos preparamos para o dia t\u00e3o importante de hoje! Esta semana foi bastante tranquila para o sul da Fl\u00f3rida, j\u00e1 que o ar seco e uma \u00e1rea de alta press\u00e3o trabalharam juntos para manter condi\u00e7\u00f5es perfeitas em toda a regi\u00e3o. E embora todos os dias tenham sido um pouco mais quentes do que no dia anterior, em nenhum momento as condi\u00e7\u00f5es foram desconfort\u00e1veis, muito quentes ou muito frias. Esta manh\u00e3, o sul da Fl\u00f3rida acordou com condi\u00e7\u00f5es mais frias e notamos mais algumas nuvens no c\u00e9u do que nas manh\u00e3s anteriores. \u00c9 claro que todas eram nuvens de bom tempo, j\u00e1 que n\u00e3o se espera que a chuva volte ao valor previsto hoje.<\/strong><\/p>\n<figure class=\"wp-block-image size-large is-resized\"><\/figure>\n<p class=\"has-text-align-center is-style-larger\"><strong>Agora que chegou o Dia de A\u00e7\u00e3o de Gra\u00e7as, s\u00f3 podemos continuar a esperar que o sul da Fl\u00f3rida permane\u00e7a seco, conforme planejado. E parece que sim. Embora a costa leste dos EUA lide com alguma chuva (e alguma neve no norte do estado de Nova York e no norte da Nova Inglaterra), a Fl\u00f3rida ainda deve permanecer calma na maior parte do tempo, especialmente quanto mais ao sul voc\u00ea atravessa o estado. Nossas altas temperaturas \u00e0 tarde podem estar quentes em meados dos anos 80, mas a chuva n\u00e3o deve ser um fator em nossa previs\u00e3o de hoje. Al\u00e9m disso, os n\u00edveis de umidade ainda ser\u00e3o bastante confort\u00e1veis.  Ent\u00e3o, se voc\u00ea planejou comemorar o feriado ao ar livre com seus entes queridos, estou a dois polegares para cima!  <\/strong><\/p>\n<figure class=\"wp-block-image size-large is-resized\"><img fetchpriority=\"high\" decoding=\"async\" width=\"1920\" height=\"1080\" src=\"https:\/\/wsvn.com\/wp-content\/uploads\/sites\/2\/2024\/11\/Blog-2-8.png?w=1024\" alt=\"\" class=\"wp-image-1511961\" style=\"width:809px;height:auto\" srcset=\"https:\/\/wsvn.com\/wp-content\/uploads\/sites\/2\/2024\/11\/Blog-2-8.png 1920w, https:\/\/wsvn.com\/wp-content\/uploads\/sites\/2\/2024\/11\/Blog-2-8.png?resize=300,169 300w, https:\/\/wsvn.com\/wp-content\/uploads\/sites\/2\/2024\/11\/Blog-2-8.png?resize=768,432 768w, https:\/\/wsvn.com\/wp-content\/uploads\/sites\/2\/2024\/11\/Blog-2-8.png?resize=1024,576 1024w, https:\/\/wsvn.com\/wp-content\/uploads\/sites\/2\/2024\/11\/Blog-2-8.png?resize=1536,864 1536w\" sizes=\"(max-width: 1920px) 100vw, 1920px\"\/><\/figure>\n<p class=\"has-text-align-center is-style-larger\"><strong><br \/>Olhando para o futuro, ap\u00f3s uma semana de feriados mais quente, prev\u00ea-se que uma s\u00e9rie de frentes avancem no sul da Fl\u00f3rida no final da semana e no fim de semana. A frente n\u00ba 1 ser\u00e1 a mais fraca das duas frentes e deslizar\u00e1 para o sul da Fl\u00f3rida na noite de sexta-feira at\u00e9 o in\u00edcio de s\u00e1bado.  A previs\u00e3o \u00e9 que esta primeira frente traga apenas uma pequena queda nos n\u00edveis de umidade para o pr\u00f3ximo fim de semana.  Mas antes que isso aconte\u00e7a, a Black Friday ser\u00e1 quente para o sul da Fl\u00f3rida e dever\u00e1 ficar seca at\u00e9 bem tarde, quando uma chuva irregular \u00e9 poss\u00edvel conforme a Frente # 1 se move para o sul da Fl\u00f3rida. Chuva irregular tamb\u00e9m ser\u00e1 poss\u00edvel no s\u00e1bado. Ent\u00e3o a Frente #2 parece ser a mais forte das duas frentes e est\u00e1 prevista passar pelo Sul da Fl\u00f3rida no domingo.  Se esta frente limpar completamente o sul da Fl\u00f3rida, ent\u00e3o poderemos estar olhando para condi\u00e7\u00f5es mais frias na d\u00e9cada de 50, retornando nos primeiros dias de dezembro!<\/strong><\/p>\n<figure class=\"wp-block-image size-large is-resized\"><img decoding=\"async\" width=\"1920\" height=\"1080\" src=\"https:\/\/wsvn.com\/wp-content\/uploads\/sites\/2\/2024\/11\/Blog-3-8.png?w=1024\" alt=\"\" class=\"wp-image-1511959\" style=\"width:816px;height:auto\" srcset=\"https:\/\/wsvn.com\/wp-content\/uploads\/sites\/2\/2024\/11\/Blog-3-8.png 1920w, https:\/\/wsvn.com\/wp-content\/uploads\/sites\/2\/2024\/11\/Blog-3-8.png?resize=300,169 300w, https:\/\/wsvn.com\/wp-content\/uploads\/sites\/2\/2024\/11\/Blog-3-8.png?resize=768,432 768w, https:\/\/wsvn.com\/wp-content\/uploads\/sites\/2\/2024\/11\/Blog-3-8.png?resize=1024,576 1024w, https:\/\/wsvn.com\/wp-content\/uploads\/sites\/2\/2024\/11\/Blog-3-8.png?resize=1536,864 1536w\" sizes=\"(max-width: 1920px) 100vw, 1920px\"\/><\/figure>\n<p class=\"has-text-align-center is-style-larger\"><strong>Desejando a voc\u00ea e seus entes queridos um feliz Dia de A\u00e7\u00e3o de Gra\u00e7as!<\/strong><\/p>\n<p><strong>Erika Delgado<br \/>Meteorologista<br \/>Not\u00edcias WSVN \/ Canal 7<\/strong><\/p>\n<p><em>Copyright 2024 Sunbeam Television Corp. Todos os direitos reservados. Este material n\u00e3o pode ser publicado, transmitido, reescrito ou redistribu\u00eddo.<\/em><\/p>\n<div class=\"wp-block-newsletter\">\n\t<strong class=\"wp-block-newsletter__title\">Cadastre-se em nosso boletim informativo para receber as \u00faltimas not\u00edcias diretamente na sua caixa de entrada<\/strong><\/p>\n<\/div><\/div>\n<p><br \/>\n<br \/><a href=\"https:\/\/wsvn.com\/weather-blog\/warm-but-quiet-thanksgiving\/\">Source link <\/a><\/p>","protected":false},"excerpt":{"rendered":"<p>Feliz Dia de A\u00e7\u00e3o de Gra\u00e7as, sul da Fl\u00f3rida! Esperamos que todos tenham terminado os preparativos enquanto nos preparamos para o dia t\u00e3o importante de hoje! Esta semana foi bastante&hellip;<\/p>","protected":false},"author":1,"featured_media":67404,"comment_status":"closed","ping_status":"open","sticky":false,"template":"","format":"standard","meta":{"content-type":"","footnotes":""},"categories":[1],"tags":[],"class_list":["post-67403","post","type-post","status-publish","format-standard","has-post-thumbnail","hentry","category-uncategorized"],"_links":{"self":[{"href":"https:\/\/tvbrazilusa.com\/pt\/wp-json\/wp\/v2\/posts\/67403","targetHints":{"allow":["GET"]}}],"collection":[{"href":"https:\/\/tvbrazilusa.com\/pt\/wp-json\/wp\/v2\/posts"}],"about":[{"href":"https:\/\/tvbrazilusa.com\/pt\/wp-json\/wp\/v2\/types\/post"}],"author":[{"embeddable":true,"href":"https:\/\/tvbrazilusa.com\/pt\/wp-json\/wp\/v2\/users\/1"}],"replies":[{"embeddable":true,"href":"https:\/\/tvbrazilusa.com\/pt\/wp-json\/wp\/v2\/comments?post=67403"}],"version-history":[{"count":1,"href":"https:\/\/tvbrazilusa.com\/pt\/wp-json\/wp\/v2\/posts\/67403\/revisions"}],"predecessor-version":[{"id":67405,"href":"https:\/\/tvbrazilusa.com\/pt\/wp-json\/wp\/v2\/posts\/67403\/revisions\/67405"}],"wp:featuredmedia":[{"embeddable":true,"href":"https:\/\/tvbrazilusa.com\/pt\/wp-json\/wp\/v2\/media\/67404"}],"wp:attachment":[{"href":"https:\/\/tvbrazilusa.com\/pt\/wp-json\/wp\/v2\/media?parent=67403"}],"wp:term":[{"taxonomy":"category","embeddable":true,"href":"https:\/\/tvbrazilusa.com\/pt\/wp-json\/wp\/v2\/categories?post=67403"},{"taxonomy":"post_tag","embeddable":true,"href":"https:\/\/tvbrazilusa.com\/pt\/wp-json\/wp\/v2\/tags?post=67403"}],"curies":[{"name":"wp","href":"https:\/\/api.w.org\/{rel}","templated":true}]}}