{"id":67415,"date":"2024-11-28T14:46:23","date_gmt":"2024-11-28T14:46:23","guid":{"rendered":"https:\/\/tvbrazilusa.com\/2024\/11\/28\/haddad-revela-os-principais-detalhes-do-pacote-fiscal-do-governo-confira\/"},"modified":"2024-11-28T14:46:24","modified_gmt":"2024-11-28T14:46:24","slug":"haddad-revela-os-principais-detalhes-do-pacote-fiscal-do-governo-confira","status":"publish","type":"post","link":"https:\/\/tvbrazilusa.com\/pt\/2024\/11\/28\/haddad-revela-os-principais-detalhes-do-pacote-fiscal-do-governo-confira\/","title":{"rendered":"Haddad revela os principais detalhes do pacote fiscal do governo; confira"},"content":{"rendered":"<p> <script async src=\"https:\/\/pagead2.googlesyndication.com\/pagead\/js\/adsbygoogle.js?client=ca-pub-8864793242727901\"\r\n     crossorigin=\"anonymous\"><\/script><br \/>\n<\/p>\n<div id=\"taboola-read-more\" style=\"display:block; width:100%\">\n<p>O ministro da Fazenda, Fernando Haddad, abordou nesta quinta-feira, 28, em uma coletiva de imprensa, o pacote de medidas fiscais com o objetivo de reduzir os gastos do governo e equilibrar as contas p\u00fablicas.\n<\/p>\n<p>Haddad destacou que existem duas quest\u00f5es distintas sendo tratadas: a reforma tribut\u00e1ria e as a\u00e7\u00f5es necess\u00e1rias para cumprir o arcabou\u00e7o fiscal. Durante a coletiva, o ministro detalhou as principais medidas do pacote. O objetivo \u00e9 economizar R$ 70 bilh\u00f5es nos pr\u00f3ximos dois anos. Em 2025, o governo dever\u00e1 cortar R$ 30 bilh\u00f5es. Em 2026, a economia ser\u00e1 de R$ 40 bilh\u00f5es. Contudo, esse impacto ser\u00e1 compensado por outras medidas.<\/p>\n<p>O ministro explicou que a mudan\u00e7a no Imposto de Renda (IR) ser\u00e1 feita por meio de um projeto de lei separado da discuss\u00e3o sobre a reforma da renda. Segundo ele, a tramita\u00e7\u00e3o dessa reforma \u00e9 mais simples do que a reforma relacionada ao consumo.\n<\/p>\n<p>\u201cTem algumas distor\u00e7\u00f5es que estamos corrigindo com rela\u00e7\u00e3o \u00e0 sa\u00fade [no Imposto de Renda]\u201c, disse o ministro. \u201cGastos com sa\u00fade continuar\u00e3o dedut\u00edveis na sua integralidade. Mas a isen\u00e7\u00e3o do IR por raz\u00f5es de sa\u00fade vai estar limitada a quem ganha at\u00e9 R$ 20 mil por m\u00eas.\u201d\n<\/p>\n<p>De acordo com Haddad, essa medida visa compensar a isen\u00e7\u00e3o do Imposto de Renda para quem recebe at\u00e9 R$ 5 mil, que foi anunciada juntamente com o pacote fiscal. O governo estima que o impacto dessa a\u00e7\u00e3o ser\u00e1 de R$ 35 bilh\u00f5es. Al\u00e9m disso, as rendas superiores a R$ 50 mil mensais ser\u00e3o tributadas em, no m\u00ednimo, 10%.\n<\/p>\n<p>Haddad anunciou a limita\u00e7\u00e3o do reajuste do sal\u00e1rio m\u00ednimo<br \/>Uma das medidas mais comentadas foi a limita\u00e7\u00e3o do reajuste do sal\u00e1rio m\u00ednimo. Haddad explicou que o sal\u00e1rio continuar\u00e1 tendo um aumento acima da infla\u00e7\u00e3o.\n<\/p>\n<p>No entanto, isso respeitar\u00e1 os limites do arcabou\u00e7o fiscal, que prev\u00ea um aumento entre 0,6% e 2,5% ao ano, dependendo do desempenho da economia. Em caso de recess\u00e3o, o aumento ser\u00e1 de 0,6%. Por\u00e9m, em anos com crescimento econ\u00f4mico significativo, o aumento ser\u00e1 limitado.\n<\/p>\n<p>Em rela\u00e7\u00e3o aos servidores p\u00fablicos, a proposta \u00e9 limitar os chamados \u201csupersal\u00e1rios\u201d, que superam o teto constitucional de R$ 44 mil. O governo tamb\u00e9m buscar\u00e1 restringir as emendas parlamentares, que ter\u00e3o um crescimento m\u00e1ximo de 2,5% acima da infla\u00e7\u00e3o.\n<\/p>\n<p>\u201cVamos ter que fazer uma lei complementar para regular os supersal\u00e1rios\u201d, enfatizou o ministro. \u201cA C\u00e2mara j\u00e1 se manifestou sobre os supersal\u00e1rios e h\u00e1 uma abertura do Senado para ampliar a discuss\u00e3o.\u201d\n<\/p>\n<p>Metade dessas emendas ser\u00e1 destinada \u00e0 sa\u00fade p\u00fablica. Outro ponto importante \u00e9 que o governo n\u00e3o poder\u00e1 conceder novos benef\u00edcios fiscais, como isen\u00e7\u00f5es de impostos para empresas, se n\u00e3o houver super\u00e1vit nas contas p\u00fablicas.\n<\/p>\n<p>Al\u00e9m disso, o ministro mencionou que o bloqueio de R$ 20 bilh\u00f5es neste ano visa garantir o cumprimento do arcabou\u00e7o fiscal. Ele tamb\u00e9m afirmou que a arrecada\u00e7\u00e3o federal cresceu cerca de 10% acima da infla\u00e7\u00e3o, como resultado de a\u00e7\u00f5es para combater a sonega\u00e7\u00e3o fiscal.\n<\/p>\n<p>\u201cSe n\u00e3o estiv\u00e9ssemos cuidado do arcabou\u00e7o fiscal, n\u00e3o estar\u00edamos cumprindo a meta fiscal\u201d, declarou Haddad.\n<\/p>\n<p>Fonte: Revista Oeste              <\/p>\n<\/div>\n<p><br \/>\n<br \/><a href=\"https:\/\/diariodobrasilnoticias.com.br\/noticia\/haddad-revela-os-principais-detalhes-do-pacote-fiscal-do-governo-confira-6748691ca50b3\">Source link <\/a><\/p>","protected":false},"excerpt":{"rendered":"<p>O ministro da Fazenda, Fernando Haddad, abordou nesta quinta-feira, 28, em uma coletiva de imprensa, o pacote de medidas fiscais com o objetivo de reduzir os gastos do governo e&hellip;<\/p>","protected":false},"author":1,"featured_media":67416,"comment_status":"closed","ping_status":"open","sticky":false,"template":"","format":"standard","meta":{"content-type":"","footnotes":""},"categories":[16],"tags":[123,2448,5313,1267],"class_list":["post-67415","post","type-post","status-publish","format-standard","has-post-thumbnail","hentry","category-noticias","tag-brasil","tag-diario","tag-noticia","tag-noticias"],"_links":{"self":[{"href":"https:\/\/tvbrazilusa.com\/pt\/wp-json\/wp\/v2\/posts\/67415","targetHints":{"allow":["GET"]}}],"collection":[{"href":"https:\/\/tvbrazilusa.com\/pt\/wp-json\/wp\/v2\/posts"}],"about":[{"href":"https:\/\/tvbrazilusa.com\/pt\/wp-json\/wp\/v2\/types\/post"}],"author":[{"embeddable":true,"href":"https:\/\/tvbrazilusa.com\/pt\/wp-json\/wp\/v2\/users\/1"}],"replies":[{"embeddable":true,"href":"https:\/\/tvbrazilusa.com\/pt\/wp-json\/wp\/v2\/comments?post=67415"}],"version-history":[{"count":1,"href":"https:\/\/tvbrazilusa.com\/pt\/wp-json\/wp\/v2\/posts\/67415\/revisions"}],"predecessor-version":[{"id":67417,"href":"https:\/\/tvbrazilusa.com\/pt\/wp-json\/wp\/v2\/posts\/67415\/revisions\/67417"}],"wp:featuredmedia":[{"embeddable":true,"href":"https:\/\/tvbrazilusa.com\/pt\/wp-json\/wp\/v2\/media\/67416"}],"wp:attachment":[{"href":"https:\/\/tvbrazilusa.com\/pt\/wp-json\/wp\/v2\/media?parent=67415"}],"wp:term":[{"taxonomy":"category","embeddable":true,"href":"https:\/\/tvbrazilusa.com\/pt\/wp-json\/wp\/v2\/categories?post=67415"},{"taxonomy":"post_tag","embeddable":true,"href":"https:\/\/tvbrazilusa.com\/pt\/wp-json\/wp\/v2\/tags?post=67415"}],"curies":[{"name":"wp","href":"https:\/\/api.w.org\/{rel}","templated":true}]}}