{"id":67440,"date":"2024-11-28T15:23:30","date_gmt":"2024-11-28T15:23:30","guid":{"rendered":"https:\/\/tvbrazilusa.com\/2024\/11\/28\/proibicao-de-redes-sociais-para-menores-de-16-anos-e-aprovada-no-senado-australiano-e-em-breve-sera-a-primeira-lei-do-mundo-wsvn-7news-noticias-de-miami-clima-esportes-fort-lauderdale\/"},"modified":"2024-11-28T15:42:29","modified_gmt":"2024-11-28T15:42:29","slug":"proibicao-de-redes-sociais-para-menores-de-16-anos-e-aprovada-no-senado-australiano-e-em-breve-sera-a-primeira-lei-do-mundo-wsvn-7news-noticias-de-miami-clima-esportes-fort-lauderdale","status":"publish","type":"post","link":"https:\/\/tvbrazilusa.com\/pt\/2024\/11\/28\/proibicao-de-redes-sociais-para-menores-de-16-anos-e-aprovada-no-senado-australiano-e-em-breve-sera-a-primeira-lei-do-mundo-wsvn-7news-noticias-de-miami-clima-esportes-fort-lauderdale\/","title":{"rendered":"Proibi\u00e7\u00e3o de redes sociais para menores de 16 anos \u00e9 aprovada no Senado Australiano e em breve ser\u00e1 a primeira lei do mundo &#8211; WSVN 7News | Not\u00edcias de Miami, clima, esportes | Fort Lauderdale"},"content":{"rendered":"<p> <script async src=\"https:\/\/pagead2.googlesyndication.com\/pagead\/js\/adsbygoogle.js?client=ca-pub-8864793242727901\"\r\n     crossorigin=\"anonymous\"><\/script><br \/>\n<\/p>\n<div itemprop=\"articleBody\">\n<p>MELBOURNE, Austr\u00e1lia (AP) \u2013 Uma proibi\u00e7\u00e3o de redes sociais para crian\u00e7as menores de 16 anos foi aprovada quinta-feira no Senado australiano e em breve se tornar\u00e1 uma lei pioneira no mundo.<\/p>\n<p>A lei tornar\u00e1 plataformas como TikTok, Facebook, Snapchat, Reddit, X e Instagram respons\u00e1veis \u200b\u200bpor multas de at\u00e9 50 milh\u00f5es de d\u00f3lares australianos (33 milh\u00f5es de d\u00f3lares) por falhas sist\u00eamicas para impedir que crian\u00e7as menores de 16 anos mantenham contas.<\/p>\n<p>O Senado aprovou o projeto por 34 votos a 19. A C\u00e2mara dos Representantes aprovou na quarta-feira a legisla\u00e7\u00e3o por esmagadora maioria, por 102 votos a 13.<\/p>\n<p>A C\u00e2mara ainda n\u00e3o endossou as emendas da oposi\u00e7\u00e3o feitas no Senado. Mas isso \u00e9 uma formalidade, uma vez que o governo j\u00e1 concordou que ser\u00e3o aprovadas.<\/p>\n<p>As plataformas ter\u00e3o um ano para decidir como poderiam implementar a proibi\u00e7\u00e3o antes que as penalidades sejam aplicadas.<\/p>\n<p>A Meta Platforms, propriet\u00e1ria do Facebook e do Instagram, disse que a legisla\u00e7\u00e3o foi \u201capressada\u201d.<\/p>\n<p>O Digital Industry Group Inc., um defensor das plataformas na Austr\u00e1lia, disse que permanecem d\u00favidas sobre o impacto da lei sobre as crian\u00e7as, seus fundamentos t\u00e9cnicos e escopo.<\/p>\n<p>\u201cA legisla\u00e7\u00e3o sobre a proibi\u00e7\u00e3o das redes sociais foi divulgada e aprovada no espa\u00e7o de uma semana e, como resultado, ningu\u00e9m consegue explicar com seguran\u00e7a como funcionar\u00e1 na pr\u00e1tica \u2013 a comunidade e as plataformas n\u00e3o sabem exatamente o que \u00e9 exigido delas\u201d, DIGI disse a diretora-gerente Sunita Bose em um comunicado.<\/p>\n<p>As altera\u00e7\u00f5es refor\u00e7am as prote\u00e7\u00f5es de privacidade. As plataformas n\u00e3o seriam autorizadas a obrigar os utilizadores a fornecer documentos de identidade emitidos pelo governo, incluindo passaportes ou cartas de condu\u00e7\u00e3o, nem poderiam exigir identifica\u00e7\u00e3o digital atrav\u00e9s de um sistema governamental.<\/p>\n<p>A C\u00e2mara est\u00e1 programada para aprovar as emendas na sexta-feira. Os cr\u00edticos da legisla\u00e7\u00e3o temem que a proibi\u00e7\u00e3o de crian\u00e7as pequenas nas redes sociais tenha impacto na privacidade dos utilizadores, que devem comprovar que t\u00eam mais de 16 anos.<\/p>\n<p>Embora os principais partidos apoiem a proibi\u00e7\u00e3o, muitos defensores do bem-estar infantil e da sa\u00fade mental est\u00e3o preocupados com as consequ\u00eancias indesejadas.<\/p>\n<p>O senador David Shoebridge, do partido minorit\u00e1rio Verde, disse que os especialistas em sa\u00fade mental concordam que a proibi\u00e7\u00e3o poderia isolar perigosamente muitas crian\u00e7as que usavam as redes sociais para encontrar apoio.<\/p>\n<p>\u201cEsta pol\u00edtica prejudicar\u00e1 mais os jovens vulner\u00e1veis, especialmente nas comunidades regionais e especialmente na comunidade LGBTQI, ao isol\u00e1-los\u201d, disse Shoebridge ao Senado.<\/p>\n<p>A senadora da oposi\u00e7\u00e3o Maria Kovacic disse que o projeto n\u00e3o era radical, mas necess\u00e1rio. \u201cO foco central desta legisla\u00e7\u00e3o \u00e9 simples: exige que as empresas de redes sociais tomem medidas razo\u00e1veis \u200b\u200bpara identificar e remover utilizadores menores de idade das suas plataformas\u201d, disse Kovacic ao Senado.<\/p>\n<p>\u201cEsta \u00e9 uma responsabilidade que estas empresas deveriam ter cumprido h\u00e1 muito tempo, mas durante demasiado tempo fugiram a essas responsabilidades em favor do lucro\u201d, acrescentou.<\/p>\n<p>A ativista de seguran\u00e7a online Sonya Ryan, cuja filha Carly, de 15 anos, foi assassinada por um ped\u00f3filo de 50 anos que fingiu ser um adolescente online, descreveu a vota\u00e7\u00e3o no Senado como um \u201cmomento monumental para proteger as nossas crian\u00e7as de danos horr\u00edveis online. \u201d<\/p>\n<p>\u201c\u00c9 tarde demais para minha filha, Carly, e para muitas outras crian\u00e7as que sofreram terrivelmente e para aquelas que perderam suas vidas na Austr\u00e1lia, mas vamos nos unir em seu nome e abra\u00e7ar isso juntos\u201d, disse ela \u00e0 AP por e-mail. .<\/p>\n<p>Wayne Holdsworth, cujo filho adolescente Mac suicidou-se depois de ser v\u00edtima de um esquema de sextor\u00e7\u00e3o online, defendeu a restri\u00e7\u00e3o de idade e orgulhava-se da sua aprova\u00e7\u00e3o.<\/p>\n<p>\u201cSempre fui um australiano orgulhoso, mas para mim, depois da decis\u00e3o de hoje do Senado, estou cheio de orgulho\u201d, disse Holdsworth \u00e0 AP por e-mail.<\/p>\n<p>Christopher Stone, diretor executivo da Suicide Prevention Australia, o \u00f3rg\u00e3o regulador do setor de preven\u00e7\u00e3o do suic\u00eddio, disse que a legisla\u00e7\u00e3o n\u00e3o considerou os aspectos positivos das redes sociais no apoio \u00e0 sa\u00fade mental e ao senso de conex\u00e3o dos jovens.<\/p>\n<p>\u201cO governo est\u00e1 correndo de olhos vendados contra uma parede de tijolos ao apressar esta legisla\u00e7\u00e3o. Os jovens australianos merecem pol\u00edticas baseadas em evid\u00eancias, e n\u00e3o decis\u00f5es tomadas \u00e0s pressas\u201d, disse Stone em comunicado.<\/p>\n<p>As plataformas queixaram-se de que a lei seria impratic\u00e1vel e instaram o Senado a adiar a vota\u00e7\u00e3o pelo menos at\u00e9 Junho de 2025, altura em que uma avalia\u00e7\u00e3o encomendada pelo governo das tecnologias de garantia de idade apresentar\u00e1 um relat\u00f3rio sobre como as crian\u00e7as pequenas poderiam ser exclu\u00eddas.<\/p>\n<p>\u201cNaturalmente, respeitamos as leis decididas pelo Parlamento australiano\u201d, disse Meta Platforms, propriet\u00e1ria do Facebook e Instagram, em comunicado. \u201cNo entanto, estamos preocupados com o processo que acelerou a legisla\u00e7\u00e3o, ao mesmo tempo que n\u00e3o considerou adequadamente as evid\u00eancias, o que a ind\u00fastria j\u00e1 faz para garantir experi\u00eancias adequadas \u00e0 idade e as vozes dos jovens.\u201d<\/p>\n<p>Os cr\u00edticos argumentam que o governo est\u00e1 tentando convencer os pais de que est\u00e1 protegendo seus filhos antes das elei\u00e7\u00f5es gerais marcadas para maio. O governo espera que os eleitores o recompensem por responder \u00e0s preocupa\u00e7\u00f5es dos pais sobre o v\u00edcio dos seus filhos nas redes sociais. Alguns argumentam que a legisla\u00e7\u00e3o poderia causar mais danos do que prevenir.<\/p>\n<p>As cr\u00edticas incluem que a legisla\u00e7\u00e3o foi aprovada no Parlamento sem o escrut\u00ednio adequado, \u00e9 ineficaz, representa riscos para a privacidade de todos os utilizadores e mina a autoridade dos pais para tomarem decis\u00f5es pelos seus filhos.<\/p>\n<p>Os opositores tamb\u00e9m argumentam que a proibi\u00e7\u00e3o isolaria as crian\u00e7as, privaria-as dos aspectos positivos das redes sociais, conduzi-las-ia para a dark web, desencorajaria as crian\u00e7as demasiado jovens para que as redes sociais reportassem danos e reduziria os incentivos para as plataformas melhorarem a seguran\u00e7a online.<\/p>\n<p><em>Direitos autorais 2024 da Associated Press. Todos os direitos reservados. Este material n\u00e3o pode ser publicado, transmitido, reescrito ou redistribu\u00eddo.<\/em><\/p>\n<div class=\"wp-block-newsletter\">\n\t<strong class=\"wp-block-newsletter__title\">Cadastre-se em nosso boletim informativo para receber as \u00faltimas not\u00edcias diretamente na sua caixa de entrada<\/strong><\/p>\n<\/div><\/div>\n<p><br \/>\n<br \/><a href=\"https:\/\/wsvn.com\/news\/us-world\/a-social-media-ban-for-under-16s-passes-the-australian-senate-and-will-soon-be-a-world-first-law\/\">Source link <\/a><\/p>","protected":false},"excerpt":{"rendered":"<p>MELBOURNE, Austr\u00e1lia (AP) \u2013 Uma proibi\u00e7\u00e3o de redes sociais para crian\u00e7as menores de 16 anos foi aprovada quinta-feira no Senado australiano e em breve se tornar\u00e1 uma lei pioneira no&hellip;<\/p>","protected":false},"author":1,"featured_media":61531,"comment_status":"closed","ping_status":"open","sticky":false,"template":"","format":"standard","meta":{"content-type":"","footnotes":""},"categories":[1],"tags":[],"class_list":["post-67440","post","type-post","status-publish","format-standard","has-post-thumbnail","hentry","category-uncategorized"],"_links":{"self":[{"href":"https:\/\/tvbrazilusa.com\/pt\/wp-json\/wp\/v2\/posts\/67440","targetHints":{"allow":["GET"]}}],"collection":[{"href":"https:\/\/tvbrazilusa.com\/pt\/wp-json\/wp\/v2\/posts"}],"about":[{"href":"https:\/\/tvbrazilusa.com\/pt\/wp-json\/wp\/v2\/types\/post"}],"author":[{"embeddable":true,"href":"https:\/\/tvbrazilusa.com\/pt\/wp-json\/wp\/v2\/users\/1"}],"replies":[{"embeddable":true,"href":"https:\/\/tvbrazilusa.com\/pt\/wp-json\/wp\/v2\/comments?post=67440"}],"version-history":[{"count":1,"href":"https:\/\/tvbrazilusa.com\/pt\/wp-json\/wp\/v2\/posts\/67440\/revisions"}],"predecessor-version":[{"id":67441,"href":"https:\/\/tvbrazilusa.com\/pt\/wp-json\/wp\/v2\/posts\/67440\/revisions\/67441"}],"wp:featuredmedia":[{"embeddable":true,"href":"https:\/\/tvbrazilusa.com\/pt\/wp-json\/wp\/v2\/media\/61531"}],"wp:attachment":[{"href":"https:\/\/tvbrazilusa.com\/pt\/wp-json\/wp\/v2\/media?parent=67440"}],"wp:term":[{"taxonomy":"category","embeddable":true,"href":"https:\/\/tvbrazilusa.com\/pt\/wp-json\/wp\/v2\/categories?post=67440"},{"taxonomy":"post_tag","embeddable":true,"href":"https:\/\/tvbrazilusa.com\/pt\/wp-json\/wp\/v2\/tags?post=67440"}],"curies":[{"name":"wp","href":"https:\/\/api.w.org\/{rel}","templated":true}]}}