{"id":67444,"date":"2024-11-28T15:50:08","date_gmt":"2024-11-28T15:50:08","guid":{"rendered":"https:\/\/tvbrazilusa.com\/2024\/11\/28\/para-jair-bolsonaro-brasil-esta-perto-de-se-tornar-a-nicaragua\/"},"modified":"2024-11-28T15:50:09","modified_gmt":"2024-11-28T15:50:09","slug":"para-jair-bolsonaro-brasil-esta-perto-de-se-tornar-a-nicaragua","status":"publish","type":"post","link":"https:\/\/tvbrazilusa.com\/pt\/2024\/11\/28\/para-jair-bolsonaro-brasil-esta-perto-de-se-tornar-a-nicaragua\/","title":{"rendered":"Para Jair Bolsonaro, Brasil est\u00e1 perto de se tornar a Nicar\u00e1gua"},"content":{"rendered":"<p> <script async src=\"https:\/\/pagead2.googlesyndication.com\/pagead\/js\/adsbygoogle.js?client=ca-pub-8864793242727901\"\r\n     crossorigin=\"anonymous\"><\/script><br \/>\n<\/p>\n<div id=\"taboola-read-more\" style=\"display:block; width:100%\">\n<p>O ex-presidente Jair Bolsonaro (PL) comentou o fato de padres terem sido citados no inqu\u00e9rito que apura uma suposta trama visando um golpe de Estado, e avaliou que o Brasil est\u00e1 \u201ccada vez mais pr\u00f3ximo da Nicar\u00e1gua\u201d, comandada pelo ditador Daniel Ortega.\n<\/p>\n<p>\u2013 Estamos cada vez mais pr\u00f3ximos da Nicar\u00e1gua de Ortega. Segundo o Metr\u00f3poles, tr\u00eas padres foram citados no fantasioso relat\u00f3rio final da PF divulgado ontem. O inqu\u00e9rito tamb\u00e9m cita um frei e outras figuras religiosas por causa de ora\u00e7\u00f5es, atendimentos espirituais e conversas aparentemente sem nenhum problema que foram transformadas em evid\u00eancias de uma \u201ctrama golpista\u201d \u2013 escreveu ele, em postagem em seu perfil no Instagram.<\/p>\n<p>O ex-l\u00edder do Planalto explicou a compara\u00e7\u00e3o apontando que Ortega \u201ctamb\u00e9m justifica a persegui\u00e7\u00e3o de religiosos e opositores acusando-os de tramarem golpes\u201d.\n<\/p>\n<p>\u2013 Coincid\u00eancia? Que Deus tenha miseric\u00f3rdia do Brasil \u2013 desejou.\n<\/p>\n<p>Bolsonaro se referia aos padres Gen\u00e9sio Lamounier Ramos e Paulo Ricardo. Ambos foram mencionados no relat\u00f3rio final, embora n\u00e3o tenham sido indiciados. Nos trechos, a Pol\u00edcia Federal afirma que o padre Gen\u00e9sio foi recebido por Bolsonaro no Pal\u00e1cio da Alvorada no dia 12 de dezembro de 2022, e teria feito uma ora\u00e7\u00e3o diante de apoiadores do ex-presidente que teria incitado \u201ca realiza\u00e7\u00e3o de um golpe de Estado com a participa\u00e7\u00e3o das For\u00e7as Armadas\u201d.\n<\/p>\n<p>J\u00e1 o padre Paulo Ricardo \u00e9 citado em um e-mail enviado pelo sacerdote Jos\u00e9 Eduardo \u2013 que foi indiciado pela PF no \u00e2mbito do caso \u2013 ao assessor para Assuntos Internacionais de Bolsonaro, Filipe Martins. No e-mail, Jos\u00e9 fala do colega e pede um encontro com o at\u00e9 ent\u00e3o presidente.\n<\/p>\n<p>\u2013 Sabendo da firme posi\u00e7\u00e3o do presidente Jair Bolsonaro em defesa da vida e contra o aborto, Padre Paulo Ricardo de Azevedo J\u00fanior e eu, que estamos h\u00e1 anos engajados no movimento pr\u00f3-vida e conhecemos bem o desenvolvimento dos dispositivos facilitadores do aborto em nossa na\u00e7\u00e3o, gostar\u00edamos de ter uma conversa privada com o presidente para lhe referir algumas iniciativas que podem ser tomadas imediatamente pelo Poder Executivo e que, portanto, s\u00e3o de seu especial interesse \u2013 diz o e-mail.\n<\/p>\n<p>O padre Jos\u00e9 Eduardo \u00e9 acusado de participar de uma reuni\u00e3o realizada em 19 de novembro de 2022 com o objetivo de planejar o suposto golpe. Ao todo, foram indiciadas 37 pessoas, entre elas o ex-presidente Jair Bolsonaro (PL), o general Walter Braga Netto e o presidente do PL, Valdemar Costa Neto.\n<\/p>\n<p>Com mais de 800 p\u00e1ginas, o relat\u00f3rio final do inqu\u00e9rito da Pol\u00edcia Federal (PF), que foi conclu\u00eddo nesta quinta (21), ser\u00e1 enviado ao Supremo Tribunal Federal (STF). A partir de agora, caber\u00e1 \u00e0 Procuradoria-Geral da Rep\u00fablica (PGR) denunciar ou n\u00e3o os indiciados \u00e0 Corte, que vai julg\u00e1-los caso isso aconte\u00e7a.<\/p>\n<p>Fonte: Pleno News              <\/p>\n<\/div>\n<p><br \/>\n<br \/><a href=\"https:\/\/diariodobrasilnoticias.com.br\/noticia\/para-jair-bolsonaro-brasil-esta-perto-de-se-tornar-a-nicaragua-6748757849bed\">Source link <\/a><\/p>","protected":false},"excerpt":{"rendered":"<p>O ex-presidente Jair Bolsonaro (PL) comentou o fato de padres terem sido citados no inqu\u00e9rito que apura uma suposta trama visando um golpe de Estado, e avaliou que o Brasil&hellip;<\/p>","protected":false},"author":1,"featured_media":67445,"comment_status":"closed","ping_status":"open","sticky":false,"template":"","format":"standard","meta":{"content-type":"","footnotes":""},"categories":[16],"tags":[123,2448,5313,1267],"class_list":["post-67444","post","type-post","status-publish","format-standard","has-post-thumbnail","hentry","category-noticias","tag-brasil","tag-diario","tag-noticia","tag-noticias"],"_links":{"self":[{"href":"https:\/\/tvbrazilusa.com\/pt\/wp-json\/wp\/v2\/posts\/67444","targetHints":{"allow":["GET"]}}],"collection":[{"href":"https:\/\/tvbrazilusa.com\/pt\/wp-json\/wp\/v2\/posts"}],"about":[{"href":"https:\/\/tvbrazilusa.com\/pt\/wp-json\/wp\/v2\/types\/post"}],"author":[{"embeddable":true,"href":"https:\/\/tvbrazilusa.com\/pt\/wp-json\/wp\/v2\/users\/1"}],"replies":[{"embeddable":true,"href":"https:\/\/tvbrazilusa.com\/pt\/wp-json\/wp\/v2\/comments?post=67444"}],"version-history":[{"count":1,"href":"https:\/\/tvbrazilusa.com\/pt\/wp-json\/wp\/v2\/posts\/67444\/revisions"}],"predecessor-version":[{"id":67446,"href":"https:\/\/tvbrazilusa.com\/pt\/wp-json\/wp\/v2\/posts\/67444\/revisions\/67446"}],"wp:featuredmedia":[{"embeddable":true,"href":"https:\/\/tvbrazilusa.com\/pt\/wp-json\/wp\/v2\/media\/67445"}],"wp:attachment":[{"href":"https:\/\/tvbrazilusa.com\/pt\/wp-json\/wp\/v2\/media?parent=67444"}],"wp:term":[{"taxonomy":"category","embeddable":true,"href":"https:\/\/tvbrazilusa.com\/pt\/wp-json\/wp\/v2\/categories?post=67444"},{"taxonomy":"post_tag","embeddable":true,"href":"https:\/\/tvbrazilusa.com\/pt\/wp-json\/wp\/v2\/tags?post=67444"}],"curies":[{"name":"wp","href":"https:\/\/api.w.org\/{rel}","templated":true}]}}