{"id":67447,"date":"2024-11-28T15:48:30","date_gmt":"2024-11-28T15:48:30","guid":{"rendered":"https:\/\/tvbrazilusa.com\/2024\/11\/28\/zuckerberg-janta-com-trump-em-mar-a-lago-wsvn-7news-noticias-de-miami-clima-esportes-fort-lauderdale\/"},"modified":"2024-11-28T15:54:16","modified_gmt":"2024-11-28T15:54:16","slug":"zuckerberg-janta-com-trump-em-mar-a-lago-wsvn-7news-noticias-de-miami-clima-esportes-fort-lauderdale","status":"publish","type":"post","link":"https:\/\/tvbrazilusa.com\/pt\/2024\/11\/28\/zuckerberg-janta-com-trump-em-mar-a-lago-wsvn-7news-noticias-de-miami-clima-esportes-fort-lauderdale\/","title":{"rendered":"Zuckerberg janta com Trump em Mar-a-Lago &#8211; WSVN 7News | Not\u00edcias de Miami, clima, esportes | Fort Lauderdale"},"content":{"rendered":"<p> <script async src=\"https:\/\/pagead2.googlesyndication.com\/pagead\/js\/adsbygoogle.js?client=ca-pub-8864793242727901\"\r\n     crossorigin=\"anonymous\"><\/script><br \/>\n<\/p>\n<div itemprop=\"articleBody\">\n<p>FORT LAUDERDALE, Fl\u00f3rida (AP) \u2013 Donald Trump jantou na quarta-feira com o CEO da Meta, Mark Zuckerberg, no clube do presidente eleito Mar-a-Lago, na Fl\u00f3rida, reunindo o fundador do Facebook e o ex-presidente que j\u00e1 foi banido daquela rede social. .<\/p>\n<p>Stephen Miller, nomeado vice-chefe de gabinete para o segundo mandato de Trump, disse que Zuckerberg, como outros l\u00edderes empresariais, quer apoiar os planos econ\u00f3micos de Trump. O CEO da tecnologia tem procurado mudar a percep\u00e7\u00e3o de sua empresa \u00e0 direita, ap\u00f3s um relacionamento dif\u00edcil com Trump.<\/p>\n<p>\u201cMark, obviamente, ele tem seus pr\u00f3prios interesses, tem sua pr\u00f3pria empresa e sua pr\u00f3pria agenda\u201d, disse Miller em entrevista \u00e0 Fox News sobre a reuni\u00e3o. \u201cMas ele deixou claro que quer apoiar a renova\u00e7\u00e3o nacional da Am\u00e9rica sob a lideran\u00e7a de Trump.\u201d<\/p>\n<p>Um porta-voz da Meta confirmou que Zuckerberg e Trump se encontraram na quarta-feira, dizendo que ele foi convidado para jantar com o presidente eleito e outros membros de sua equipe para falar sobre o novo governo.<\/p>\n<p>Trump foi expulso do Facebook ap\u00f3s o ataque de 6 de janeiro de 2021 ao Capit\u00f3lio dos EUA. A empresa restaurou sua conta no in\u00edcio de 2023.<\/p>\n<p>Durante a campanha de 2024, Zuckerberg n\u00e3o apoiou nenhum candidato \u00e0 presid\u00eancia.<\/p>\n<p>Desde ent\u00e3o, Zuckerberg assumiu uma postura mais positiva em rela\u00e7\u00e3o a Trump. No in\u00edcio deste ano, ele elogiou a resposta de Trump \u00e0 sua primeira tentativa de assassinato, chamando-a de \u201cdur\u00e3o\u201d. Zuckerberg tamb\u00e9m reclamou que altos funcion\u00e1rios do governo Biden pressionaram o Facebook para \u201ccensurar\u201d alguns conte\u00fados do COVID-19 durante a pandemia.<\/p>\n<p>Mesmo assim, nos \u00faltimos meses, Trump continuou a atacar Zuckerberg publicamente. Em julho, ele postou uma mensagem em sua pr\u00f3pria rede social, Truth Social, amea\u00e7ando enviar fraudadores eleitorais para a pris\u00e3o, em parte citando um apelido que ele usou para designar o CEO da Meta. \u201cZUCKERBUCKS, tenha cuidado!\u201d Trump escreveu.<\/p>\n<p>A visita da v\u00e9spera do Dia de A\u00e7\u00e3o de Gra\u00e7as tamb\u00e9m ocorre no momento em que o magnata da tecnologia Elon Musk se torna mais influente no movimento Make America Great Again de Trump, contribuindo com cerca de US$ 200 milh\u00f5es por meio de seu comit\u00ea de a\u00e7\u00e3o pol\u00edtica para ajudar a eleger Trump. Musk \u00e9 o bilion\u00e1rio dono da rede social X, concorrente da Meta.<\/p>\n<p>Musk passou um tempo consider\u00e1vel em Mar-a-Lago desde a elei\u00e7\u00e3o, e Trump o escolheu para liderar um painel consultivo externo conhecido como \u201cDepartamento de Efici\u00eancia Governamental\u201d para identificar desperd\u00edcios com Vivek Ramaswamy, um capitalista de risco e ex-candidato presidencial do Partido Republicano.<\/p>\n<p><em>Direitos autorais 2024 da Associated Press. Todos os direitos reservados. Este material n\u00e3o pode ser publicado, transmitido, reescrito ou redistribu\u00eddo.<\/em><\/p>\n<div class=\"wp-block-newsletter\">\n\t<strong class=\"wp-block-newsletter__title\">Cadastre-se em nosso boletim informativo para receber as \u00faltimas not\u00edcias diretamente na sua caixa de entrada<\/strong><\/p>\n<\/div><\/div>\n<p><br \/>\n<br \/><a href=\"https:\/\/wsvn.com\/news\/politics\/zuckerberg-dines-with-trump-in-mar-a-lago\/\">Source link <\/a><\/p>","protected":false},"excerpt":{"rendered":"<p>FORT LAUDERDALE, Fl\u00f3rida (AP) \u2013 Donald Trump jantou na quarta-feira com o CEO da Meta, Mark Zuckerberg, no clube do presidente eleito Mar-a-Lago, na Fl\u00f3rida, reunindo o fundador do Facebook&hellip;<\/p>","protected":false},"author":1,"featured_media":67448,"comment_status":"closed","ping_status":"open","sticky":false,"template":"","format":"standard","meta":{"content-type":"","footnotes":""},"categories":[1],"tags":[],"class_list":["post-67447","post","type-post","status-publish","format-standard","has-post-thumbnail","hentry","category-uncategorized"],"_links":{"self":[{"href":"https:\/\/tvbrazilusa.com\/pt\/wp-json\/wp\/v2\/posts\/67447","targetHints":{"allow":["GET"]}}],"collection":[{"href":"https:\/\/tvbrazilusa.com\/pt\/wp-json\/wp\/v2\/posts"}],"about":[{"href":"https:\/\/tvbrazilusa.com\/pt\/wp-json\/wp\/v2\/types\/post"}],"author":[{"embeddable":true,"href":"https:\/\/tvbrazilusa.com\/pt\/wp-json\/wp\/v2\/users\/1"}],"replies":[{"embeddable":true,"href":"https:\/\/tvbrazilusa.com\/pt\/wp-json\/wp\/v2\/comments?post=67447"}],"version-history":[{"count":1,"href":"https:\/\/tvbrazilusa.com\/pt\/wp-json\/wp\/v2\/posts\/67447\/revisions"}],"predecessor-version":[{"id":67449,"href":"https:\/\/tvbrazilusa.com\/pt\/wp-json\/wp\/v2\/posts\/67447\/revisions\/67449"}],"wp:featuredmedia":[{"embeddable":true,"href":"https:\/\/tvbrazilusa.com\/pt\/wp-json\/wp\/v2\/media\/67448"}],"wp:attachment":[{"href":"https:\/\/tvbrazilusa.com\/pt\/wp-json\/wp\/v2\/media?parent=67447"}],"wp:term":[{"taxonomy":"category","embeddable":true,"href":"https:\/\/tvbrazilusa.com\/pt\/wp-json\/wp\/v2\/categories?post=67447"},{"taxonomy":"post_tag","embeddable":true,"href":"https:\/\/tvbrazilusa.com\/pt\/wp-json\/wp\/v2\/tags?post=67447"}],"curies":[{"name":"wp","href":"https:\/\/api.w.org\/{rel}","templated":true}]}}