{"id":67457,"date":"2024-11-28T16:13:47","date_gmt":"2024-11-28T16:13:47","guid":{"rendered":"https:\/\/tvbrazilusa.com\/2024\/11\/28\/crianca-de-2-anos-morre-apos-acidente-com-maquina-de-lavar\/"},"modified":"2024-11-28T16:13:48","modified_gmt":"2024-11-28T16:13:48","slug":"crianca-de-2-anos-morre-apos-acidente-com-maquina-de-lavar","status":"publish","type":"post","link":"https:\/\/tvbrazilusa.com\/pt\/2024\/11\/28\/crianca-de-2-anos-morre-apos-acidente-com-maquina-de-lavar\/","title":{"rendered":"Crian\u00e7a de 2 anos morre ap\u00f3s acidente com m\u00e1quina de lavar"},"content":{"rendered":"<p> <script async src=\"https:\/\/pagead2.googlesyndication.com\/pagead\/js\/adsbygoogle.js?client=ca-pub-8864793242727901\"\r\n     crossorigin=\"anonymous\"><\/script><br \/>\n<\/p>\n<div id=\"taboola-read-more\" style=\"display:block; width:100%\">\n<p>Uma crian\u00e7a, de 2 anos, morreu ap\u00f3s sofrer um acidente dom\u00e9stico na resid\u00eancia localizada na regi\u00e3o do Alto Bela Vista, na Fercal, no Distrito Federal. As informa\u00e7\u00f5es preliminares indicam que a menina teria ca\u00eddo de uma m\u00e1quina de lavar. O incidente ocorreu nesta quarta-feira (27).\n<\/p>\n<p>Contudo, segundo o relato da av\u00f3 da crian\u00e7a, que se encontrava no local do poss\u00edvel incidente, a menor brincava com o irm\u00e3o, de 4 anos, na \u00e1rea de servi\u00e7o, enquanto ela (a av\u00f3) lavava roupas na m\u00e1quina de lavar.<\/p>\n<p>\u2013 Durante um dos enx\u00e1gues da programa\u00e7\u00e3o do eletrodom\u00e9stico, a \u00e1gua foi vazada pela \u00e1rea onde as crian\u00e7as brincavam e a menina escorregou no ch\u00e3o molhado, o que provocou sua queda e sua cabe\u00e7a bateu contra um pilar \u2013 disse a av\u00f3 aos investigadores.\n<\/p>\n<p>De acordo com a pol\u00edcia, familiares da crian\u00e7a seguiram para o hospital e, no trajeto, encontraram uma viatura do Corpo de Bombeiros Militar. No entanto, os bombeiros constataram o \u00f3bito da menina.\n<\/p>\n<p>O local do acidente dom\u00e9stico foi periciado e o corpo da crian\u00e7a ser\u00e1 submetido a exame de corpo de delito.\n<\/p>\n<p>*AE<\/p>\n<p>Fonte: Pleno News              <\/p>\n<\/div>\n<p><br \/>\n<br \/><a href=\"https:\/\/diariodobrasilnoticias.com.br\/noticia\/crianca-de-2-anos-morre-apos-acidente-com-maquina-de-lavar-67487e88d60b7\">Source link <\/a><\/p>","protected":false},"excerpt":{"rendered":"<p>Uma crian\u00e7a, de 2 anos, morreu ap\u00f3s sofrer um acidente dom\u00e9stico na resid\u00eancia localizada na regi\u00e3o do Alto Bela Vista, na Fercal, no Distrito Federal. As informa\u00e7\u00f5es preliminares indicam que&hellip;<\/p>","protected":false},"author":1,"featured_media":67458,"comment_status":"closed","ping_status":"open","sticky":false,"template":"","format":"standard","meta":{"content-type":"","footnotes":""},"categories":[16],"tags":[123,2448,5313,1267],"class_list":["post-67457","post","type-post","status-publish","format-standard","has-post-thumbnail","hentry","category-noticias","tag-brasil","tag-diario","tag-noticia","tag-noticias"],"_links":{"self":[{"href":"https:\/\/tvbrazilusa.com\/pt\/wp-json\/wp\/v2\/posts\/67457","targetHints":{"allow":["GET"]}}],"collection":[{"href":"https:\/\/tvbrazilusa.com\/pt\/wp-json\/wp\/v2\/posts"}],"about":[{"href":"https:\/\/tvbrazilusa.com\/pt\/wp-json\/wp\/v2\/types\/post"}],"author":[{"embeddable":true,"href":"https:\/\/tvbrazilusa.com\/pt\/wp-json\/wp\/v2\/users\/1"}],"replies":[{"embeddable":true,"href":"https:\/\/tvbrazilusa.com\/pt\/wp-json\/wp\/v2\/comments?post=67457"}],"version-history":[{"count":1,"href":"https:\/\/tvbrazilusa.com\/pt\/wp-json\/wp\/v2\/posts\/67457\/revisions"}],"predecessor-version":[{"id":67459,"href":"https:\/\/tvbrazilusa.com\/pt\/wp-json\/wp\/v2\/posts\/67457\/revisions\/67459"}],"wp:featuredmedia":[{"embeddable":true,"href":"https:\/\/tvbrazilusa.com\/pt\/wp-json\/wp\/v2\/media\/67458"}],"wp:attachment":[{"href":"https:\/\/tvbrazilusa.com\/pt\/wp-json\/wp\/v2\/media?parent=67457"}],"wp:term":[{"taxonomy":"category","embeddable":true,"href":"https:\/\/tvbrazilusa.com\/pt\/wp-json\/wp\/v2\/categories?post=67457"},{"taxonomy":"post_tag","embeddable":true,"href":"https:\/\/tvbrazilusa.com\/pt\/wp-json\/wp\/v2\/tags?post=67457"}],"curies":[{"name":"wp","href":"https:\/\/api.w.org\/{rel}","templated":true}]}}