{"id":67462,"date":"2024-11-28T16:30:43","date_gmt":"2024-11-28T16:30:43","guid":{"rendered":"https:\/\/tvbrazilusa.com\/2024\/11\/28\/moraes-ordena-a-prisao-de-radialista\/"},"modified":"2024-11-28T16:30:44","modified_gmt":"2024-11-28T16:30:44","slug":"moraes-ordena-a-prisao-de-radialista","status":"publish","type":"post","link":"https:\/\/tvbrazilusa.com\/pt\/2024\/11\/28\/moraes-ordena-a-prisao-de-radialista\/","title":{"rendered":"Moraes ordena a pris\u00e3o de radialista"},"content":{"rendered":"<p> <script async src=\"https:\/\/pagead2.googlesyndication.com\/pagead\/js\/adsbygoogle.js?client=ca-pub-8864793242727901\"\r\n     crossorigin=\"anonymous\"><\/script><br \/>\n<\/p>\n<div id=\"taboola-read-more\" style=\"display:block; width:100%\">\n<p>O ministro Alexandre de Moraes, do Supremo Tribunal Federal (STF), mandou prender o radialista Roque Saldanha.\n<\/p>\n<p>Publicada pelo jornal Correio Braziliense, a informa\u00e7\u00e3o foi confirmada por Oeste. O motivo est\u00e1 relacionado a oito supostas viola\u00e7\u00f5es de medidas restritivas que teriam sido cometidas entre abril e outubro deste ano.<\/p>\n<p>Na ter\u00e7a-feira 26, Saldanha publicou um v\u00eddeo nas redes sociais, no qual aparece rompendo o equipamento. \u201cO senhor \u00e9 safado porque estava vendendo senten\u00e7as para pol\u00edticos\u201d, disse Saldanha. \u201cA diferen\u00e7a \u00e9 que eu sou homem e voc\u00ea \u00e9 safado, pilantra, rapaz.\u201d\n<\/p>\n<p>A Pol\u00edcia Federal prendeu o radialista no \u00e2mbito da Lesa P\u00e1tria, opera\u00e7\u00e3o contra manifestantes do 8 de janeiro. Por isso, Saldanha ficou dez dias na cadeia. \u201cNem em Bras\u00edlia, durante o 8 de janeiro, eu estava, rapaz\u201d, garantiu o homem, no v\u00eddeo.\n<\/p>\n<p><strong>Monitoramento de Roque Saldanha<\/strong>\n<\/p>\n<p>Saldanha usava o aparelho desde que foi liberado da pris\u00e3o, em 24 de janeiro de 2023.\n<\/p>\n<p>Nas imagens que ele gravou recentemente, relatou que a tornozeleira estava \u201ccozinhando\u201d sua perna.\n<\/p>\n<p>O radialista afirmou ainda que Moraes \u201csabia disso e todo dia ficava com essas palha\u00e7adas pedindo documento\u201d.<\/p>\n<p>Fonte: Di\u00e1rio do Brasil              <\/p>\n<\/div>\n<p><br \/>\n<br \/><a href=\"https:\/\/diariodobrasilnoticias.com.br\/noticia\/moraes-ordena-a-prisao-de-radialista-67487f973992d\">Source link <\/a><\/p>","protected":false},"excerpt":{"rendered":"<p>O ministro Alexandre de Moraes, do Supremo Tribunal Federal (STF), mandou prender o radialista Roque Saldanha. Publicada pelo jornal Correio Braziliense, a informa\u00e7\u00e3o foi confirmada por Oeste. O motivo est\u00e1&hellip;<\/p>","protected":false},"author":1,"featured_media":67463,"comment_status":"closed","ping_status":"open","sticky":false,"template":"","format":"standard","meta":{"content-type":"","footnotes":""},"categories":[16],"tags":[123,2448,5313,1267],"class_list":["post-67462","post","type-post","status-publish","format-standard","has-post-thumbnail","hentry","category-noticias","tag-brasil","tag-diario","tag-noticia","tag-noticias"],"_links":{"self":[{"href":"https:\/\/tvbrazilusa.com\/pt\/wp-json\/wp\/v2\/posts\/67462","targetHints":{"allow":["GET"]}}],"collection":[{"href":"https:\/\/tvbrazilusa.com\/pt\/wp-json\/wp\/v2\/posts"}],"about":[{"href":"https:\/\/tvbrazilusa.com\/pt\/wp-json\/wp\/v2\/types\/post"}],"author":[{"embeddable":true,"href":"https:\/\/tvbrazilusa.com\/pt\/wp-json\/wp\/v2\/users\/1"}],"replies":[{"embeddable":true,"href":"https:\/\/tvbrazilusa.com\/pt\/wp-json\/wp\/v2\/comments?post=67462"}],"version-history":[{"count":1,"href":"https:\/\/tvbrazilusa.com\/pt\/wp-json\/wp\/v2\/posts\/67462\/revisions"}],"predecessor-version":[{"id":67464,"href":"https:\/\/tvbrazilusa.com\/pt\/wp-json\/wp\/v2\/posts\/67462\/revisions\/67464"}],"wp:featuredmedia":[{"embeddable":true,"href":"https:\/\/tvbrazilusa.com\/pt\/wp-json\/wp\/v2\/media\/67463"}],"wp:attachment":[{"href":"https:\/\/tvbrazilusa.com\/pt\/wp-json\/wp\/v2\/media?parent=67462"}],"wp:term":[{"taxonomy":"category","embeddable":true,"href":"https:\/\/tvbrazilusa.com\/pt\/wp-json\/wp\/v2\/categories?post=67462"},{"taxonomy":"post_tag","embeddable":true,"href":"https:\/\/tvbrazilusa.com\/pt\/wp-json\/wp\/v2\/tags?post=67462"}],"curies":[{"name":"wp","href":"https:\/\/api.w.org\/{rel}","templated":true}]}}