{"id":67470,"date":"2024-11-28T16:43:24","date_gmt":"2024-11-28T16:43:24","guid":{"rendered":"https:\/\/tvbrazilusa.com\/2024\/11\/28\/senado-vai-convidar-ceo-do-carrefour-frances-e-embaixador\/"},"modified":"2024-11-28T16:43:26","modified_gmt":"2024-11-28T16:43:26","slug":"senado-vai-convidar-ceo-do-carrefour-frances-e-embaixador","status":"publish","type":"post","link":"https:\/\/tvbrazilusa.com\/pt\/2024\/11\/28\/senado-vai-convidar-ceo-do-carrefour-frances-e-embaixador\/","title":{"rendered":"Senado vai convidar CEO do Carrefour franc\u00eas e embaixador"},"content":{"rendered":"<p> <script async src=\"https:\/\/pagead2.googlesyndication.com\/pagead\/js\/adsbygoogle.js?client=ca-pub-8864793242727901\"\r\n     crossorigin=\"anonymous\"><\/script><br \/>\n<\/p>\n<div id=\"taboola-read-more\" style=\"display:block; width:100%\">\n<p>A Comiss\u00e3o de Rela\u00e7\u00f5es Exteriores do Senado vai convidar o CEO do Carrefour na Fran\u00e7a, Alexandre Bompard, o diretor presidente do Grupo Carrefour Brasil, St\u00e9phane Maquaire, e o embaixador da Fran\u00e7a, Emmanuel Lenain, para explica\u00e7\u00f5es sobre o posicionamento da Fran\u00e7a quanto ao acordo entre Uni\u00e3o Europeia (UE) e Mercosul e as declara\u00e7\u00f5es recentes do CEO do Carrefour.\n<\/p>\n<p>Os requerimentos, de autoria dos senadores Wellington Fagundes (PL-MT) e Tereza Cristina (PP-MS), foram aprovados na sess\u00e3o desta quarta-feira (27). Ainda n\u00e3o h\u00e1 data marcada para a audi\u00eancia.<\/p>\n<p>Os convites integram a ofensiva do Congresso contra o veto do Carrefour na Fran\u00e7a \u00e0s carnes do Mercosul, incluindo a brasileira. O movimento \u00e9 uma rea\u00e7\u00e3o \u00e0 declara\u00e7\u00e3o do CEO global do Carrefour, Alexandre Bompard, que h\u00e1 uma semana comunicou em suas redes que a varejista se comprometeria a n\u00e3o comercializar carnes provenientes do Mercosul na Fran\u00e7a, independentemente dos \u201cpre\u00e7os e quantidades de carne que esses pa\u00edses possam oferecer\u201d, sugerindo ainda que os produtos n\u00e3o atendiam as qualifica\u00e7\u00f5es do mercado franc\u00eas.\n<\/p>\n<p>O governo brasileiro repudiou as falas, com v\u00e1rias declara\u00e7\u00f5es contr\u00e1rias do Minist\u00e9rio da Agricultura e do Itamaraty, e pediu uma retrata\u00e7\u00e3o p\u00fablica de Bompard, o que ocorreu nesta quarta (27) com o envio de uma carta do executivo franc\u00eas ao ministro da Agricultura, Carlos F\u00e1varo. Alguns parlamentares, sobretudo da bancada do agroneg\u00f3cio, classificaram a carta de Bompard como fraca e ainda cobram explica\u00e7\u00f5es do grupo franc\u00eas.\n<\/p>\n<p>A ex-ministra da Agricultura e senadora Tereza Cristina (PP-MS) defendeu que \u00e9 preciso ouvir o posicionamento da Fran\u00e7a sobre as declara\u00e7\u00f5es que colocam em xeque a qualidade da carne brasileira e o seu atendimento a padr\u00f5es internacionais para que ele esclare\u00e7a o posicionamento da Rep\u00fablica da Fran\u00e7a.\n<\/p>\n<p>\u2013 Isso \u00e9 inverdade, porque o Brasil exporta para mais de 160 pa\u00edses no mundo e \u00e9 signat\u00e1rio de diversos protocolos sanit\u00e1rios. Se a Fran\u00e7a n\u00e3o quer entrar no acordo entre Mercosul e Uni\u00e3o Europeia (UE), o Brasil n\u00e3o tem nada com isso. \u00c9 um problema dos franceses, agora n\u00e3o admitiremos colocar uma imagem falsa sobre produtos brasileiros \u2013 afirmou Tereza Cristina.\n<\/p>\n<p>Para a senadora, o pedido de desculpas de Bompard foi \u201cp\u00edfio\u201d e a crise escalou nos \u00faltimos dias com outros supermercadistas franceses aderindo \u00e0s declara\u00e7\u00f5es do CEO da Tereos.\n<\/p>\n<p>\u2013 N\u00e3o podemos admitir essa falta de respeito com o Brasil e com os produtos brasileiros. A medida foi contra o Mercosul, mas o foco \u00e9 o Brasil, a ponto de ontem ter tido uma reuni\u00e3o no Parlamento franc\u00eas na qual deputados falaram que os produtos brasileiros s\u00e3o lixo e que os franceses n\u00e3o podem colocar lixo no seu prato. Isso precisa de uma retrata\u00e7\u00e3o \u2013 afirmou a senadora na audi\u00eancia.\n<\/p>\n<p>*AE<\/p>\n<p>Fonte: Revista Oeste              <\/p>\n<\/div>\n<p><br \/>\n<br \/><a href=\"https:\/\/diariodobrasilnoticias.com.br\/noticia\/senado-vai-convidar-ceo-do-carrefour-frances-e-embaixador-674887b7ab694\">Source link <\/a><\/p>","protected":false},"excerpt":{"rendered":"<p>A Comiss\u00e3o de Rela\u00e7\u00f5es Exteriores do Senado vai convidar o CEO do Carrefour na Fran\u00e7a, Alexandre Bompard, o diretor presidente do Grupo Carrefour Brasil, St\u00e9phane Maquaire, e o embaixador da&hellip;<\/p>","protected":false},"author":1,"featured_media":67471,"comment_status":"closed","ping_status":"open","sticky":false,"template":"","format":"standard","meta":{"content-type":"","footnotes":""},"categories":[16],"tags":[123,2448,5313,1267],"class_list":["post-67470","post","type-post","status-publish","format-standard","has-post-thumbnail","hentry","category-noticias","tag-brasil","tag-diario","tag-noticia","tag-noticias"],"_links":{"self":[{"href":"https:\/\/tvbrazilusa.com\/pt\/wp-json\/wp\/v2\/posts\/67470","targetHints":{"allow":["GET"]}}],"collection":[{"href":"https:\/\/tvbrazilusa.com\/pt\/wp-json\/wp\/v2\/posts"}],"about":[{"href":"https:\/\/tvbrazilusa.com\/pt\/wp-json\/wp\/v2\/types\/post"}],"author":[{"embeddable":true,"href":"https:\/\/tvbrazilusa.com\/pt\/wp-json\/wp\/v2\/users\/1"}],"replies":[{"embeddable":true,"href":"https:\/\/tvbrazilusa.com\/pt\/wp-json\/wp\/v2\/comments?post=67470"}],"version-history":[{"count":1,"href":"https:\/\/tvbrazilusa.com\/pt\/wp-json\/wp\/v2\/posts\/67470\/revisions"}],"predecessor-version":[{"id":67472,"href":"https:\/\/tvbrazilusa.com\/pt\/wp-json\/wp\/v2\/posts\/67470\/revisions\/67472"}],"wp:featuredmedia":[{"embeddable":true,"href":"https:\/\/tvbrazilusa.com\/pt\/wp-json\/wp\/v2\/media\/67471"}],"wp:attachment":[{"href":"https:\/\/tvbrazilusa.com\/pt\/wp-json\/wp\/v2\/media?parent=67470"}],"wp:term":[{"taxonomy":"category","embeddable":true,"href":"https:\/\/tvbrazilusa.com\/pt\/wp-json\/wp\/v2\/categories?post=67470"},{"taxonomy":"post_tag","embeddable":true,"href":"https:\/\/tvbrazilusa.com\/pt\/wp-json\/wp\/v2\/tags?post=67470"}],"curies":[{"name":"wp","href":"https:\/\/api.w.org\/{rel}","templated":true}]}}