{"id":67483,"date":"2024-11-28T17:07:15","date_gmt":"2024-11-28T17:07:15","guid":{"rendered":"https:\/\/tvbrazilusa.com\/2024\/11\/28\/moraes-afirma-que-nao-ha-boa-vontade-das-plataformas-em-retirar-perfis-falsos\/"},"modified":"2024-11-28T17:07:17","modified_gmt":"2024-11-28T17:07:17","slug":"moraes-afirma-que-nao-ha-boa-vontade-das-plataformas-em-retirar-perfis-falsos","status":"publish","type":"post","link":"https:\/\/tvbrazilusa.com\/pt\/2024\/11\/28\/moraes-afirma-que-nao-ha-boa-vontade-das-plataformas-em-retirar-perfis-falsos\/","title":{"rendered":"Moraes afirma que \u2018n\u00e3o h\u00e1 boa vontade das plataformas em retirar perfis falsos\u2019"},"content":{"rendered":"<p> <script async src=\"https:\/\/pagead2.googlesyndication.com\/pagead\/js\/adsbygoogle.js?client=ca-pub-8864793242727901\"\r\n     crossorigin=\"anonymous\"><\/script><br \/>\n<\/p>\n<div>\n<figure class=\"post-image\">\n<\/figure>\n<p>            <span style=\"font-size: 12px\">Cr\u00e9ditos: Rosinei Coutinho\/STF<\/span><\/p>\n<p>            <!-- end metas --><br \/>\n            <!-- ADS --><\/p>\n<div id=\"taboola-read-more\" style=\"display:block; width:100%\">\n<p>O ministro Alexandre de Moraes, do STF (Supremo Tribunal Federal), afirmou nesta quarta-feira (27) que as plataformas dificultam e ignoram quando h\u00e1 um pedido para retirar do ar um perfil falso. A declara\u00e7\u00e3o foi dada em sess\u00e3o da Corte que analisa a\u00e7\u00f5es que discutem a responsabiliza\u00e7\u00e3o das redes sociais no Brasil.\u00a0\n<\/p>\n<p>\u201cN\u00e3o tenho redes sociais e eu tenho 20 perfis e tenho que ficar correndo atr\u00e1s. \u00c9 t\u00e3o \u00f3bvio para plataforma que o perfil n\u00e3o \u00e9 meu porque s\u00f3 me criticam nesses perfis. Essa quest\u00e3o \u00e9 muito importante. N\u00e3o h\u00e1 boa vontade das plataformas em retirar\u201d, disse.<\/p>\n<p>Logo depois, o ministro brincou e disse que est\u00e1 autorizado a tirar todos os perfis falsos dele sem decis\u00e3o judicial. De forma descontra\u00edda, os ministros Dias Toffoli e Lu\u00eds Roberto Barroso \u201cpegaram a carona\u201d e autorizaram tamb\u00e9m.\n<\/p>\n<p>Os ministros analisam processos que questionam regras do Marco Civil da Internet. Em um deles, a discuss\u00e3o \u00e9 sobre a exig\u00eancia de ordem judicial pr\u00e9via e espec\u00edfica de exclus\u00e3o de conte\u00fado para a responsabiliza\u00e7\u00e3o civil de provedores de internet, websites e gestores de redes sociais por danos decorrentes de atos il\u00edcitos praticados por terceiros.\n<\/p>\n<p>O recurso foi apresentado pelo Facebook contra decis\u00e3o da Segunda Turma Recursal C\u00edvel do Col\u00e9gio Recursal de Piracicaba (SP) que condenou a rede social a excluir o perfil falso de uma pessoa que entrou com a\u00e7\u00e3o na Justi\u00e7a e a pagar indeniza\u00e7\u00e3o por danos morais.\n<\/p>\n<p>Outro recurso foi apresentado pela Google Brasil e discute a responsabilidade de provedores de aplicativos ou de ferramentas de internet pelo conte\u00fado gerado pelos usu\u00e1rios e a possibilidade de remo\u00e7\u00e3o de conte\u00fados que possam ofender direitos de personalidade, incitar o \u00f3dio ou difundir not\u00edcias fraudulentas a partir de notifica\u00e7\u00e3o extrajudicial.\n<\/p>\n<p>Com informa\u00e7\u00f5es de R7              <\/p>\n<\/div>\n<p>                        <!-- Scripts para conteudo --><\/p>\n<p>            <!-- .\/Scripts para conteudo --><br \/>\n            <!-- .\/Mat\u00e9ria --><\/p>\n<div class=\"row mt-3\">\n<div class=\"col-sm-6\">\n                <!-- Whatsapp channel 3--><br \/>\n                <a href=\"https:\/\/chat.whatsapp.com\/J6hwSKYns5B0XFowx2wZ0P\" target=\"_blank\"><br \/>\n                  <img decoding=\"async\" src=\"https:\/\/diariodobrasilnoticias.com.br\/assets-site\/images\/bot_whatsapp.png\"\/><\/a>\n              <\/div>\n<div class=\"col-sm-6\">\n                <a href=\"https:\/\/t.me\/+_4gTmi5LKo03OTM5\" target=\"_blank\"><br \/>\n                  <img decoding=\"async\" src=\"https:\/\/diariodobrasilnoticias.com.br\/assets-site\/images\/bot_telegram.png\"\/><\/a>\n              <\/div>\n<\/p><\/div>\n<p>            <!-- end post-navigation --><\/p>\n<p>              <!-- end row --><\/p>\n<p>              <!-- end col-12-->\n                      <\/div>\n<p><br \/>\n<br \/><a href=\"https:\/\/diariodobrasilnoticias.com.br\/noticia\/moraes-afirma-que-nao-ha-boa-vontade-das-plataformas-em-retirar-perfis-falsos-6748883dad1b6\">Source link <\/a><\/p>","protected":false},"excerpt":{"rendered":"<p>Cr\u00e9ditos: Rosinei Coutinho\/STF O ministro Alexandre de Moraes, do STF (Supremo Tribunal Federal), afirmou nesta quarta-feira (27) que as plataformas dificultam e ignoram quando h\u00e1 um pedido para retirar do&hellip;<\/p>","protected":false},"author":1,"featured_media":67484,"comment_status":"closed","ping_status":"open","sticky":false,"template":"","format":"standard","meta":{"content-type":"","footnotes":""},"categories":[16],"tags":[123,2448,5313,1267],"class_list":["post-67483","post","type-post","status-publish","format-standard","has-post-thumbnail","hentry","category-noticias","tag-brasil","tag-diario","tag-noticia","tag-noticias"],"_links":{"self":[{"href":"https:\/\/tvbrazilusa.com\/pt\/wp-json\/wp\/v2\/posts\/67483","targetHints":{"allow":["GET"]}}],"collection":[{"href":"https:\/\/tvbrazilusa.com\/pt\/wp-json\/wp\/v2\/posts"}],"about":[{"href":"https:\/\/tvbrazilusa.com\/pt\/wp-json\/wp\/v2\/types\/post"}],"author":[{"embeddable":true,"href":"https:\/\/tvbrazilusa.com\/pt\/wp-json\/wp\/v2\/users\/1"}],"replies":[{"embeddable":true,"href":"https:\/\/tvbrazilusa.com\/pt\/wp-json\/wp\/v2\/comments?post=67483"}],"version-history":[{"count":1,"href":"https:\/\/tvbrazilusa.com\/pt\/wp-json\/wp\/v2\/posts\/67483\/revisions"}],"predecessor-version":[{"id":67485,"href":"https:\/\/tvbrazilusa.com\/pt\/wp-json\/wp\/v2\/posts\/67483\/revisions\/67485"}],"wp:featuredmedia":[{"embeddable":true,"href":"https:\/\/tvbrazilusa.com\/pt\/wp-json\/wp\/v2\/media\/67484"}],"wp:attachment":[{"href":"https:\/\/tvbrazilusa.com\/pt\/wp-json\/wp\/v2\/media?parent=67483"}],"wp:term":[{"taxonomy":"category","embeddable":true,"href":"https:\/\/tvbrazilusa.com\/pt\/wp-json\/wp\/v2\/categories?post=67483"},{"taxonomy":"post_tag","embeddable":true,"href":"https:\/\/tvbrazilusa.com\/pt\/wp-json\/wp\/v2\/tags?post=67483"}],"curies":[{"name":"wp","href":"https:\/\/api.w.org\/{rel}","templated":true}]}}