{"id":67827,"date":"2024-11-29T15:15:53","date_gmt":"2024-11-29T15:15:53","guid":{"rendered":"https:\/\/tvbrazilusa.com\/2024\/11\/29\/saiba-quem-e-o-ex-secretario-de-doria-e-de-covas-preso-por-suspeita-de-desvios-na-saude-2\/"},"modified":"2024-11-29T15:15:54","modified_gmt":"2024-11-29T15:15:54","slug":"saiba-quem-e-o-ex-secretario-de-doria-e-de-covas-preso-por-suspeita-de-desvios-na-saude-2","status":"publish","type":"post","link":"https:\/\/tvbrazilusa.com\/pt\/2024\/11\/29\/saiba-quem-e-o-ex-secretario-de-doria-e-de-covas-preso-por-suspeita-de-desvios-na-saude-2\/","title":{"rendered":"Saiba quem \u00e9 o ex-secret\u00e1rio de D\u00f3ria e de Covas preso por suspeita de desvios na Sa\u00fade"},"content":{"rendered":"<p> <script async src=\"https:\/\/pagead2.googlesyndication.com\/pagead\/js\/adsbygoogle.js?client=ca-pub-8864793242727901\"\r\n     crossorigin=\"anonymous\"><\/script><br \/>\n<\/p>\n<div id=\"taboola-read-more\" style=\"display:block; width:100%\">\n<p>O secret\u00e1rio municipal de Sa\u00fade de Goi\u00e2nia (GO), o m\u00e9dico Wilson Pollara, foi preso na \u00faltima quarta-feira (27) durante a opera\u00e7\u00e3o Comorbidade, que cumpriu tr\u00eas mandados de pris\u00e3o tempor\u00e1ria e oito de busca e apreens\u00e3o por suspeita de associa\u00e7\u00e3o criminosa e irregularidades no pagamento de contratos de servi\u00e7os.\n<\/p>\n<p>Segundo a investiga\u00e7\u00e3o do Grupo de Atua\u00e7\u00e3o Especializada no Patrim\u00f4nio P\u00fablico (Gaepp), do Minist\u00e9rio P\u00fablico de Goi\u00e1s (MP-GO), as vantagens indevidas oferecidas em contratos provocaram preju\u00edzo aos cofres p\u00fablicos e no atendimento da popula\u00e7\u00e3o na capital goiana, que atravessa uma crise estrutural na rede de sa\u00fade.<\/p>\n<p>Entre as irregularidades apontadas pelos promotores est\u00e3o diverg\u00eancias na ordem cronol\u00f3gica entre servi\u00e7os e pagamentos. Al\u00e9m do secret\u00e1rio de Sa\u00fade, o diretor financeiro da pasta e o secret\u00e1rio executivo foram detidos. Nas resid\u00eancias dos alvos dos mandados de pris\u00e3o e de um empres\u00e1rio foram encontrados R$ 20 mil em dinheiro, de acordo com o MP-GO.\n<\/p>\n<p>Pollara assumiu o cargo de secret\u00e1rio da Sa\u00fade na gest\u00e3o do prefeito goianiense Rog\u00e9rio Cruz (Solidariedade) em setembro de 2023, quando chegou \u00e0 capital com o status de ex-secret\u00e1rio paulistano nas gest\u00f5es tucanas de Jo\u00e3o Doria e Bruno Covas entre 2017 e 2018. Ele deixou o cargo para coordenar o plano de governo de Doria na \u00e1rea da sa\u00fade durante a campanha ao governo paulista, vencida pelo tucano naquele ano.\n<\/p>\n<p>Apesar do curr\u00edculo, Pollara foi afastado por tr\u00eas meses do cargo pelo Tribunal de Contas dos Munic\u00edpios de Goi\u00e1s (TCM-GO), em julho deste ano, sob suspeita de m\u00e1-f\u00e9 na tentativa de contratar funcion\u00e1rios e ambul\u00e2ncias para o Servi\u00e7o de Atendimento M\u00f3vel de Urg\u00eancia (Samu) em Goi\u00e2nia.\n<\/p>\n<p>Paralelamente \u00e0 atua\u00e7\u00e3o do esquema criminoso, a rede p\u00fablica de sa\u00fade da capital enfrenta uma crise de gest\u00e3o multifatorial sem precedentes.\n<\/p>\n<p>Apontamento que integra a investiga\u00e7\u00e3o do Minist\u00e9rio P\u00fablico de Goi\u00e1s<br \/>Antes do afastamento, o deputado estadual Cl\u00e9cio Alves (Republicanos) apresentou um projeto de lei, em mar\u00e7o, para conceder o T\u00edtulo de Cidadania Goiana a Wilson Pollara. Ap\u00f3s as primeiras den\u00fancias contra o secret\u00e1rio da Sa\u00fade, o projeto de lei foi arquivado.\n<\/p>\n<p>Ap\u00f3s a pris\u00e3o do m\u00e9dico, o prefeito Rog\u00e9rio Cruz anunciou o nome de Cynara Mathias Costa como nova secret\u00e1ria da Sa\u00fade. Ela e outros dois servidores de carreira assumem os cargos ocupados pelos alvos da opera\u00e7\u00e3o Comorbidade. \u201cA prefeitura refor\u00e7a que est\u00e1 colaborando plenamente com as investiga\u00e7\u00f5es e tomar\u00e1 todas as medidas administrativas cab\u00edveis conforme desdobramento das apura\u00e7\u00f5es\u201d, afirma a atual gest\u00e3o.\n<\/p>\n<p>Wilson Pollara foi convidado por Pablo Mar\u00e7al para assumir Secretaria da Sa\u00fade<br \/>Durante a campanha eleitoral 2024, Pollara voltou aos holofotes na capital paulista no primeiro turno. Ent\u00e3o candidato a prefeito de S\u00e3o Paulo, o empres\u00e1rio e influenciador Pablo Mar\u00e7al anunciou o m\u00e9dico como o poss\u00edvel secret\u00e1rio municipal de Sa\u00fade, se fosse eleito.\n<\/p>\n<p>Questionado sobre desgastes gerados pela indica\u00e7\u00e3o de Pollara, Mar\u00e7al respondeu que \u201cpara quem quer governar, desgaste \u00e9 caf\u00e9 da manh\u00e3, almo\u00e7o e jantar\u201d. O candidato refor\u00e7ou que se fossem comprovadas quaisquer irregularidades durante a gest\u00e3o de Pollara em Goi\u00e2nia, o nome dele seria retirado da equipe numa eventual gest\u00e3o paulistana.\n<\/p>\n<p>MP aponta crise de gest\u00e3o na sa\u00fade e viola\u00e7\u00e3o de direito fundamental<br \/>Segundo a investiga\u00e7\u00e3o do MP-GO, os supostos envolvidos no esquema deixaram de repassar as verbas p\u00fablicas previstas em conv\u00eanios e recursos destinados \u00e0s entidades terceirizadas respons\u00e1veis pela gest\u00e3o de unidades hospitalares e maternidades. Entre elas, est\u00e1 a Funda\u00e7\u00e3o de Apoio ao Hospital das Cl\u00ednicas (Fundahc) que, conforme os promotores, atingiu o passivo de R$ 121,8 milh\u00f5es junto a fornecedores, sem condi\u00e7\u00f5es de manter o funcionamento de forma regular.\n<\/p>\n<p>\u201cParalelamente \u00e0 atua\u00e7\u00e3o do esquema criminoso, a rede p\u00fablica de sa\u00fade da capital enfrenta uma crise de gest\u00e3o multifatorial sem precedentes, caracterizada pela desestrutura\u00e7\u00e3o progressiva da assist\u00eancia hospitalar, restri\u00e7\u00e3o ao acesso a leitos de enfermaria e UTI, falta de in\u00fameros itens b\u00e1sicos, interrup\u00e7\u00e3o de servi\u00e7os essenciais, graves defici\u00eancias em pol\u00edticas p\u00fablicas de assist\u00eancia b\u00e1sica, descumprimento reiterado de decis\u00f5es judiciais, frustra\u00e7\u00e3o e burla deliberada \u00e0 atua\u00e7\u00e3o dos \u00f3rg\u00e3os de controle externo, al\u00e9m de ind\u00edcios de irregularidades em diversas contrata\u00e7\u00f5es\u201d, aponta o MP-GO.\n<\/p>\n<p>O \u00f3rg\u00e3o acrescenta que \u201cessa situa\u00e7\u00e3o resulta em viola\u00e7\u00e3o massiva de direitos fundamentais, especialmente dos direitos \u00e0 vida e \u00e0 sa\u00fade da popula\u00e7\u00e3o dependente do Sistema \u00danico de Sa\u00fade [SUS]\u201d.\n<\/p>\n<p>Em nota enviada \u00e0 Gazeta do Povo, o advogado Thiago Peres disse que entrou com o pedido de habeas corpus em favor do m\u00e9dico sob a justificativa de que ele n\u00e3o representa risco \u00e0 investiga\u00e7\u00e3o. Al\u00e9m disso, Peres argumenta que a pr\u00f3pria decis\u00e3o judicial prev\u00ea \u201cmedidas suficientes\u201d para assegurar o curso do processo.\n<\/p>\n<p>\u201cDentre as medidas adotadas destacam-se o afastamento do cargo, a suspens\u00e3o do exerc\u00edcio de suas fun\u00e7\u00f5es, a proibi\u00e7\u00e3o de sua entrada em pr\u00e9dios relacionados \u00e0 presta\u00e7\u00e3o de servi\u00e7os de sa\u00fade e a restri\u00e7\u00e3o de contato com testemunhas ou outros investigados. Portanto, a defesa entende que a pris\u00e3o tempor\u00e1ria de Pollara \u00e9 desnecess\u00e1ria\u201d, defende.\n<\/p>\n<p>O advogado ainda informa que aguarda a realiza\u00e7\u00e3o da audi\u00eancia de cust\u00f3dia, assim como a an\u00e1lise do pedido de habeas corpus. \u201cA defesa reitera sua convic\u00e7\u00e3o de que, ao longo do processo, ser\u00e1 comprovada a inoc\u00eancia de seu cliente em rela\u00e7\u00e3o \u00e0s acusa\u00e7\u00f5es levantadas de forma precipitada pelo Minist\u00e9rio P\u00fablico de Goi\u00e1s\u201d, comenta.<\/p>\n<p>Fonte: Gazeta do Povo              <\/p>\n<\/div>\n<p><br \/>\n<br \/><a href=\"https:\/\/diariodobrasilnoticias.com.br\/noticia\/saiba-quem-e-o-ex-secretario-de-doria-e-de-covas-preso-por-suspeita-de-desvios-na-saude-6749b7e7ceeec\">Source link <\/a><\/p>","protected":false},"excerpt":{"rendered":"<p>O secret\u00e1rio municipal de Sa\u00fade de Goi\u00e2nia (GO), o m\u00e9dico Wilson Pollara, foi preso na \u00faltima quarta-feira (27) durante a opera\u00e7\u00e3o Comorbidade, que cumpriu tr\u00eas mandados de pris\u00e3o tempor\u00e1ria e&hellip;<\/p>","protected":false},"author":1,"featured_media":67764,"comment_status":"closed","ping_status":"open","sticky":false,"template":"","format":"standard","meta":{"content-type":"","footnotes":""},"categories":[16],"tags":[123,2448,5313,1267],"class_list":["post-67827","post","type-post","status-publish","format-standard","has-post-thumbnail","hentry","category-noticias","tag-brasil","tag-diario","tag-noticia","tag-noticias"],"_links":{"self":[{"href":"https:\/\/tvbrazilusa.com\/pt\/wp-json\/wp\/v2\/posts\/67827","targetHints":{"allow":["GET"]}}],"collection":[{"href":"https:\/\/tvbrazilusa.com\/pt\/wp-json\/wp\/v2\/posts"}],"about":[{"href":"https:\/\/tvbrazilusa.com\/pt\/wp-json\/wp\/v2\/types\/post"}],"author":[{"embeddable":true,"href":"https:\/\/tvbrazilusa.com\/pt\/wp-json\/wp\/v2\/users\/1"}],"replies":[{"embeddable":true,"href":"https:\/\/tvbrazilusa.com\/pt\/wp-json\/wp\/v2\/comments?post=67827"}],"version-history":[{"count":1,"href":"https:\/\/tvbrazilusa.com\/pt\/wp-json\/wp\/v2\/posts\/67827\/revisions"}],"predecessor-version":[{"id":67828,"href":"https:\/\/tvbrazilusa.com\/pt\/wp-json\/wp\/v2\/posts\/67827\/revisions\/67828"}],"wp:featuredmedia":[{"embeddable":true,"href":"https:\/\/tvbrazilusa.com\/pt\/wp-json\/wp\/v2\/media\/67764"}],"wp:attachment":[{"href":"https:\/\/tvbrazilusa.com\/pt\/wp-json\/wp\/v2\/media?parent=67827"}],"wp:term":[{"taxonomy":"category","embeddable":true,"href":"https:\/\/tvbrazilusa.com\/pt\/wp-json\/wp\/v2\/categories?post=67827"},{"taxonomy":"post_tag","embeddable":true,"href":"https:\/\/tvbrazilusa.com\/pt\/wp-json\/wp\/v2\/tags?post=67827"}],"curies":[{"name":"wp","href":"https:\/\/api.w.org\/{rel}","templated":true}]}}