{"id":67835,"date":"2024-11-29T15:27:54","date_gmt":"2024-11-29T15:27:54","guid":{"rendered":"https:\/\/tvbrazilusa.com\/2024\/11\/29\/mais-um-recorde-dolar-abre-em-alta-confira\/"},"modified":"2024-11-29T15:27:56","modified_gmt":"2024-11-29T15:27:56","slug":"mais-um-recorde-dolar-abre-em-alta-confira","status":"publish","type":"post","link":"https:\/\/tvbrazilusa.com\/pt\/2024\/11\/29\/mais-um-recorde-dolar-abre-em-alta-confira\/","title":{"rendered":"MAIS UM RECORDE: D\u00f3lar abre em alta; Confira"},"content":{"rendered":"<p> <script async src=\"https:\/\/pagead2.googlesyndication.com\/pagead\/js\/adsbygoogle.js?client=ca-pub-8864793242727901\"\r\n     crossorigin=\"anonymous\"><\/script><br \/>\n<\/p>\n<div>\n<p>O d\u00f3lar iniciou o preg\u00e3o desta sexta-feira (29), \u00faltimo dia de novembro, em alta, com o cen\u00e1rio fiscal do Brasil ainda em destaque. Nos primeiros minutos de negocia\u00e7\u00e3o, a moeda americana superou pela primeira vez a marca de R$ 6, valor atingido tamb\u00e9m no dia anterior.\n<\/p>\n<p>A press\u00e3o sobre os ativos brasileiros segue relacionada aos an\u00fancios feitos pelo ministro da Fazenda, Fernando Haddad, na \u00faltima quarta-feira (27) e detalhados ontem. O governo federal enviar\u00e1 ao Congresso um pacote de medidas com o objetivo de reduzir em R$ 70 bilh\u00f5es os gastos p\u00fablicos nos anos de 2025 e 2026, e em R$ 327 bilh\u00f5es at\u00e9 2030.<\/p>\n<p>Entre as medidas, est\u00e3o altera\u00e7\u00f5es no sal\u00e1rio-m\u00ednimo, nos programas sociais, na aposentadoria de militares, nas emendas parlamentares, al\u00e9m de outros ajustes. O pacote, amplamente aguardado pelo mercado, foi inicialmente bem recebido, especialmente os cortes de R$ 70 bilh\u00f5es. Contudo, a inclus\u00e3o de uma proposta de isen\u00e7\u00e3o do imposto de renda para pessoas com rendimentos de at\u00e9 R$ 5 mil gerou ceticismo quanto \u00e0 efetividade dos cortes. Haddad afirmou que a isen\u00e7\u00e3o custar\u00e1 cerca de R$ 35 bilh\u00f5es ao governo, mas a compensa\u00e7\u00e3o dessa perda fiscal seria buscada por meio de uma maior tributa\u00e7\u00e3o sobre os mais ricos, com a cria\u00e7\u00e3o de uma al\u00edquota de at\u00e9 10% para quem recebe mais de R$ 50 mil.\n<\/p>\n<p>\u00c0s 09h15, o d\u00f3lar subia 0,87%, cotado a R$ 6,0410. Na m\u00e1xima do dia, chegou a R$ 6,0550. Na v\u00e9spera, a moeda subiu 1,30%, cotada a R$ 5,9891, e atingiu R$ 6,0029 na m\u00e1xima. Com esse resultado, o d\u00f3lar acumulou alta de 3,02% na semana, 3,59% no m\u00eas e 23,42% no ano.\n<\/p>\n<\/div>\n<p><br \/>\n<br \/><a href=\"https:\/\/diariodobrasilnoticias.com.br\/noticia\/mais-um-recorde-dolar-abre-em-alta-confira-6749b712c22c7\">Source link <\/a><\/p>","protected":false},"excerpt":{"rendered":"<p>O d\u00f3lar iniciou o preg\u00e3o desta sexta-feira (29), \u00faltimo dia de novembro, em alta, com o cen\u00e1rio fiscal do Brasil ainda em destaque. Nos primeiros minutos de negocia\u00e7\u00e3o, a moeda&hellip;<\/p>","protected":false},"author":1,"featured_media":67836,"comment_status":"closed","ping_status":"open","sticky":false,"template":"","format":"standard","meta":{"content-type":"","footnotes":""},"categories":[16],"tags":[123,2448,5313,1267],"class_list":["post-67835","post","type-post","status-publish","format-standard","has-post-thumbnail","hentry","category-noticias","tag-brasil","tag-diario","tag-noticia","tag-noticias"],"_links":{"self":[{"href":"https:\/\/tvbrazilusa.com\/pt\/wp-json\/wp\/v2\/posts\/67835","targetHints":{"allow":["GET"]}}],"collection":[{"href":"https:\/\/tvbrazilusa.com\/pt\/wp-json\/wp\/v2\/posts"}],"about":[{"href":"https:\/\/tvbrazilusa.com\/pt\/wp-json\/wp\/v2\/types\/post"}],"author":[{"embeddable":true,"href":"https:\/\/tvbrazilusa.com\/pt\/wp-json\/wp\/v2\/users\/1"}],"replies":[{"embeddable":true,"href":"https:\/\/tvbrazilusa.com\/pt\/wp-json\/wp\/v2\/comments?post=67835"}],"version-history":[{"count":1,"href":"https:\/\/tvbrazilusa.com\/pt\/wp-json\/wp\/v2\/posts\/67835\/revisions"}],"predecessor-version":[{"id":67837,"href":"https:\/\/tvbrazilusa.com\/pt\/wp-json\/wp\/v2\/posts\/67835\/revisions\/67837"}],"wp:featuredmedia":[{"embeddable":true,"href":"https:\/\/tvbrazilusa.com\/pt\/wp-json\/wp\/v2\/media\/67836"}],"wp:attachment":[{"href":"https:\/\/tvbrazilusa.com\/pt\/wp-json\/wp\/v2\/media?parent=67835"}],"wp:term":[{"taxonomy":"category","embeddable":true,"href":"https:\/\/tvbrazilusa.com\/pt\/wp-json\/wp\/v2\/categories?post=67835"},{"taxonomy":"post_tag","embeddable":true,"href":"https:\/\/tvbrazilusa.com\/pt\/wp-json\/wp\/v2\/tags?post=67835"}],"curies":[{"name":"wp","href":"https:\/\/api.w.org\/{rel}","templated":true}]}}