{"id":67844,"date":"2024-11-29T15:45:26","date_gmt":"2024-11-29T15:45:26","guid":{"rendered":"https:\/\/tvbrazilusa.com\/2024\/11\/29\/ex-jogador-do-palmeiras-volta-a-ser-preso-por-acusacoes-de-estupro\/"},"modified":"2024-11-29T15:45:27","modified_gmt":"2024-11-29T15:45:27","slug":"ex-jogador-do-palmeiras-volta-a-ser-preso-por-acusacoes-de-estupro","status":"publish","type":"post","link":"https:\/\/tvbrazilusa.com\/pt\/2024\/11\/29\/ex-jogador-do-palmeiras-volta-a-ser-preso-por-acusacoes-de-estupro\/","title":{"rendered":"Ex-jogador do Palmeiras volta a ser preso por acusa\u00e7\u00f5es de estupro"},"content":{"rendered":"<p> <script async src=\"https:\/\/pagead2.googlesyndication.com\/pagead\/js\/adsbygoogle.js?client=ca-pub-8864793242727901\"\r\n     crossorigin=\"anonymous\"><\/script><br \/>\n<\/p>\n<div id=\"taboola-read-more\" style=\"display:block; width:100%\">\n<p>O ex-jogador de futebol chileno Jorge Valdivia, que construiu parte da sua carreira no Palmeiras, foi novamente preso no Chile depois de decis\u00e3o do tribunal de apela\u00e7\u00f5es. Ele \u00e9 acusado de estupro por duas mulheres e cumpria pris\u00e3o domiciliar noturna.\n<\/p>\n<p>Alegando que a liberdade do ex-atleta representaria \u201cum risco para a sociedade\u201d, o Minist\u00e9rio P\u00fablico pediu que a Justi\u00e7a revogasse a reclus\u00e3o domiciliar.<\/p>\n<p>Lorena Parra, procuradora e porta-voz do Minist\u00e9rio P\u00fablico, tamb\u00e9m conversou com jornalistas sobre o caso, na quinta-feira 29. Ela afirmou que o restabelecimento da pris\u00e3o preventiva de Jorge Valdivia, por causa do novo processo de alega\u00e7\u00e3o de estupro, \u00e9 \u201cfundamental para a resolu\u00e7\u00e3o do caso e an\u00e1lise das provas apresentadas\u201d.\n<\/p>\n<p>Relembre o caso que envolve ex-jogador do Palmeiras<br \/>A primeira den\u00fancia contra Valdivia ocorreu em 22 de outubro, o que levou \u00e0 pris\u00e3o preventiva. No dia seguinte, uma segunda mulher apresentou outra acusa\u00e7\u00e3o semelhante. A defesa contesta todas as acusa\u00e7\u00f5es.\n<\/p>\n<p>Em 4 de novembro, um tribunal substituiu a pris\u00e3o preventiva por pris\u00e3o domiciliar noturna e imp\u00f4s uma ordem restritiva. Valdivia n\u00e3o poderia se aproximar da primeira denunciante.\n<\/p>\n<p>Depois da formaliza\u00e7\u00e3o da segunda acusa\u00e7\u00e3o, o Minist\u00e9rio P\u00fablico recorreu ao Tribunal de Apela\u00e7\u00f5es de Santiago e o ex-atleta teve que retornar \u00e0 pris\u00e3o preventiva.\n<\/p>\n<p>Trajet\u00f3ria de Valdivia no futebol<br \/>Valdivia \u00e9 uma figura proeminente no futebol sul-americano. Ele integrou a \u201cGera\u00e7\u00e3o Dourada\u201d da sele\u00e7\u00e3o chilena, que conquistou a Copa Am\u00e9rica em 2015.\n<\/p>\n<p>Durante suas passagens pelo Palmeiras, de 2006 a 2008 e de 2010 a 2015, ele ajudou o clube a ganhar t\u00edtulos como o Campeonato Paulista de 2008, a Copa do Brasil em 2012 e 2015, al\u00e9m da S\u00e9rie B do Campeonato Brasileiro, em 2013.<\/p>\n<p>Fonte: Revista Oeste              <\/p>\n<\/div>\n<p><br \/>\n<br \/><a href=\"https:\/\/diariodobrasilnoticias.com.br\/noticia\/ex-jogador-do-palmeiras-volta-a-ser-preso-por-acusacoes-de-estupro-6749dea859e72\">Source link <\/a><\/p>","protected":false},"excerpt":{"rendered":"<p>O ex-jogador de futebol chileno Jorge Valdivia, que construiu parte da sua carreira no Palmeiras, foi novamente preso no Chile depois de decis\u00e3o do tribunal de apela\u00e7\u00f5es. Ele \u00e9 acusado&hellip;<\/p>","protected":false},"author":1,"featured_media":67845,"comment_status":"closed","ping_status":"open","sticky":false,"template":"","format":"standard","meta":{"content-type":"","footnotes":""},"categories":[16],"tags":[123,2448,5313,1267],"class_list":["post-67844","post","type-post","status-publish","format-standard","has-post-thumbnail","hentry","category-noticias","tag-brasil","tag-diario","tag-noticia","tag-noticias"],"_links":{"self":[{"href":"https:\/\/tvbrazilusa.com\/pt\/wp-json\/wp\/v2\/posts\/67844","targetHints":{"allow":["GET"]}}],"collection":[{"href":"https:\/\/tvbrazilusa.com\/pt\/wp-json\/wp\/v2\/posts"}],"about":[{"href":"https:\/\/tvbrazilusa.com\/pt\/wp-json\/wp\/v2\/types\/post"}],"author":[{"embeddable":true,"href":"https:\/\/tvbrazilusa.com\/pt\/wp-json\/wp\/v2\/users\/1"}],"replies":[{"embeddable":true,"href":"https:\/\/tvbrazilusa.com\/pt\/wp-json\/wp\/v2\/comments?post=67844"}],"version-history":[{"count":1,"href":"https:\/\/tvbrazilusa.com\/pt\/wp-json\/wp\/v2\/posts\/67844\/revisions"}],"predecessor-version":[{"id":67846,"href":"https:\/\/tvbrazilusa.com\/pt\/wp-json\/wp\/v2\/posts\/67844\/revisions\/67846"}],"wp:featuredmedia":[{"embeddable":true,"href":"https:\/\/tvbrazilusa.com\/pt\/wp-json\/wp\/v2\/media\/67845"}],"wp:attachment":[{"href":"https:\/\/tvbrazilusa.com\/pt\/wp-json\/wp\/v2\/media?parent=67844"}],"wp:term":[{"taxonomy":"category","embeddable":true,"href":"https:\/\/tvbrazilusa.com\/pt\/wp-json\/wp\/v2\/categories?post=67844"},{"taxonomy":"post_tag","embeddable":true,"href":"https:\/\/tvbrazilusa.com\/pt\/wp-json\/wp\/v2\/tags?post=67844"}],"curies":[{"name":"wp","href":"https:\/\/api.w.org\/{rel}","templated":true}]}}