{"id":67870,"date":"2024-11-29T16:23:04","date_gmt":"2024-11-29T16:23:04","guid":{"rendered":"https:\/\/tvbrazilusa.com\/2024\/11\/29\/com-corte-de-gastos-de-lula-educacao-sofre-perda-bilionaria-ate-2030-confira-valor\/"},"modified":"2024-11-29T16:23:05","modified_gmt":"2024-11-29T16:23:05","slug":"com-corte-de-gastos-de-lula-educacao-sofre-perda-bilionaria-ate-2030-confira-valor","status":"publish","type":"post","link":"https:\/\/tvbrazilusa.com\/pt\/2024\/11\/29\/com-corte-de-gastos-de-lula-educacao-sofre-perda-bilionaria-ate-2030-confira-valor\/","title":{"rendered":"Com corte de gastos de Lula, Educa\u00e7\u00e3o sofre perda bilion\u00e1ria at\u00e9 2030; Confira valor"},"content":{"rendered":"<p> <script async src=\"https:\/\/pagead2.googlesyndication.com\/pagead\/js\/adsbygoogle.js?client=ca-pub-8864793242727901\"\r\n     crossorigin=\"anonymous\"><\/script><br \/>\n<\/p>\n<div id=\"taboola-read-more\" style=\"display:block; width:100%\">\n<p>O Governo Lula (PT) anunciou na quinta-feira (29) um pacote de cortes que retirar\u00e1 R$ 42,3 bilh\u00f5es do or\u00e7amento do Minist\u00e9rio da Educa\u00e7\u00e3o (MEC) nos pr\u00f3ximos 5 anos. A medida pode impactar, principalmente, a expans\u00e3o do ensino em tempo integral, uma das promessas de campanha do presidente Luiz In\u00e1cio Lula da Silva.\n<\/p>\n<p>A mudan\u00e7a foi parcialmente divulgada pelo ministro da Fazenda, Fernando Haddad, durante entrevista na mesma data, embora sem detalhes espec\u00edficos. O pacote de corte ainda precisa passar pelo Congresso Nacional, onde podem ocorrer ajustes durante sua tramita\u00e7\u00e3o. At\u00e9 a manh\u00e3 desta sexta-feira (29), os tr\u00eas projetos a serem enviados ao Legislativo n\u00e3o haviam sido divulgados.<\/p>\n<p>Uma das propostas prev\u00ea que os recursos atualmente destinados ao ensino integral no or\u00e7amento do MEC n\u00e3o sejam mais alocados exclusivamente para essa finalidade. Em vez disso, esses valores poderiam ser remanejados para outras a\u00e7\u00f5es dentro da educa\u00e7\u00e3o ou at\u00e9 para diferentes \u00e1reas do governo.\n<\/p>\n<p>Com isso, o ensino integral passaria a ser integralmente custeado pelo Fundo de Desenvolvimento da Educa\u00e7\u00e3o B\u00e1sica (Fundeb), que \u00e9 majoritariamente composto por recursos dos estados, munic\u00edpios e do Distrito Federal. O governo federal atualmente responde por 19% do fundo, percentual que aumentar\u00e1 para 23% a partir de 2026. No entanto, a decis\u00e3o sobre a aplica\u00e7\u00e3o desses recursos fica a cargo de prefeitos e governadores.\n<\/p>\n<p>O governo Lula prop\u00f5e que 20% da contribui\u00e7\u00e3o federal ao Fundeb seja direcionado exclusivamente para a expans\u00e3o do ensino integral. Atualmente, os recursos do fundo s\u00e3o essenciais para cobrir uma s\u00e9rie de despesas, incluindo sal\u00e1rios de professores, transporte escolar, compra de materiais did\u00e1ticos e obras de infraestrutura.\n<\/p>\n<p>Se a altera\u00e7\u00e3o for validada pelo Congresso, a expans\u00e3o do ensino b\u00e1sico em tempo integral passar\u00e1 a ser totalmente financiada pelo Fundeb, sem a necessidade de um programa centralizado no MEC para esse fim. Isso significa que, caso o MEC n\u00e3o invista mais na \u00e1rea e o Fundeb n\u00e3o consiga cobrir os custos, a expans\u00e3o do ensino integral poder\u00e1 perder at\u00e9 R$ 42,3 bilh\u00f5es nos pr\u00f3ximos cinco anos.\n<\/p>\n<p>Em nota, o Minist\u00e9rio da Fazenda esclareceu que, com a aus\u00eancia de necessidade de recursos federais para o ensino integral, haver\u00e1 um \u201cespa\u00e7o fiscal\u201d no or\u00e7amento do MEC, que poder\u00e1 ser utilizado para outros temas, como o programa \u201cP\u00e9 de Meia\u201d. No entanto, a destina\u00e7\u00e3o final desses recursos depender\u00e1 do or\u00e7amento aprovado a cada ano, o qual \u00e9 proposto pelo governo, mas sujeito \u00e0 aprova\u00e7\u00e3o do Congresso, e poder\u00e1 ser alocado para qualquer \u00e1rea do governo.\n<\/p>\n<p>Fonte: Gazeta Brasil              <\/p>\n<\/div>\n<p><br \/>\n<br \/><a href=\"https:\/\/diariodobrasilnoticias.com.br\/noticia\/com-corte-de-gastos-de-lula-educacao-sobre-perda-bilionaria-ate-2030-confira-valor-6749ca3010739\">Source link <\/a><\/p>","protected":false},"excerpt":{"rendered":"<p>O Governo Lula (PT) anunciou na quinta-feira (29) um pacote de cortes que retirar\u00e1 R$ 42,3 bilh\u00f5es do or\u00e7amento do Minist\u00e9rio da Educa\u00e7\u00e3o (MEC) nos pr\u00f3ximos 5 anos. A medida&hellip;<\/p>","protected":false},"author":1,"featured_media":67871,"comment_status":"closed","ping_status":"open","sticky":false,"template":"","format":"standard","meta":{"content-type":"","footnotes":""},"categories":[16],"tags":[123,2448,5313,1267],"class_list":["post-67870","post","type-post","status-publish","format-standard","has-post-thumbnail","hentry","category-noticias","tag-brasil","tag-diario","tag-noticia","tag-noticias"],"_links":{"self":[{"href":"https:\/\/tvbrazilusa.com\/pt\/wp-json\/wp\/v2\/posts\/67870","targetHints":{"allow":["GET"]}}],"collection":[{"href":"https:\/\/tvbrazilusa.com\/pt\/wp-json\/wp\/v2\/posts"}],"about":[{"href":"https:\/\/tvbrazilusa.com\/pt\/wp-json\/wp\/v2\/types\/post"}],"author":[{"embeddable":true,"href":"https:\/\/tvbrazilusa.com\/pt\/wp-json\/wp\/v2\/users\/1"}],"replies":[{"embeddable":true,"href":"https:\/\/tvbrazilusa.com\/pt\/wp-json\/wp\/v2\/comments?post=67870"}],"version-history":[{"count":1,"href":"https:\/\/tvbrazilusa.com\/pt\/wp-json\/wp\/v2\/posts\/67870\/revisions"}],"predecessor-version":[{"id":67872,"href":"https:\/\/tvbrazilusa.com\/pt\/wp-json\/wp\/v2\/posts\/67870\/revisions\/67872"}],"wp:featuredmedia":[{"embeddable":true,"href":"https:\/\/tvbrazilusa.com\/pt\/wp-json\/wp\/v2\/media\/67871"}],"wp:attachment":[{"href":"https:\/\/tvbrazilusa.com\/pt\/wp-json\/wp\/v2\/media?parent=67870"}],"wp:term":[{"taxonomy":"category","embeddable":true,"href":"https:\/\/tvbrazilusa.com\/pt\/wp-json\/wp\/v2\/categories?post=67870"},{"taxonomy":"post_tag","embeddable":true,"href":"https:\/\/tvbrazilusa.com\/pt\/wp-json\/wp\/v2\/tags?post=67870"}],"curies":[{"name":"wp","href":"https:\/\/api.w.org\/{rel}","templated":true}]}}