{"id":67876,"date":"2024-11-29T15:53:17","date_gmt":"2024-11-29T15:53:17","guid":{"rendered":"https:\/\/tvbrazilusa.com\/2024\/11\/29\/a-medida-que-a-guerra-na-ucrania-entra-no-seu-terceiro-inverno-aqueles-que-fugiram-procuram-a-alegria-e-a-magia-do-natal\/"},"modified":"2024-11-29T16:28:34","modified_gmt":"2024-11-29T16:28:34","slug":"a-medida-que-a-guerra-na-ucrania-entra-no-seu-terceiro-inverno-aqueles-que-fugiram-procuram-a-alegria-e-a-magia-do-natal","status":"publish","type":"post","link":"https:\/\/tvbrazilusa.com\/pt\/2024\/11\/29\/a-medida-que-a-guerra-na-ucrania-entra-no-seu-terceiro-inverno-aqueles-que-fugiram-procuram-a-alegria-e-a-magia-do-natal\/","title":{"rendered":"\u00c0 medida que a guerra na Ucr\u00e2nia entra no seu terceiro inverno, aqueles que fugiram procuram a \u201calegria e a magia do Natal\u201d"},"content":{"rendered":"<p> <script async src=\"https:\/\/pagead2.googlesyndication.com\/pagead\/js\/adsbygoogle.js?client=ca-pub-8864793242727901\"\r\n     crossorigin=\"anonymous\"><\/script><br \/>\n<\/p>\n<div id=\"\">\n<header class=\"m-article-header m-article-header--standard\">\n\t\t\t\t\t\t\t\t\t\t\t\t<span id=\"article-header-primary-term\"><br \/>\n\t\t\t\t\t\t\t\t<a class=\"a-term a-term--primary\" href=\"https:\/\/www.boston.com\/tag\/community\/\"><\/p>\n<p>\t\t\t\t\t\t\t\tComunidade\t\t\t\t\t\t\t\t<\/a><br \/>\n\t\t\t\t\t\t\t<\/span><\/p>\n<h2 class=\"m-article-header__sub-headline\">&#8216;Tenho um grande desejo de que a guerra na Ucr\u00e2nia acabe e que a paz chegue.&#8217;<\/h2>\n<figure class=\"a-photo m-article-header__photo\"><figcaption class=\"a-photo__caption\">\n\t<em>  Adobe, Ally Rzesa\/equipe da Globe<\/em>\t<\/figcaption><\/figure>\n<\/header>\n<p>V\u00e1rias cartas enviadas para <a href=\"https:\/\/www.bostonglobe.com\/tag\/globe-santa\/?p1=Article_Inline_Text_Link\" class=\"\" target=\"_blank\" rel=\"noreferrer noopener\">Globo Papai Noel<\/a> pelas fam\u00edlias ucranianas e russas nesta \u00e9poca festiva provam que nos dois anos e meio desde o in\u00edcio da guerra, os desejos destas fam\u00edlias de um regresso \u00e0 normalidade s\u00f3 se tornaram mais fortes.<\/p>\n<p>\u201cInfelizmente, estamos construindo nossas vidas de baixo para cima, mas passo a passo estamos tentando nos tornar \u00fateis para [the] EUA e ter independ\u00eancia financeira\u201d, escreveu uma m\u00e3e ucraniana.<\/p>\n<p>Uma manh\u00e3 de Natal repleta de presentes, dizem estes autores de cartas, \u00e9 uma das principais formas de conseguirem reunir pelo menos uma apar\u00eancia de como eram as suas vidas antes da R\u00fassia invadir o seu vizinho ocidental.<\/p>\n<p>Esse evento, em 24 de fevereiro de 2022, deu in\u00edcio ao <a class=\"\" href=\"https:\/\/www.nytimes.com\/article\/russia-ukraine-nato-europe.html\" target=\"_blank\" rel=\"noreferrer noopener\">maior conflito europeu desde a Segunda Guerra Mundial<\/a>. As estimativas de perdas humanas desde o in\u00edcio da guerra variam, mas alguns estimam o n\u00famero de mortes e v\u00edtimas em ambos os lados do conflito em <a class=\"\" href=\"https:\/\/www.wsj.com\/world\/one-million-are-now-dead-or-injured-in-the-russia-ukraine-war-b09d04e5\">1 milh\u00e3o<\/a>.<\/p>\n<p>A grande maioria dos compatriotas deslocados fugiu para pa\u00edses europeus vizinhos, principalmente para a Pol\u00f3nia. Uma grande parte dos refugiados ucranianos entrou nos EUA atrav\u00e9s do programa federal Unindo pela Ucr\u00e2nia. Em fevereiro de 2023, o Departamento de Seguran\u00e7a Interna informou que o <a class=\"\" href=\"https:\/\/www.nbcnews.com\/politics\/immigration\/us-admits-271000-ukrainian-refugees-russia-invasion-biden-rcna72177\">EUA admitiram 271 mil refugiados ucranianos<\/a> desde o in\u00edcio da guerra \u2013 mais do que duplicando a meta do presidente Biden de 100.000. Uma percentagem menor de migrantes conseguiu passar <a class=\"\" href=\"https:\/\/www.npr.org\/2022\/04\/13\/1092091451\/ukrainians-have-arrived-at-the-u-s-mexico-border-by-the-thousands\">M\u00e9xico<\/a> e entrou no pa\u00eds com visto de turista.<\/p>\n<p>O estatuto de prote\u00e7\u00e3o tempor\u00e1ria, que permite aos rec\u00e9m-chegados trabalhar legalmente nos EUA, para refugiados ucranianos foi prorrogado at\u00e9 abril de 2025.<\/p>\n<p>A guerra em curso estimulou alguns civis a <a href=\"https:\/\/www.bostonglobe.com\/2022\/05\/01\/metro\/ukrainians-fleeing-war-seek-refuge-massachusetts\/?p1=Article_Inline_Text_Link\" class=\"\" target=\"_blank\" rel=\"noreferrer noopener\">reassentar em Massachusetts<\/a>. Dos cerca de 11.000 migrantes que o estado registou entre outubro de 2022 e setembro de 2023, <a href=\"https:\/\/www.bostonglobe.com\/2024\/04\/01\/metro\/how-many-migrants-in-massachusetts\/?p1=Article_Inline_Text_Link\" class=\"\">13 por cento deles<\/a> veio da Ucr\u00e2nia. No entanto, o estado apenas rastreia os migrantes que recebem assist\u00eancia federal, por isso \u00e9 poss\u00edvel que haja muito mais refugiados ucranianos desaparecidos que n\u00e3o s\u00e3o eleg\u00edveis para estatuto legal ou que entraram ilegalmente no pa\u00eds.<\/p>\n<p>O lote de cartas enviadas por fam\u00edlias de ambos os lados da tr\u00e1gica guerra mostra os efeitos duradouros do conflito. Para muitas fam\u00edlias rec\u00e9m-instaladas, celebrar o Natal como faziam antes est\u00e1 fora do alcance.<\/p>\n<p>Uma fam\u00edlia que agora vive na Costa Norte fugiu da Ucr\u00e2nia h\u00e1 mais de seis meses e est\u00e1 \u201cfeliz por se tornar parte da sociedade americana\u201d. A m\u00e3e, escrevendo em nome da fam\u00edlia, disse que embora o tempo passado na adapta\u00e7\u00e3o a um novo pa\u00eds tenha sido desafiador, o seu filho \u201cest\u00e1 a regressar \u00e0 inf\u00e2ncia normal que teve antes da guerra\u201d.<\/p>\n<p>\u201cEstamos felizes por viver sob um c\u00e9u pac\u00edfico e dormir \u00e0 noite, n\u00e3o em um abrigo, nos escondendo de foguetes\u201d, diz a carta. \u201cObrigado, EUA, por esta oportunidade!\u201d<\/p>\n<p>A m\u00e3e disse que receber uma doa\u00e7\u00e3o do Papai Noel do Globo daria a seu filho ainda mais estabilidade, proporcionando-lhe a \u201calegria e a magia do Natal\u201d. E talvez um dia os pais possam comprar presentes de Natal por conta pr\u00f3pria.<\/p>\n<p>N\u00e3o foram apenas os ucranianos que sofreram com a guerra em curso; muitos <a href=\"https:\/\/www.cnn.com\/2023\/02\/20\/americas\/russian-migrants-mexico-united-states-intl-latam\/index.html\" class=\"\" target=\"_blank\" rel=\"noreferrer noopener\">A vida dos russos foi revirada<\/a>tamb\u00e9m. Alf\u00e2ndega e Prote\u00e7\u00e3o de Fronteiras dos EUA registradas aproximadamente <a href=\"https:\/\/www.cbp.gov\/newsroom\/stats\/nationwide-encounters\" class=\"\" target=\"_blank\" rel=\"noreferrer noopener\">57.000 encontros com migrantes russos<\/a> dentro do ano fiscal federal de 2023, que decorreu de 1\u00ba de outubro de 2022 a 30 de setembro de 2023. Este foi um aumento de quase 60% em rela\u00e7\u00e3o ao ano anterior.<\/p>\n<p>\u201cEra muito perigoso ficar em nossa terra natal\u201d, escreveu uma m\u00e3e russa ao Globe Santa.<\/p>\n<p>Uma m\u00e3e da regi\u00e3o de Boston escreveu que, embora a impossibilidade de trabalhar signifique que ela possa passar mais tempo com seu filho de dois anos, que precisa desesperadamente, os dias que passou sem receber o sal\u00e1rio t\u00eam sido preocupantes.<\/p>\n<p>\u201cMeu marido est\u00e1 atualmente desempregado e estamos passando por dificuldades financeiras\u201d, escreveu a m\u00e3e russa com a ajuda do Google Translate. \u201cMas gostar\u00edamos muito de agradar nosso filho e parabeniz\u00e1-lo pelas t\u00e3o esperadas f\u00e9rias.\u201d<\/p>\n<p>Embora as contribui\u00e7\u00f5es da maioria das fam\u00edlias falassem sobre o impacto potencial de uma doa\u00e7\u00e3o do Globe Santa, uma menina de 9 anos que se estabeleceu nos EUA em dezembro passado disse que, em vez disso, encontraria consolo no imaterial.<\/p>\n<p>\u201cTenho um grande desejo de que a guerra na Ucr\u00e2nia termine e que a paz chegue e [I] posso ver meus av\u00f3s novamente\u201d, escreveu a menina. \u201cObrigado, Papai Noel!\u201d<\/p>\n<h3 class=\"wp-block-heading\" id=\"h-lunch-with-globe-santa\"><strong>Almo\u00e7o com Globo Papai Noel<\/strong><\/h3>\n<p>O Medford Kiwanis Club, agora em seu 35\u00ba ano de apoio ao Globe Santa, est\u00e1 organizando um encontro e sauda\u00e7\u00e3o do Globe Santa, com pizza, para as crian\u00e7as de Medford no s\u00e1bado, 7 de dezembro, no Great American Beer Hall. As crian\u00e7as receber\u00e3o uma fatia de pizza, um refrigerante e uma surpresa do Papai Noel. Cookies fornecidos pela Modern Pastry. Reserve um ingresso almo\u00e7o em <a href=\"https:\/\/urldefense.com\/v3\/__http:\/\/www.MedfordKiwanisClub.com__;!!BspMT6SJLSDJ!PIYRUZOH37fb8gI5THKgq7E-v3mzM4-ZqJ35f5pQYZdID3cEPqm-xsgH1N5SKsvfmkK9dD5NXKCsy40YTC4Li1X51g8%24\" class=\"\"><u>www.MedfordKiwanisClub.com<\/u><\/a> O evento acontece na 142 Mystic Ave., Medford, do meio-dia \u00e0s 14h.<\/p>\n<p><em>H\u00e1 69 anos, o Globe Santa, um programa da Boston Globe Foundation, fornece presentes para crian\u00e7as carentes nas \u00e9pocas de f\u00e9rias. Por favor, considere doar por telefone, correio ou on-line em <\/em><a href=\"http:\/\/globesanta.org\/\" class=\"\"><em>globosanta.org<\/em><\/a><em>.<\/em><\/p>\n<div class=\"m-block m-generic-cta\t m-generic-cta--post-content\t m-generic-cta--dark\t m-generic-cta--homepage\t m-generic-cta--email-signup\t\t m-generic-cta-block-style--default \tt-amp__generic-cta\"><\/p>\n<div class=\"m-generic-cta__wrap\">\n<div class=\"m-generic-cta__content\">\n<h3 class=\"m-generic-cta__title\">Boston.com hoje<\/h3>\n<p class=\"m-generic-cta__subtitle\">Inscreva-se para receber as \u00faltimas manchetes em sua caixa de entrada todas as manh\u00e3s.<\/p>\n<\/p><\/div>\n<\/p><\/div>\n<\/div><\/div>\n<p><script>\n\t\tvar consent=\"grant\";\n\t\t\/* The above code is parsing the JSON data from the local storage and storing it in a variable. *\/\n\t\t\t\t\tconst onetrustStorageConsent = JSON.parse(localStorage.getItem( 'consent_one_trust_bdc' ) );\n\t\t\tif ( ( onetrustStorageConsent !== null ) ) {\n\t\t\t\t\/* Checking to see if the user has consented to the use of cookies.\n\t\t\t\t* If they have not, it is deleting the cookie.\n\t\t\t\t* This will comment for now, until further notice.\n\t\t\t\t*\/\n\t\t\t\t\/\/if ( onetrustStorageConsent.C0002 === false ) {\n\t\t\t\t\/\/\tdocument.cookie=\"_fbp=;expires=Thu, 01 Jan 2010 00:00:00 UTC; path=\/; domain=.boston.com\";\n\t\t\t\t\/\/}\n\t\t\t\t\/* Checking if the user has given consent for the cookie C0002.\n\t\t\t\t* If the user has given consent, the variable consent will be set to 'grant'.\n\t\t\t\t* If the user has not given consent,the variable consent will be set to 'revoke'.\n\t\t\t\t* Documentation https:\/\/developers.facebook.com\/docs\/meta-pixel\/implementation\/gdpr\n\t\t\t\t*\/\n\t\t\t\tif ( onetrustStorageConsent.C0002 !== true ) {\n\t\t\t\t\tconsent=\"revoke\";\n\t\t\t\t}\n\t\t\t}\n\t\t\t\t!function(f,b,e,v,n,t,s)\n\t\t{if(f.fbq)return;n=f.fbq=function(){n.callMethod?\n\t\tn.callMethod.apply(n,arguments):n.queue.push(arguments)};\n\t\tif(!f._fbq)f._fbq=n;n.push=n;n.loaded=!0;n.version='2.0';\n\t\tn.queue=[];t=b.createElement(e);t.async=!0;\n\t\tt.src=v;s=b.getElementsByTagName(e)[0];\n\t\ts.parentNode.insertBefore(t,s)}(window, document,'script',\n\t\t'https:\/\/connect.facebook.net\/en_US\/fbevents.js');\n\t\tfbq('consent', consent);\n\t\tfbq('init', '989222871864976');\n\t\tfbq('track', 'PageView');\n\t<\/script><script type=\"module\">\n\t\tvar consent=\"grant\";\n\t\t\/* The above code is parsing the JSON data from the local storage and storing it in a variable. *\/\n\t\t\tconst onetrustStorageConsent = JSON.parse(localStorage.getItem( 'consent_one_trust_bdc' ) );\n\t\t\t\/* Checking to see if the user has consented to the use of cookies.\n\t\t\t* If they have not, it is deleting the cookie.\n\t\t\t* This will comment for now, until further notice.\n\t\t\t*\/\n\t\t\t\/\/if ( onetrustStorageConsent.C0002 === false ) {\n\t\t\t\/\/\tdocument.cookie=\"_fbp=;expires=Thu, 01 Jan 2010 00:00:00 UTC; path=\/; domain=.boston.com\";\n\t\t\t\/\/}\n\t\t\t\/* Checking if the user has given consent for the cookie C0002.\n\t\t\t* If the user has given consent, the variable consent will be set to 'grant'.\n\t\t\t* If the user has not given consent,the variable consent will be set to 'revoke'.\n\t\t\t* Documentation https:\/\/developers.facebook.com\/docs\/meta-pixel\/implementation\/gdpr\n\t\t\t*\/\n\t\t\tif ( ( onetrustStorageConsent !== null ) && (onetrustStorageConsent.C0002 !== true ) ) {\n\t\t\t\tconsent=\"revoke\";\n\t\t\t}\n\t\t\t\t!function(f,b,e,v,n,t,s){if(f.fbq)return;n=f.fbq=function()\n\t\t{n.callMethod? n.callMethod.apply(n,arguments):n.queue.push(arguments)}\n\t\t;if(!f._fbq)f._fbq=n;\n\t\tn.push=n;n.loaded=!0;n.version='2.0';n.queue=[];t=b.createElement(e);t.async=!0;\n\t\tt.src=v;s=b.getElementsByTagName(e)[0];s.parentNode.insertBefore(t,s)}(window,\n\t\tdocument,'script','https:\/\/connect.facebook.net\/en_US\/fbevents.js');\n\t\tfbq('consent', consent);\n\t\tfbq('init', '813236348753005');\n\t\tfbq('track', \"PageView\");\n\t<\/script><br \/>\n<br \/><br \/>\n<br \/><a href=\"https:\/\/www.boston.com\/news\/community\/2024\/11\/29\/globe-santa-ukrainian-families-seek-christmas-joy\/\">Source link <\/a><\/p>","protected":false},"excerpt":{"rendered":"<p>Comunidade &#8216;Tenho um grande desejo de que a guerra na Ucr\u00e2nia acabe e que a paz chegue.&#8217; Adobe, Ally Rzesa\/equipe da Globe V\u00e1rias cartas enviadas para Globo Papai Noel pelas&hellip;<\/p>","protected":false},"author":1,"featured_media":67877,"comment_status":"closed","ping_status":"open","sticky":false,"template":"","format":"standard","meta":{"content-type":"","footnotes":""},"categories":[1],"tags":[],"class_list":["post-67876","post","type-post","status-publish","format-standard","has-post-thumbnail","hentry","category-uncategorized"],"_links":{"self":[{"href":"https:\/\/tvbrazilusa.com\/pt\/wp-json\/wp\/v2\/posts\/67876","targetHints":{"allow":["GET"]}}],"collection":[{"href":"https:\/\/tvbrazilusa.com\/pt\/wp-json\/wp\/v2\/posts"}],"about":[{"href":"https:\/\/tvbrazilusa.com\/pt\/wp-json\/wp\/v2\/types\/post"}],"author":[{"embeddable":true,"href":"https:\/\/tvbrazilusa.com\/pt\/wp-json\/wp\/v2\/users\/1"}],"replies":[{"embeddable":true,"href":"https:\/\/tvbrazilusa.com\/pt\/wp-json\/wp\/v2\/comments?post=67876"}],"version-history":[{"count":1,"href":"https:\/\/tvbrazilusa.com\/pt\/wp-json\/wp\/v2\/posts\/67876\/revisions"}],"predecessor-version":[{"id":67878,"href":"https:\/\/tvbrazilusa.com\/pt\/wp-json\/wp\/v2\/posts\/67876\/revisions\/67878"}],"wp:featuredmedia":[{"embeddable":true,"href":"https:\/\/tvbrazilusa.com\/pt\/wp-json\/wp\/v2\/media\/67877"}],"wp:attachment":[{"href":"https:\/\/tvbrazilusa.com\/pt\/wp-json\/wp\/v2\/media?parent=67876"}],"wp:term":[{"taxonomy":"category","embeddable":true,"href":"https:\/\/tvbrazilusa.com\/pt\/wp-json\/wp\/v2\/categories?post=67876"},{"taxonomy":"post_tag","embeddable":true,"href":"https:\/\/tvbrazilusa.com\/pt\/wp-json\/wp\/v2\/tags?post=67876"}],"curies":[{"name":"wp","href":"https:\/\/api.w.org\/{rel}","templated":true}]}}