{"id":67879,"date":"2024-11-29T16:35:13","date_gmt":"2024-11-29T16:35:13","guid":{"rendered":"https:\/\/tvbrazilusa.com\/2024\/11\/29\/oposicao-a-maduro-acusa-cerco-a-residencia-da-mae-de-maria-corina\/"},"modified":"2024-11-29T16:35:15","modified_gmt":"2024-11-29T16:35:15","slug":"oposicao-a-maduro-acusa-cerco-a-residencia-da-mae-de-maria-corina","status":"publish","type":"post","link":"https:\/\/tvbrazilusa.com\/pt\/2024\/11\/29\/oposicao-a-maduro-acusa-cerco-a-residencia-da-mae-de-maria-corina\/","title":{"rendered":"Oposi\u00e7\u00e3o a Maduro acusa cerco \u00e0 resid\u00eancia da m\u00e3e de Mar\u00eda Corina"},"content":{"rendered":"<p> <script async src=\"https:\/\/pagead2.googlesyndication.com\/pagead\/js\/adsbygoogle.js?client=ca-pub-8864793242727901\"\r\n     crossorigin=\"anonymous\"><\/script><br \/>\n<\/p>\n<div id=\"taboola-read-more\" style=\"display:block; width:100%\">\n<p>Comando Nacional de Campanha (Comando ConVzla) da oposi\u00e7\u00e3o ao ditador Nicol\u00e1s Maduro denunciou que viaturas do Servi\u00e7o Nacional Bolivariano de Intelig\u00eancia (SEBIN) cercaram a casa de Corina Parisca de Machado, m\u00e3e de Mar\u00eda Corina Machado, na quinta-feira, 28.\n<\/p>\n<p>\u201cHoje, quinta-feira, 28 de novembro, at\u00e9 agora, duas viaturas do SEBIN estacionaram duas vezes em frente \u00e0 porta da casa da m\u00e3e de Mar\u00eda Corina Machado, com sirenes ligadas e funcion\u00e1rios encapuzados rondando a entrada. Eles permaneceram no local por meia hora de cada vez e depois foram embora\u201d, escreveu o Comando ConVzla no X.<\/p>\n<p>A equipe n\u00e3o informou se Corina Parisca estava em casa no momento da intimida\u00e7\u00e3o.\n<\/p>\n<p>\u201cAt\u00e9 o final\u201d<br \/>Em meio ao ass\u00e9dio \u00e0 sua fam\u00edlia, Mar\u00eda Corina prometeu lutar at\u00e9 o fim pela democracia na Venezuela.\n<\/p>\n<p>Em v\u00eddeo, a opositora contestou as acusa\u00e7\u00f5es dos apoiadores do regime chavista de que a oposi\u00e7\u00e3o estaria \u201ctraindo o pa\u00eds\u201d. Segundo ela, o povo ir\u00e1 \u201cdefender at\u00e9 o final\u201d a Venezuela.\n<\/p>\n<p>Eis a \u00edntegra da transcri\u00e7\u00e3o traduzida do v\u00eddeo:\n<\/p>\n<p>\u201cQue nos acusem de trai\u00e7\u00e3o \u00e0 p\u00e1tria, no dia em que n\u00f3s fiquemos com os bra\u00e7os cruzados. Quando acreditarmos que n\u00e3o h\u00e1 nada mais pelo que lutar. A\u00ed sim, nos acusem de trai\u00e7\u00e3o \u00e0 p\u00e1tria.\n<\/p>\n<p>Quando nos resignemos a ver como a injusti\u00e7a assola os que sonham. Quando deixarmos de crer que este pa\u00eds [Venezuela] vai ser livre.\n<\/p>\n<p>Condenem-nos por trair a p\u00e1tria, quando n\u00e3o sentirmos a mesma dor, a mesma raiva e, sobretudo, o mesmo amor por esta terra [Venezuela] que nos viu nascer.\n<\/p>\n<p>Mas eu digo a voc\u00eas uma e mil vezes: n\u00e3o vamos dar esse gosto a eles. Porque resignarmos, sim, seria trai\u00e7\u00e3o.\n<\/p>\n<p>N\u00f3s vamos defender #HastaElFinal (At\u00e9 o final).\u201d<\/p>\n<p>Fonte: O antagonista\n              <\/p>\n<\/div>\n<p><br \/>\n<br \/><a href=\"https:\/\/diariodobrasilnoticias.com.br\/noticia\/oposicao-a-maduro-acusa-cerco-a-residencia-da-mae-de-maria-corina-6749cbcc88aec\">Source link <\/a><\/p>","protected":false},"excerpt":{"rendered":"<p>Comando Nacional de Campanha (Comando ConVzla) da oposi\u00e7\u00e3o ao ditador Nicol\u00e1s Maduro denunciou que viaturas do Servi\u00e7o Nacional Bolivariano de Intelig\u00eancia (SEBIN) cercaram a casa de Corina Parisca de Machado,&hellip;<\/p>","protected":false},"author":1,"featured_media":67880,"comment_status":"closed","ping_status":"open","sticky":false,"template":"","format":"standard","meta":{"content-type":"","footnotes":""},"categories":[16],"tags":[123,2448,5313,1267],"class_list":["post-67879","post","type-post","status-publish","format-standard","has-post-thumbnail","hentry","category-noticias","tag-brasil","tag-diario","tag-noticia","tag-noticias"],"_links":{"self":[{"href":"https:\/\/tvbrazilusa.com\/pt\/wp-json\/wp\/v2\/posts\/67879","targetHints":{"allow":["GET"]}}],"collection":[{"href":"https:\/\/tvbrazilusa.com\/pt\/wp-json\/wp\/v2\/posts"}],"about":[{"href":"https:\/\/tvbrazilusa.com\/pt\/wp-json\/wp\/v2\/types\/post"}],"author":[{"embeddable":true,"href":"https:\/\/tvbrazilusa.com\/pt\/wp-json\/wp\/v2\/users\/1"}],"replies":[{"embeddable":true,"href":"https:\/\/tvbrazilusa.com\/pt\/wp-json\/wp\/v2\/comments?post=67879"}],"version-history":[{"count":1,"href":"https:\/\/tvbrazilusa.com\/pt\/wp-json\/wp\/v2\/posts\/67879\/revisions"}],"predecessor-version":[{"id":67881,"href":"https:\/\/tvbrazilusa.com\/pt\/wp-json\/wp\/v2\/posts\/67879\/revisions\/67881"}],"wp:featuredmedia":[{"embeddable":true,"href":"https:\/\/tvbrazilusa.com\/pt\/wp-json\/wp\/v2\/media\/67880"}],"wp:attachment":[{"href":"https:\/\/tvbrazilusa.com\/pt\/wp-json\/wp\/v2\/media?parent=67879"}],"wp:term":[{"taxonomy":"category","embeddable":true,"href":"https:\/\/tvbrazilusa.com\/pt\/wp-json\/wp\/v2\/categories?post=67879"},{"taxonomy":"post_tag","embeddable":true,"href":"https:\/\/tvbrazilusa.com\/pt\/wp-json\/wp\/v2\/tags?post=67879"}],"curies":[{"name":"wp","href":"https:\/\/api.w.org\/{rel}","templated":true}]}}