{"id":67890,"date":"2024-11-29T16:53:28","date_gmt":"2024-11-29T16:53:28","guid":{"rendered":"https:\/\/tvbrazilusa.com\/2024\/11\/29\/gleisi-tenta-colocar-a-culpa-para-campos-neto-da-alta-do-dolar\/"},"modified":"2024-11-29T16:53:29","modified_gmt":"2024-11-29T16:53:29","slug":"gleisi-tenta-colocar-a-culpa-para-campos-neto-da-alta-do-dolar","status":"publish","type":"post","link":"https:\/\/tvbrazilusa.com\/pt\/2024\/11\/29\/gleisi-tenta-colocar-a-culpa-para-campos-neto-da-alta-do-dolar\/","title":{"rendered":"Gleisi tenta colocar a culpa para Campos Neto da alta do D\u00f3lar"},"content":{"rendered":"<p> <script async src=\"https:\/\/pagead2.googlesyndication.com\/pagead\/js\/adsbygoogle.js?client=ca-pub-8864793242727901\"\r\n     crossorigin=\"anonymous\"><\/script><br \/>\n<\/p>\n<div id=\"taboola-read-more\" style=\"display:block; width:100%\">\n<p>A presidente nacional do PT, Gleisi Hoffmann (PT-PR), atacou o presidente do Banco Central, Roberto Campos Neto, por n\u00e3o tomar medidas para conter a escalada do d\u00f3lar que chegou a R$ 6 na quinta (28), e fechou no recorde de R$ 5,98, ap\u00f3s o detalhamento do pacote de corte de gastos do governo.\n<\/p>\n<p>A moeda norte-americana vinha escalando desde a tarde de quarta (27) quando surgiram as primeiras informa\u00e7\u00f5es de que uma das medidas seria a isen\u00e7\u00e3o do Imposto de Renda para quem ganha at\u00e9 R$ 5 mil, compensada com a taxa\u00e7\u00e3o de ganhos acima de R$ 50 mil. Isso ligou o sinal de alerta do mercado.<\/p>\n<p>Fonte: Gazeta do Povo              <\/p>\n<\/div>\n<p><br \/>\n<br \/><a href=\"https:\/\/diariodobrasilnoticias.com.br\/noticia\/gleisi-afirma-que-campos-neto-comete-crime-contra-o-pais-ao-nao-intervir-para-conter-o-dolar-6749d11b0a2bc\">Source link <\/a><\/p>","protected":false},"excerpt":{"rendered":"<p>A presidente nacional do PT, Gleisi Hoffmann (PT-PR), atacou o presidente do Banco Central, Roberto Campos Neto, por n\u00e3o tomar medidas para conter a escalada do d\u00f3lar que chegou a&hellip;<\/p>","protected":false},"author":1,"featured_media":67891,"comment_status":"closed","ping_status":"open","sticky":false,"template":"","format":"standard","meta":{"content-type":"","footnotes":""},"categories":[16],"tags":[123,2448,5313,1267],"class_list":["post-67890","post","type-post","status-publish","format-standard","has-post-thumbnail","hentry","category-noticias","tag-brasil","tag-diario","tag-noticia","tag-noticias"],"_links":{"self":[{"href":"https:\/\/tvbrazilusa.com\/pt\/wp-json\/wp\/v2\/posts\/67890","targetHints":{"allow":["GET"]}}],"collection":[{"href":"https:\/\/tvbrazilusa.com\/pt\/wp-json\/wp\/v2\/posts"}],"about":[{"href":"https:\/\/tvbrazilusa.com\/pt\/wp-json\/wp\/v2\/types\/post"}],"author":[{"embeddable":true,"href":"https:\/\/tvbrazilusa.com\/pt\/wp-json\/wp\/v2\/users\/1"}],"replies":[{"embeddable":true,"href":"https:\/\/tvbrazilusa.com\/pt\/wp-json\/wp\/v2\/comments?post=67890"}],"version-history":[{"count":1,"href":"https:\/\/tvbrazilusa.com\/pt\/wp-json\/wp\/v2\/posts\/67890\/revisions"}],"predecessor-version":[{"id":67892,"href":"https:\/\/tvbrazilusa.com\/pt\/wp-json\/wp\/v2\/posts\/67890\/revisions\/67892"}],"wp:featuredmedia":[{"embeddable":true,"href":"https:\/\/tvbrazilusa.com\/pt\/wp-json\/wp\/v2\/media\/67891"}],"wp:attachment":[{"href":"https:\/\/tvbrazilusa.com\/pt\/wp-json\/wp\/v2\/media?parent=67890"}],"wp:term":[{"taxonomy":"category","embeddable":true,"href":"https:\/\/tvbrazilusa.com\/pt\/wp-json\/wp\/v2\/categories?post=67890"},{"taxonomy":"post_tag","embeddable":true,"href":"https:\/\/tvbrazilusa.com\/pt\/wp-json\/wp\/v2\/tags?post=67890"}],"curies":[{"name":"wp","href":"https:\/\/api.w.org\/{rel}","templated":true}]}}