{"id":67900,"date":"2024-11-29T17:05:18","date_gmt":"2024-11-29T17:05:18","guid":{"rendered":"https:\/\/tvbrazilusa.com\/2024\/11\/29\/internet-recupera-video-de-boulos-chamando-moraes-de-fascista-escarnio-e-genocida-assista\/"},"modified":"2024-11-29T17:05:19","modified_gmt":"2024-11-29T17:05:19","slug":"internet-recupera-video-de-boulos-chamando-moraes-de-fascista-escarnio-e-genocida-assista","status":"publish","type":"post","link":"https:\/\/tvbrazilusa.com\/pt\/2024\/11\/29\/internet-recupera-video-de-boulos-chamando-moraes-de-fascista-escarnio-e-genocida-assista\/","title":{"rendered":"Internet recupera v\u00eddeo de Boulos chamando Moraes de &#8216;fascista&#8217;, &#8216;esc\u00e1rnio&#8217; e &#8216;genocida&#8217;; ASSISTA"},"content":{"rendered":"<p> <script async src=\"https:\/\/pagead2.googlesyndication.com\/pagead\/js\/adsbygoogle.js?client=ca-pub-8864793242727901\"\r\n     crossorigin=\"anonymous\"><\/script><br \/>\n<\/p>\n<div id=\"taboola-read-more\" style=\"display:block; width:100%\">\n<p>Um v\u00eddeo que circula nas redes sociais mostra o momento em que Guilherme Boulos (Psol) chama Alexandre de Moraes de \u201cfascista\u201d. A declara\u00e7\u00e3o aconteceu em 2016, durante a participa\u00e7\u00e3o do psolista no programa Havana Connection, com o jornalista Leonardo Sakamoto. \u00c0 \u00e9poca, Moraes era ministro da Justi\u00e7a do governo de Michel Temer.\n<\/p>\n<p>\u201cO Alexandre de Moraes, ele \u00e9 um fascista\u201d, disse Boulos. \u201cEle \u00e9 um sujeito de posi\u00e7\u00f5es fascistas. Ele, como ministro da Justi\u00e7a, \u00e9 um esc\u00e1rnio, \u00e9 uma excresc\u00eancia.\u201d<\/p>\n<p>\u201cE a primeira declara\u00e7\u00e3o dele, como ministro da Justi\u00e7a, n\u00e3o \u00e9: \u2018Vou combater a corrup\u00e7\u00e3o, vou combater o tr\u00e1fico de drogas&#8217;\u201d, acrescentou. \u201c[\u2026] A primeira declara\u00e7\u00e3o dele \u00e9: \u2018Vou combater os movimentos sociais que fogem \u00e0 ordem e que s\u00e3o criminosos\u2019.\u201d\n<\/p>\n<p>Boulos prossegue: \u201cCrime \u00e9 o que ele fazia como chefe da Seguran\u00e7a P\u00fablica de S\u00e3o Paulo, fazendo genoc\u00eddio, matando, exterminando a juventude negra da periferia\u201d.\n<\/p>\n<p>\u201cSe h\u00e1 algu\u00e9m que executa ou protege crime entre o ministro da Justi\u00e7a e os movimentos sociais, \u00e9 seguramente, o ministro da Justi\u00e7a\u201d, continuou Boulos. \u201cEssa postura \u00e9 do Alexandre de Moraes.\u201d\n<\/p>\n<p>Na sequ\u00eancia, o ex-deputado federal Jean Wyllys concorda com o psolista e chama Moraes de \u201cdemagogo\u201d e \u201chip\u00f3crita\u201d.\n<\/p>\n<p><strong>Veja o momento em que Boulos critica Moraes<\/strong>\n<\/p>\n<p>No canal do YouTube do\u00a0<em>Havana Connection<\/em>, \u00e9 poss\u00edvel encontrar edi\u00e7\u00f5es de outros epis\u00f3dios do programa na \u00edntegra. No entanto, o epis\u00f3dio em que Boulos fala sobre Moraes est\u00e1 incompleto. H\u00e1 somente alguns cortes \u2014 e em nenhum deles aparece a fala do psolista contra o ent\u00e3o ministro da Justi\u00e7a.\n<\/p>\n<p>Fonte: O antagonista<\/p>\n<\/p><\/div>\n<p><br \/>\n<br \/><a href=\"https:\/\/diariodobrasilnoticias.com.br\/noticia\/internet-recupera-video-de-boulos-chamando-moraes-de-fascista-escarnio-e-genocida-assista-6749cd0274460\">Source link <\/a><\/p>","protected":false},"excerpt":{"rendered":"<p>Um v\u00eddeo que circula nas redes sociais mostra o momento em que Guilherme Boulos (Psol) chama Alexandre de Moraes de \u201cfascista\u201d. A declara\u00e7\u00e3o aconteceu em 2016, durante a participa\u00e7\u00e3o do&hellip;<\/p>","protected":false},"author":1,"featured_media":67901,"comment_status":"closed","ping_status":"open","sticky":false,"template":"","format":"standard","meta":{"content-type":"","footnotes":""},"categories":[16],"tags":[123,2448,5313,1267],"class_list":["post-67900","post","type-post","status-publish","format-standard","has-post-thumbnail","hentry","category-noticias","tag-brasil","tag-diario","tag-noticia","tag-noticias"],"_links":{"self":[{"href":"https:\/\/tvbrazilusa.com\/pt\/wp-json\/wp\/v2\/posts\/67900","targetHints":{"allow":["GET"]}}],"collection":[{"href":"https:\/\/tvbrazilusa.com\/pt\/wp-json\/wp\/v2\/posts"}],"about":[{"href":"https:\/\/tvbrazilusa.com\/pt\/wp-json\/wp\/v2\/types\/post"}],"author":[{"embeddable":true,"href":"https:\/\/tvbrazilusa.com\/pt\/wp-json\/wp\/v2\/users\/1"}],"replies":[{"embeddable":true,"href":"https:\/\/tvbrazilusa.com\/pt\/wp-json\/wp\/v2\/comments?post=67900"}],"version-history":[{"count":1,"href":"https:\/\/tvbrazilusa.com\/pt\/wp-json\/wp\/v2\/posts\/67900\/revisions"}],"predecessor-version":[{"id":67902,"href":"https:\/\/tvbrazilusa.com\/pt\/wp-json\/wp\/v2\/posts\/67900\/revisions\/67902"}],"wp:featuredmedia":[{"embeddable":true,"href":"https:\/\/tvbrazilusa.com\/pt\/wp-json\/wp\/v2\/media\/67901"}],"wp:attachment":[{"href":"https:\/\/tvbrazilusa.com\/pt\/wp-json\/wp\/v2\/media?parent=67900"}],"wp:term":[{"taxonomy":"category","embeddable":true,"href":"https:\/\/tvbrazilusa.com\/pt\/wp-json\/wp\/v2\/categories?post=67900"},{"taxonomy":"post_tag","embeddable":true,"href":"https:\/\/tvbrazilusa.com\/pt\/wp-json\/wp\/v2\/tags?post=67900"}],"curies":[{"name":"wp","href":"https:\/\/api.w.org\/{rel}","templated":true}]}}