{"id":67970,"date":"2024-11-29T15:23:02","date_gmt":"2024-11-29T15:23:02","guid":{"rendered":"https:\/\/tvbrazilusa.com\/2024\/11\/29\/show-da-manha-marco-antonio-costa-adrilles-paula-marisa-rafael-satie-ricardo-ventura-29-11-2024\/"},"modified":"2024-11-29T15:23:02","modified_gmt":"2024-11-29T15:23:02","slug":"show-da-manha-marco-antonio-costa-adrilles-paula-marisa-rafael-satie-ricardo-ventura-29-11-2024","status":"publish","type":"post","link":"https:\/\/tvbrazilusa.com\/pt\/2024\/11\/29\/show-da-manha-marco-antonio-costa-adrilles-paula-marisa-rafael-satie-ricardo-ventura-29-11-2024\/","title":{"rendered":"SHOW DA MANH\u00c3-MARCO ANT\u00d4NIO COSTA, ADRILLES, PAULA MARISA, RAFAEL SATI\u00ca, RICARDO VENTURA -29\/11\/2024"},"content":{"rendered":"<p><iframe  width=\"580\" height=\"385\" src=\"https:\/\/www.youtube.com\/embed\/Xn3jM-Lv-84?modestbranding=1\" frameborder=\"0\" allowfullscreen><\/iframe><br \/>\n<br \/>\ud83d\udd25BLACK NOVEMBER PRORROGADA! ASSINE O FIO DI\u00c1RIO E GANHE 50% DE DESCONTO! MAS VALE S\u00d3 AT\u00c9 DOMINGO &#8211; 01\/12! ACESSE AGORA:  <\/p>\n<p>\ud83d\udd25LAN\u00c7AMENTO DA LIVRARIA FIO DI\u00c1RIO! DESCONTOS DE AT\u00c9 80% NOS MELHORES LIVROS! ACESSE: <\/p>\n<p>Inscreva-se no nosso Canal!<\/p>\n<p>Ou\u00e7a no Spotify: <\/p>\n<p>Para contribuir com o Fio Di\u00e1rio, envie um PIX em nossa chave: contato@fiodiario.com<\/p>\n<p>Siga no Instagram:<\/p>\n<p>Marco Ant\u00f4nio Costa: <\/p>\n<p>Adrilles Jorge: <\/p>\n<p>Fio Di\u00e1rio: <\/p>\n<p><a href=\"https:\/\/www.youtube.com\/watch?v=Xn3jM-Lv-84\">source<\/a><\/p>","protected":false},"excerpt":{"rendered":"<p>\ud83d\udd25BLACK NOVEMBER PRORROGADA! ASSINE O FIO DI\u00c1RIO E GANHE 50% DE DESCONTO! MAS VALE S\u00d3 AT\u00c9 DOMINGO &#8211; 01\/12! ACESSE AGORA: \ud83d\udd25LAN\u00c7AMENTO DA LIVRARIA FIO DI\u00c1RIO! DESCONTOS DE AT\u00c9 80%&hellip;<\/p>","protected":false},"author":1,"featured_media":67971,"comment_status":"","ping_status":"open","sticky":false,"template":"","format":"standard","meta":{"content-type":"","footnotes":""},"categories":[17],"tags":[560,559,437,9120,543,703,704,72,705,63,31369],"class_list":["post-67970","post","type-post","status-publish","format-standard","has-post-thumbnail","hentry","category-programas","tag-adrilles","tag-antonio","tag-costa","tag-manhamarco","tag-marisa","tag-paula","tag-rafael","tag-ricardo","tag-satie","tag-show","tag-ventura"],"_links":{"self":[{"href":"https:\/\/tvbrazilusa.com\/pt\/wp-json\/wp\/v2\/posts\/67970","targetHints":{"allow":["GET"]}}],"collection":[{"href":"https:\/\/tvbrazilusa.com\/pt\/wp-json\/wp\/v2\/posts"}],"about":[{"href":"https:\/\/tvbrazilusa.com\/pt\/wp-json\/wp\/v2\/types\/post"}],"author":[{"embeddable":true,"href":"https:\/\/tvbrazilusa.com\/pt\/wp-json\/wp\/v2\/users\/1"}],"replies":[{"embeddable":true,"href":"https:\/\/tvbrazilusa.com\/pt\/wp-json\/wp\/v2\/comments?post=67970"}],"version-history":[{"count":0,"href":"https:\/\/tvbrazilusa.com\/pt\/wp-json\/wp\/v2\/posts\/67970\/revisions"}],"wp:featuredmedia":[{"embeddable":true,"href":"https:\/\/tvbrazilusa.com\/pt\/wp-json\/wp\/v2\/media\/67971"}],"wp:attachment":[{"href":"https:\/\/tvbrazilusa.com\/pt\/wp-json\/wp\/v2\/media?parent=67970"}],"wp:term":[{"taxonomy":"category","embeddable":true,"href":"https:\/\/tvbrazilusa.com\/pt\/wp-json\/wp\/v2\/categories?post=67970"},{"taxonomy":"post_tag","embeddable":true,"href":"https:\/\/tvbrazilusa.com\/pt\/wp-json\/wp\/v2\/tags?post=67970"}],"curies":[{"name":"wp","href":"https:\/\/api.w.org\/{rel}","templated":true}]}}