{"id":68024,"date":"2024-11-29T20:42:52","date_gmt":"2024-11-29T20:42:52","guid":{"rendered":"https:\/\/tvbrazilusa.com\/2024\/11\/29\/foguete-e-disparado-ao-espaco-a-partir-de-natal-veja-video\/"},"modified":"2024-11-29T20:42:53","modified_gmt":"2024-11-29T20:42:53","slug":"foguete-e-disparado-ao-espaco-a-partir-de-natal-veja-video","status":"publish","type":"post","link":"https:\/\/tvbrazilusa.com\/pt\/2024\/11\/29\/foguete-e-disparado-ao-espaco-a-partir-de-natal-veja-video\/","title":{"rendered":"Foguete \u00e9 disparado ao espa\u00e7o a partir de Natal; VEJA V\u00cdDEO"},"content":{"rendered":"<p> <script async src=\"https:\/\/pagead2.googlesyndication.com\/pagead\/js\/adsbygoogle.js?client=ca-pub-8864793242727901\"\r\n     crossorigin=\"anonymous\"><\/script><br \/>\n<\/p>\n<div id=\"taboola-read-more\" style=\"display:block; width:100%\">\n<p>Um foguete suborbital foi lan\u00e7ado ao espa\u00e7o a partir do Centro de Lan\u00e7amento da Barreira do Inferno, em Parnamirim, nesta sexta-feira (29). O lan\u00e7amento aconteceu \u00e0s 13h18.\n<\/p>\n<p>O lan\u00e7amento marca a retomada da atividade do Centro de Lan\u00e7amento da Barreira do Inferno, que n\u00e3o realizava lan\u00e7amentos de foguetes desse porte h\u00e1 13 anos.<\/p>\n<p>Embora o acesso da imprensa e da popula\u00e7\u00e3o \u00e0 base n\u00e3o tenha sido permitido, dezenas de pessoas assistiram \u00e0 cena de \u00e1reas pr\u00f3ximas ao centro.\n<\/p>\n<p>O lan\u00e7amento faz parte da Opera\u00e7\u00e3o Potiguar, que envolve cerca de 300 pessoas entre militares e civis.\n<\/p>\n<p>Segundo a For\u00e7a A\u00e9rea Brasileira, essa \u00e9 a primeira fase da opera\u00e7\u00e3o, que tem a miss\u00e3o principal de testar as capacidades operacionais da Barreira do Inferno.\n<\/p>\n<p>De acordo com a coordena\u00e7\u00e3o geral, o objetivo \u00e9 ampliar os lan\u00e7amentos espaciais no RN e apoiar o Programa Espacial Brasileiro.\n<\/p>\n<p>A segunda fase da opera\u00e7\u00e3o est\u00e1 programada para o segundo semestre de 2025, quando um novo foguete ser\u00e1 lan\u00e7ado com uma carga ainda indefinida, destinada a experimentos cient\u00edficos.\n<\/p>\n<p>O foguete que foi lan\u00e7ado nesta sexta-feira (29) possui 8 metros de comprimento, pesa 1,5 tonelada, sendo 900 quilos de combust\u00edvel, e alcan\u00e7ar\u00e1 uma altitude de 150 km em cerca de 3 minutos. Ele \u00e9 inteiramente desenvolvido com tecnologia nacional.\n<\/p>\n<p><strong>ASSISTA:<\/strong>\n<\/p>\n<p>Fonte: Blog do BG              <\/p>\n<\/div>\n<p><br \/>\n<br \/><a href=\"https:\/\/diariodobrasilnoticias.com.br\/noticia\/foguete-e-disparado-ao-espaco-a-partir-da-base-da-barreira-do-inferno-veja-video-674a00d789b62\">Source link <\/a><\/p>","protected":false},"excerpt":{"rendered":"<p>Um foguete suborbital foi lan\u00e7ado ao espa\u00e7o a partir do Centro de Lan\u00e7amento da Barreira do Inferno, em Parnamirim, nesta sexta-feira (29). O lan\u00e7amento aconteceu \u00e0s 13h18. O lan\u00e7amento marca&hellip;<\/p>","protected":false},"author":1,"featured_media":68025,"comment_status":"closed","ping_status":"open","sticky":false,"template":"","format":"standard","meta":{"content-type":"","footnotes":""},"categories":[16],"tags":[123,2448,5313,1267],"class_list":["post-68024","post","type-post","status-publish","format-standard","has-post-thumbnail","hentry","category-noticias","tag-brasil","tag-diario","tag-noticia","tag-noticias"],"_links":{"self":[{"href":"https:\/\/tvbrazilusa.com\/pt\/wp-json\/wp\/v2\/posts\/68024","targetHints":{"allow":["GET"]}}],"collection":[{"href":"https:\/\/tvbrazilusa.com\/pt\/wp-json\/wp\/v2\/posts"}],"about":[{"href":"https:\/\/tvbrazilusa.com\/pt\/wp-json\/wp\/v2\/types\/post"}],"author":[{"embeddable":true,"href":"https:\/\/tvbrazilusa.com\/pt\/wp-json\/wp\/v2\/users\/1"}],"replies":[{"embeddable":true,"href":"https:\/\/tvbrazilusa.com\/pt\/wp-json\/wp\/v2\/comments?post=68024"}],"version-history":[{"count":1,"href":"https:\/\/tvbrazilusa.com\/pt\/wp-json\/wp\/v2\/posts\/68024\/revisions"}],"predecessor-version":[{"id":68026,"href":"https:\/\/tvbrazilusa.com\/pt\/wp-json\/wp\/v2\/posts\/68024\/revisions\/68026"}],"wp:featuredmedia":[{"embeddable":true,"href":"https:\/\/tvbrazilusa.com\/pt\/wp-json\/wp\/v2\/media\/68025"}],"wp:attachment":[{"href":"https:\/\/tvbrazilusa.com\/pt\/wp-json\/wp\/v2\/media?parent=68024"}],"wp:term":[{"taxonomy":"category","embeddable":true,"href":"https:\/\/tvbrazilusa.com\/pt\/wp-json\/wp\/v2\/categories?post=68024"},{"taxonomy":"post_tag","embeddable":true,"href":"https:\/\/tvbrazilusa.com\/pt\/wp-json\/wp\/v2\/tags?post=68024"}],"curies":[{"name":"wp","href":"https:\/\/api.w.org\/{rel}","templated":true}]}}