{"id":68057,"date":"2024-11-29T21:51:35","date_gmt":"2024-11-29T21:51:35","guid":{"rendered":"https:\/\/tvbrazilusa.com\/2024\/11\/29\/stf-aprova-lei-que-estabelece-limite-de-idade-para-ingresso-na-guarda-civil-metropolitana\/"},"modified":"2024-11-29T21:51:37","modified_gmt":"2024-11-29T21:51:37","slug":"stf-aprova-lei-que-estabelece-limite-de-idade-para-ingresso-na-guarda-civil-metropolitana","status":"publish","type":"post","link":"https:\/\/tvbrazilusa.com\/pt\/2024\/11\/29\/stf-aprova-lei-que-estabelece-limite-de-idade-para-ingresso-na-guarda-civil-metropolitana\/","title":{"rendered":"STF aprova lei que estabelece limite de idade para ingresso na Guarda Civil Metropolitana"},"content":{"rendered":"<p> <script async src=\"https:\/\/pagead2.googlesyndication.com\/pagead\/js\/adsbygoogle.js?client=ca-pub-8864793242727901\"\r\n     crossorigin=\"anonymous\"><\/script><br \/>\n<\/p>\n<div id=\"taboola-read-more\" style=\"display:block; width:100%\">\n<p>O ministro Alexandre de Moraes, do Supremo Tribunal Federal (STF), validou uma lei municipal de S\u00e3o Paulo que estabelece a idade m\u00e1xima de 30 anos para o ingresso na Guarda Civil Metropolitana (GCM).\n<\/p>\n<p>A decis\u00e3o, proferida na \u00faltima segunda-feira, 25, invalida um ac\u00f3rd\u00e3o do Tribunal de Justi\u00e7a de S\u00e3o Paulo (TJSP). A Corte paulista havia anulado a lei da C\u00e2mara Municipal que estabelecia o limite de idade.<\/p>\n<p><strong>STF julgou procedente a a\u00e7\u00e3o feita pela C\u00e2mara Municipal<\/strong><br \/>Na pr\u00e1tica, o magistrado julgou procedente a reclama\u00e7\u00e3o feita pela C\u00e2mara Municipal depois da cassa\u00e7\u00e3o da Justi\u00e7a de S\u00e3o Paulo. Ao julgar uma A\u00e7\u00e3o Direta de Inconstitucionalidade, o TJSP entendeu que n\u00e3o deveria haver um limite para ser um GCM antes dos 35 anos.\n<\/p>\n<p>A Procuradoria da C\u00e2mara Municipal, contudo, contra-argumentou com base no Tema de Repercuss\u00e3o Geral 646, do STF.\n<\/p>\n<p>O que diz a lei<br \/>Essa lei estabelece \u201cque o limite de idade para inscri\u00e7\u00e3o em concurso p\u00fablico apenas \u00e9 leg\u00edtimo quando justificado pela natureza das atribui\u00e7\u00f5es em um cargo p\u00fablico\u201d. Nesse caso, portanto, \u00e9 razo\u00e1vel que haja \u201climita\u00e7\u00e3o de idade em cargo que envolva a seguran\u00e7a p\u00fablica\u201d.\n<\/p>\n<p>\u201cAo afastar a exig\u00eancia de idade m\u00e1xima no concurso para ingresso na GCM, o ac\u00f3rd\u00e3o reclamado contrariou a tese fixada no julgamento do Tema 646-RG\u201d, escreveu o ministro.\n<\/p>\n<p>Al\u00e9m disso, o magistrado entendeu que deveria haver o limite estabelecido por lei em virtude da natureza da profiss\u00e3o de GCM. \u201cAssim, tem-se validade do estabelecimento de limita\u00e7\u00f5es ao ingresso na carreira p\u00fablica\u201d, determinou o magistrado. \u201cO limite, contudo, deve ser justificado em raz\u00e3o da natureza e das atribui\u00e7\u00f5es do cargo.\u201d\n<\/p>\n<p>Fonte: Revista Oeste              <\/p>\n<\/div>\n<p><br \/>\n<br \/><a href=\"https:\/\/diariodobrasilnoticias.com.br\/noticia\/stf-aprova-lei-que-estabelece-limite-de-idade-para-ingresso-na-guarda-civil-metropolitana-674a17b411ca1\">Source link <\/a><\/p>","protected":false},"excerpt":{"rendered":"<p>O ministro Alexandre de Moraes, do Supremo Tribunal Federal (STF), validou uma lei municipal de S\u00e3o Paulo que estabelece a idade m\u00e1xima de 30 anos para o ingresso na Guarda&hellip;<\/p>","protected":false},"author":1,"featured_media":68058,"comment_status":"closed","ping_status":"open","sticky":false,"template":"","format":"standard","meta":{"content-type":"","footnotes":""},"categories":[16],"tags":[123,2448,5313,1267],"class_list":["post-68057","post","type-post","status-publish","format-standard","has-post-thumbnail","hentry","category-noticias","tag-brasil","tag-diario","tag-noticia","tag-noticias"],"_links":{"self":[{"href":"https:\/\/tvbrazilusa.com\/pt\/wp-json\/wp\/v2\/posts\/68057","targetHints":{"allow":["GET"]}}],"collection":[{"href":"https:\/\/tvbrazilusa.com\/pt\/wp-json\/wp\/v2\/posts"}],"about":[{"href":"https:\/\/tvbrazilusa.com\/pt\/wp-json\/wp\/v2\/types\/post"}],"author":[{"embeddable":true,"href":"https:\/\/tvbrazilusa.com\/pt\/wp-json\/wp\/v2\/users\/1"}],"replies":[{"embeddable":true,"href":"https:\/\/tvbrazilusa.com\/pt\/wp-json\/wp\/v2\/comments?post=68057"}],"version-history":[{"count":1,"href":"https:\/\/tvbrazilusa.com\/pt\/wp-json\/wp\/v2\/posts\/68057\/revisions"}],"predecessor-version":[{"id":68059,"href":"https:\/\/tvbrazilusa.com\/pt\/wp-json\/wp\/v2\/posts\/68057\/revisions\/68059"}],"wp:featuredmedia":[{"embeddable":true,"href":"https:\/\/tvbrazilusa.com\/pt\/wp-json\/wp\/v2\/media\/68058"}],"wp:attachment":[{"href":"https:\/\/tvbrazilusa.com\/pt\/wp-json\/wp\/v2\/media?parent=68057"}],"wp:term":[{"taxonomy":"category","embeddable":true,"href":"https:\/\/tvbrazilusa.com\/pt\/wp-json\/wp\/v2\/categories?post=68057"},{"taxonomy":"post_tag","embeddable":true,"href":"https:\/\/tvbrazilusa.com\/pt\/wp-json\/wp\/v2\/tags?post=68057"}],"curies":[{"name":"wp","href":"https:\/\/api.w.org\/{rel}","templated":true}]}}