{"id":68063,"date":"2024-11-29T22:17:03","date_gmt":"2024-11-29T22:17:03","guid":{"rendered":"https:\/\/tvbrazilusa.com\/2024\/11\/29\/ataque-do-hamas-a-onibus-na-cisjordania-deixa-multiplos-feridos\/"},"modified":"2024-11-29T22:17:04","modified_gmt":"2024-11-29T22:17:04","slug":"ataque-do-hamas-a-onibus-na-cisjordania-deixa-multiplos-feridos","status":"publish","type":"post","link":"https:\/\/tvbrazilusa.com\/pt\/2024\/11\/29\/ataque-do-hamas-a-onibus-na-cisjordania-deixa-multiplos-feridos\/","title":{"rendered":"Ataque do Hamas a \u00f4nibus na Cisjord\u00e2nia deixa m\u00faltiplos feridos"},"content":{"rendered":"<p> <script async src=\"https:\/\/pagead2.googlesyndication.com\/pagead\/js\/adsbygoogle.js?client=ca-pub-8864793242727901\"\r\n     crossorigin=\"anonymous\"><\/script><br \/>\n<\/p>\n<div id=\"taboola-read-more\" style=\"display:block; width:100%\">\n<p>Ao menos oito pessoas ficaram feridas num ataque a tiros perpetrado por um integrante do grupo terrorista Hamas contra ocupantes de um \u00f4nibus civil perto do assentamento de Ariel, na Cisjord\u00e2nia, nesta sexta-feira (29).\n<\/p>\n<p>Segundo informa\u00e7\u00f5es do jornal The Times of Israel, tr\u00eas dos baleados foram hospitalizados em estado grave e outro sofreu ferimentos leves. Os outros quatro feridos foram atingidos por cacos de vidro.<\/p>\n<p>Tropas das For\u00e7as de Defesa de Israel (FDI) que estavam na \u00e1rea mataram o agressor. Quatro dos feridos s\u00e3o militares, que sofreram ferimentos leves.\n<\/p>\n<p>As Brigadas Al-Qassam, o bra\u00e7o militar do Hamas, reivindicaram o atentado e informaram que o atirador se chamava Samir Muhammad Ahmad Hussein, de 46 anos, e era da vila de Einabus, perto da cidade de Nablus. No ataque, ele utilizou um fuzil de assalto M-16.\n<\/p>\n<p>Ap\u00f3s os ataques terroristas do Hamas a Israel em 7 de outubro de 2023, 41 pessoas foram mortas em atentados em Israel e na Cisjord\u00e2nia. Al\u00e9m da guerra na Faixa de Gaza contra o Hamas, que dominava o enclave palestino, as FDI iniciaram uma ofensiva contra grupos terroristas na Cisjord\u00e2nia em agosto.\n<\/p>\n<p>Fonte: Gazeta do Povo              <\/p>\n<\/div>\n<p><br \/>\n<br \/><a href=\"https:\/\/diariodobrasilnoticias.com.br\/noticia\/ataque-do-hamas-a-onibus-na-cisjordania-deixa-multiplos-feridos-674a192ab8163\">Source link <\/a><\/p>","protected":false},"excerpt":{"rendered":"<p>Ao menos oito pessoas ficaram feridas num ataque a tiros perpetrado por um integrante do grupo terrorista Hamas contra ocupantes de um \u00f4nibus civil perto do assentamento de Ariel, na&hellip;<\/p>","protected":false},"author":1,"featured_media":68064,"comment_status":"closed","ping_status":"open","sticky":false,"template":"","format":"standard","meta":{"content-type":"","footnotes":""},"categories":[16],"tags":[123,2448,5313,1267],"class_list":["post-68063","post","type-post","status-publish","format-standard","has-post-thumbnail","hentry","category-noticias","tag-brasil","tag-diario","tag-noticia","tag-noticias"],"_links":{"self":[{"href":"https:\/\/tvbrazilusa.com\/pt\/wp-json\/wp\/v2\/posts\/68063","targetHints":{"allow":["GET"]}}],"collection":[{"href":"https:\/\/tvbrazilusa.com\/pt\/wp-json\/wp\/v2\/posts"}],"about":[{"href":"https:\/\/tvbrazilusa.com\/pt\/wp-json\/wp\/v2\/types\/post"}],"author":[{"embeddable":true,"href":"https:\/\/tvbrazilusa.com\/pt\/wp-json\/wp\/v2\/users\/1"}],"replies":[{"embeddable":true,"href":"https:\/\/tvbrazilusa.com\/pt\/wp-json\/wp\/v2\/comments?post=68063"}],"version-history":[{"count":1,"href":"https:\/\/tvbrazilusa.com\/pt\/wp-json\/wp\/v2\/posts\/68063\/revisions"}],"predecessor-version":[{"id":68065,"href":"https:\/\/tvbrazilusa.com\/pt\/wp-json\/wp\/v2\/posts\/68063\/revisions\/68065"}],"wp:featuredmedia":[{"embeddable":true,"href":"https:\/\/tvbrazilusa.com\/pt\/wp-json\/wp\/v2\/media\/68064"}],"wp:attachment":[{"href":"https:\/\/tvbrazilusa.com\/pt\/wp-json\/wp\/v2\/media?parent=68063"}],"wp:term":[{"taxonomy":"category","embeddable":true,"href":"https:\/\/tvbrazilusa.com\/pt\/wp-json\/wp\/v2\/categories?post=68063"},{"taxonomy":"post_tag","embeddable":true,"href":"https:\/\/tvbrazilusa.com\/pt\/wp-json\/wp\/v2\/tags?post=68063"}],"curies":[{"name":"wp","href":"https:\/\/api.w.org\/{rel}","templated":true}]}}