{"id":68069,"date":"2024-11-29T22:35:49","date_gmt":"2024-11-29T22:35:49","guid":{"rendered":"https:\/\/tvbrazilusa.com\/2024\/11\/29\/band-comunica-termino-de-contrato-com-denilson-e-deseja-sucesso\/"},"modified":"2024-11-29T22:35:51","modified_gmt":"2024-11-29T22:35:51","slug":"band-comunica-termino-de-contrato-com-denilson-e-deseja-sucesso","status":"publish","type":"post","link":"https:\/\/tvbrazilusa.com\/pt\/2024\/11\/29\/band-comunica-termino-de-contrato-com-denilson-e-deseja-sucesso\/","title":{"rendered":"Band comunica t\u00e9rmino de contrato com Denilson e deseja sucesso"},"content":{"rendered":"<p> <script async src=\"https:\/\/pagead2.googlesyndication.com\/pagead\/js\/adsbygoogle.js?client=ca-pub-8864793242727901\"\r\n     crossorigin=\"anonymous\"><\/script><br \/>\n<\/p>\n<div id=\"taboola-read-more\" style=\"display:block; width:100%\">\n<p>Nesta sexta-feira (29), a Band anunciou que o ex-jogador e comentarista Denilson encerrou seu contrato com a emissora. Ele passou quase 15 anos no canal.\n<\/p>\n<p>Na nota, a emissora agradeceu a longa parceria e desejou sucesso ao ex-atleta.<\/p>\n<p>Den\u00edlson de Oliveira n\u00e3o far\u00e1 mais parte do elenco do Grupo Bandeirantes a partir de 2025. Nesses quase 15 anos de empresa, ele integrou a equipe do Jogo Aberto e participou de transmiss\u00f5es importantes, como Copa do Mundo e Olimp\u00edada, tanto na TV quanto na r\u00e1dio BandNews FM. Agradecemos essa longa parceria e desejamos sucesso ao comentarista em seus pr\u00f3ximos desafios \u2013 diz o texto.\n<\/p>\n<p>A Band disse ainda que \u201canunciar\u00e1 novidades para 2025 no Jogo Aberto\u201d, programa que contava com apresenta\u00e7\u00e3o de Denilson ao lado de Renata Fan. As informa\u00e7\u00f5es s\u00e3o do Metr\u00f3poles.\n<\/p>\n<p>Fonte: Pleno News              <\/p>\n<\/div>\n<p><br \/>\n<br \/><a href=\"https:\/\/diariodobrasilnoticias.com.br\/noticia\/band-comunica-termino-de-contrato-com-denilson-e-deseja-sucesso-674a1ac3173c5\">Source link <\/a><\/p>","protected":false},"excerpt":{"rendered":"<p>Nesta sexta-feira (29), a Band anunciou que o ex-jogador e comentarista Denilson encerrou seu contrato com a emissora. Ele passou quase 15 anos no canal. Na nota, a emissora agradeceu&hellip;<\/p>","protected":false},"author":1,"featured_media":68070,"comment_status":"closed","ping_status":"open","sticky":false,"template":"","format":"standard","meta":{"content-type":"","footnotes":""},"categories":[16],"tags":[123,2448,5313,1267],"class_list":["post-68069","post","type-post","status-publish","format-standard","has-post-thumbnail","hentry","category-noticias","tag-brasil","tag-diario","tag-noticia","tag-noticias"],"_links":{"self":[{"href":"https:\/\/tvbrazilusa.com\/pt\/wp-json\/wp\/v2\/posts\/68069","targetHints":{"allow":["GET"]}}],"collection":[{"href":"https:\/\/tvbrazilusa.com\/pt\/wp-json\/wp\/v2\/posts"}],"about":[{"href":"https:\/\/tvbrazilusa.com\/pt\/wp-json\/wp\/v2\/types\/post"}],"author":[{"embeddable":true,"href":"https:\/\/tvbrazilusa.com\/pt\/wp-json\/wp\/v2\/users\/1"}],"replies":[{"embeddable":true,"href":"https:\/\/tvbrazilusa.com\/pt\/wp-json\/wp\/v2\/comments?post=68069"}],"version-history":[{"count":1,"href":"https:\/\/tvbrazilusa.com\/pt\/wp-json\/wp\/v2\/posts\/68069\/revisions"}],"predecessor-version":[{"id":68071,"href":"https:\/\/tvbrazilusa.com\/pt\/wp-json\/wp\/v2\/posts\/68069\/revisions\/68071"}],"wp:featuredmedia":[{"embeddable":true,"href":"https:\/\/tvbrazilusa.com\/pt\/wp-json\/wp\/v2\/media\/68070"}],"wp:attachment":[{"href":"https:\/\/tvbrazilusa.com\/pt\/wp-json\/wp\/v2\/media?parent=68069"}],"wp:term":[{"taxonomy":"category","embeddable":true,"href":"https:\/\/tvbrazilusa.com\/pt\/wp-json\/wp\/v2\/categories?post=68069"},{"taxonomy":"post_tag","embeddable":true,"href":"https:\/\/tvbrazilusa.com\/pt\/wp-json\/wp\/v2\/tags?post=68069"}],"curies":[{"name":"wp","href":"https:\/\/api.w.org\/{rel}","templated":true}]}}