{"id":68072,"date":"2024-11-29T22:48:58","date_gmt":"2024-11-29T22:48:58","guid":{"rendered":"https:\/\/tvbrazilusa.com\/2024\/11\/29\/internado-jorge-aragao-precisara-passar-por-cirurgia-de-emergencia\/"},"modified":"2024-11-29T22:49:00","modified_gmt":"2024-11-29T22:49:00","slug":"internado-jorge-aragao-precisara-passar-por-cirurgia-de-emergencia","status":"publish","type":"post","link":"https:\/\/tvbrazilusa.com\/pt\/2024\/11\/29\/internado-jorge-aragao-precisara-passar-por-cirurgia-de-emergencia\/","title":{"rendered":"Internado, Jorge Arag\u00e3o precisar\u00e1 passar por cirurgia de emerg\u00eancia"},"content":{"rendered":"<p> <script async src=\"https:\/\/pagead2.googlesyndication.com\/pagead\/js\/adsbygoogle.js?client=ca-pub-8864793242727901\"\r\n     crossorigin=\"anonymous\"><\/script><br \/>\n<\/p>\n<div>\n<figure class=\"post-image\">\n<\/figure>\n<p>            <span style=\"font-size: 12px\">Reprodu\u00e7\u00e3o\/Instagram<\/span><\/p>\n<p>            <!-- end metas --><br \/>\n            <!-- ADS --><\/p>\n<div id=\"taboola-read-more\" style=\"display:block; width:100%\">\n<p>Jorge Arag\u00e3o se pronunciou nas redes sociais ap\u00f3s ser internado no Hospital S\u00e3o Lucas Copacabana, no Rio de Janeiro. O cantor, que est\u00e1 com diagn\u00f3stico de colecistite aguda, afirmou que passar\u00e1 por uma cirurgia na pr\u00f3xima segunda-feira (2\/12) para retirada da ves\u00edcula biliar, mas tranquilizou os f\u00e3s ao afirmar que est\u00e1 bem.\n<\/p>\n<p>\u201cEu senti pontadas no est\u00f4mago e tive enjoo. J\u00e1 tem quase tr\u00eas anos que a minha ves\u00edcula est\u00e1 querendo fazer gra\u00e7a comigo. Desta vez, os m\u00e9dicos me prenderam para fazer a cirurgia. Ent\u00e3o, v\u00e3o arrancar minha ves\u00edcula para que eu possa continuar essa trajet\u00f3ria t\u00e3o bonita. Daqui a pouco estou de volta\u201d, disse o cantor.<\/p>\n<p>A interna\u00e7\u00e3o ocorre \u00e0s v\u00e9speras de um show marcado para este fim de semana em Bras\u00edlia, onde Jorge Arag\u00e3o dividiria o palco com Alcione e Fundo de Quintal. Por conta do problema m\u00e9dico, o artista n\u00e3o estar\u00e1 presente no evento.\n<\/p>\n<p>Fonte: Metr\u00f3poles              <\/p>\n<\/div>\n<p>                        <!-- Scripts para conteudo --><\/p>\n<p>            <!-- .\/Scripts para conteudo --><br \/>\n            <!-- .\/Mat\u00e9ria --><\/p>\n<div class=\"row mt-3\">\n<div class=\"col-sm-6\">\n                <!-- Whatsapp channel 3--><br \/>\n                <a href=\"https:\/\/chat.whatsapp.com\/J6hwSKYns5B0XFowx2wZ0P\" target=\"_blank\"><br \/>\n                  <img decoding=\"async\" src=\"https:\/\/diariodobrasilnoticias.com.br\/assets-site\/images\/bot_whatsapp.png\"\/><\/a>\n              <\/div>\n<div class=\"col-sm-6\">\n                <a href=\"https:\/\/t.me\/+_4gTmi5LKo03OTM5\" target=\"_blank\"><br \/>\n                  <img decoding=\"async\" src=\"https:\/\/diariodobrasilnoticias.com.br\/assets-site\/images\/bot_telegram.png\"\/><\/a>\n              <\/div>\n<\/p><\/div>\n<p>            <!-- end post-navigation --><\/p>\n<p>              <!-- end row --><\/p>\n<p>              <!-- end col-12-->\n                      <\/div>\n<p><br \/>\n<br \/><a href=\"https:\/\/diariodobrasilnoticias.com.br\/noticia\/internado-jorge-aragao-precisara-passar-por-cirurgia-de-emergencia-674a1c4e1630c\">Source link <\/a><\/p>","protected":false},"excerpt":{"rendered":"<p>Reprodu\u00e7\u00e3o\/Instagram Jorge Arag\u00e3o se pronunciou nas redes sociais ap\u00f3s ser internado no Hospital S\u00e3o Lucas Copacabana, no Rio de Janeiro. O cantor, que est\u00e1 com diagn\u00f3stico de colecistite aguda, afirmou&hellip;<\/p>","protected":false},"author":1,"featured_media":68073,"comment_status":"closed","ping_status":"open","sticky":false,"template":"","format":"standard","meta":{"content-type":"","footnotes":""},"categories":[16],"tags":[123,2448,5313,1267],"class_list":["post-68072","post","type-post","status-publish","format-standard","has-post-thumbnail","hentry","category-noticias","tag-brasil","tag-diario","tag-noticia","tag-noticias"],"_links":{"self":[{"href":"https:\/\/tvbrazilusa.com\/pt\/wp-json\/wp\/v2\/posts\/68072","targetHints":{"allow":["GET"]}}],"collection":[{"href":"https:\/\/tvbrazilusa.com\/pt\/wp-json\/wp\/v2\/posts"}],"about":[{"href":"https:\/\/tvbrazilusa.com\/pt\/wp-json\/wp\/v2\/types\/post"}],"author":[{"embeddable":true,"href":"https:\/\/tvbrazilusa.com\/pt\/wp-json\/wp\/v2\/users\/1"}],"replies":[{"embeddable":true,"href":"https:\/\/tvbrazilusa.com\/pt\/wp-json\/wp\/v2\/comments?post=68072"}],"version-history":[{"count":1,"href":"https:\/\/tvbrazilusa.com\/pt\/wp-json\/wp\/v2\/posts\/68072\/revisions"}],"predecessor-version":[{"id":68074,"href":"https:\/\/tvbrazilusa.com\/pt\/wp-json\/wp\/v2\/posts\/68072\/revisions\/68074"}],"wp:featuredmedia":[{"embeddable":true,"href":"https:\/\/tvbrazilusa.com\/pt\/wp-json\/wp\/v2\/media\/68073"}],"wp:attachment":[{"href":"https:\/\/tvbrazilusa.com\/pt\/wp-json\/wp\/v2\/media?parent=68072"}],"wp:term":[{"taxonomy":"category","embeddable":true,"href":"https:\/\/tvbrazilusa.com\/pt\/wp-json\/wp\/v2\/categories?post=68072"},{"taxonomy":"post_tag","embeddable":true,"href":"https:\/\/tvbrazilusa.com\/pt\/wp-json\/wp\/v2\/tags?post=68072"}],"curies":[{"name":"wp","href":"https:\/\/api.w.org\/{rel}","templated":true}]}}