{"id":68075,"date":"2024-11-29T23:01:27","date_gmt":"2024-11-29T23:01:27","guid":{"rendered":"https:\/\/tvbrazilusa.com\/2024\/11\/29\/china-sentencia-jornalista-a-sete-anos-de-prisao-por-espionagem-entenda\/"},"modified":"2024-11-29T23:01:28","modified_gmt":"2024-11-29T23:01:28","slug":"china-sentencia-jornalista-a-sete-anos-de-prisao-por-espionagem-entenda","status":"publish","type":"post","link":"https:\/\/tvbrazilusa.com\/pt\/2024\/11\/29\/china-sentencia-jornalista-a-sete-anos-de-prisao-por-espionagem-entenda\/","title":{"rendered":"China sentencia jornalista a sete anos de pris\u00e3o por espionagem; entenda"},"content":{"rendered":"<p> <script async src=\"https:\/\/pagead2.googlesyndication.com\/pagead\/js\/adsbygoogle.js?client=ca-pub-8864793242727901\"\r\n     crossorigin=\"anonymous\"><\/script><br \/>\n<\/p>\n<div id=\"taboola-read-more\" style=\"display:block; width:100%\">\n<p>Um tribunal de Pequim, na China, condenou, nesta sexta-feira (29), o jornalista chin\u00eas Dong Yuyu, de 62 anos de idade, a sete anos de pris\u00e3o por acusa\u00e7\u00f5es de espionagem, de acordo com uma declara\u00e7\u00e3o divulgada por sua fam\u00edlia \u00e0 qual a Ag\u00eancia EFE teve acesso.\n<\/p>\n<p>Dong, ex-editor do Guangming Daily, afiliado ao Partido Comunista da China, foi preso em fevereiro de 2022 ap\u00f3s uma reuni\u00e3o com um diplomata japon\u00eas na capital chinesa.<\/p>\n<p>O veredito contra o comunicador foi proferido no Tribunal Popular Intermedi\u00e1rio n\u00b0 2 de Pequim, de acordo com a declara\u00e7\u00e3o de sua fam\u00edlia, que disse que a senten\u00e7a foi lida no tribunal, mas nem os advogados nem os membros da fam\u00edlia de Dong estavam presentes ou receberam uma c\u00f3pia.\n<\/p>\n<p>\u2013 O veredito de hoje \u00e9 uma grave injusti\u00e7a n\u00e3o apenas para Yuyu e sua fam\u00edlia, mas tamb\u00e9m para todo jornalista chin\u00eas de pensamento livre e todo cidad\u00e3o chin\u00eas comprometido com uma intera\u00e7\u00e3o amig\u00e1vel com o mundo \u2013 lamentou a fam\u00edlia.\n<\/p>\n<p>Os parentes tamb\u00e9m criticaram duramente o processo judicial, com o argumento de que a senten\u00e7a de sete anos de pris\u00e3o de Dong sem provas demonstra a \u201cfal\u00eancia do sistema judici\u00e1rio da China\u201d. A fam\u00edlia expressou surpresa com a acusa\u00e7\u00e3o contra a embaixada japonesa.\n<\/p>\n<p>\u2013 Estamos surpresos com o fato de as autoridades chinesas rotularem descaradamente uma embaixada estrangeira como uma \u201corganiza\u00e7\u00e3o de espionagem\u201d e acusarem o ex-embaixador japon\u00eas e seus colegas diplomatas de serem espi\u00f5es \u2013 disseram os parentes do jornalista.\n<\/p>\n<p>Dong, que se reunia regularmente com diplomatas e jornalistas estrangeiros, foi descrito por sua fam\u00edlia como uma \u201cponte entre a China e as comunidades diplom\u00e1ticas e jornal\u00edsticas do Jap\u00e3o e dos Estados Unidos\u201d. De acordo com seus advogados, que o visitam mensalmente, Dong tem mantido o \u00e2nimo fazendo exerc\u00edcios di\u00e1rios e agradecendo pelo apoio que tem recebido.\n<\/p>\n<p>O Minist\u00e9rio das Rela\u00e7\u00f5es Exteriores da China acusou o diplomata japon\u00eas de estar implicado em atividades \u201cinconsistentes com sua posi\u00e7\u00e3o\u201d, o que levou \u00e0 sua breve deten\u00e7\u00e3o e a uma reclama\u00e7\u00e3o formal do Jap\u00e3o, antes de ser liberado posteriormente.\n<\/p>\n<p>O jornalista, que come\u00e7ou a trabalhar no Guangming Daily em 1987, depois de se formar em Direito na Universidade de Pequim, tem uma carreira not\u00e1vel. Ele foi bolsista da Nieman Fellowship na Universidade de Harvard e professor visitante na Universidade de Keio e na Universidade de Hokkaido, no Jap\u00e3o. Al\u00e9m disso, foi coeditor de um livro sobre o Estado de Direito na China.\n<\/p>\n<p>O caso gerou preocupa\u00e7\u00e3o internacional. O Clube Nacional de Imprensa dos Estados Unidos e outras organiza\u00e7\u00f5es de liberdade de imprensa pediram a liberta\u00e7\u00e3o de Dong, dizendo que sua deten\u00e7\u00e3o p\u00f5e em risco a \u201cdiplomacia de povo para povo\u201d que a China afirma apoiar.\n<\/p>\n<p>A China ficou em 172\u00b0 lugar entre 180 pa\u00edses no \u00cdndice Mundial de Liberdade de Imprensa 2024 realizado pela organiza\u00e7\u00e3o Rep\u00f3rteres Sem Fronteiras, indicando restri\u00e7\u00f5es significativas ao jornalismo independente e \u00e0 express\u00e3o de dissid\u00eancia.\n<\/p>\n<p>Fonte: Pleno News              <\/p>\n<\/div>\n<p><br \/>\n<br \/><a href=\"https:\/\/diariodobrasilnoticias.com.br\/noticia\/china-sentencia-jornalista-a-sete-anos-de-prisao-por-espionagem-entenda-674a1b9fa38f4\">Source link <\/a><\/p>","protected":false},"excerpt":{"rendered":"<p>Um tribunal de Pequim, na China, condenou, nesta sexta-feira (29), o jornalista chin\u00eas Dong Yuyu, de 62 anos de idade, a sete anos de pris\u00e3o por acusa\u00e7\u00f5es de espionagem, de&hellip;<\/p>","protected":false},"author":1,"featured_media":68076,"comment_status":"closed","ping_status":"open","sticky":false,"template":"","format":"standard","meta":{"content-type":"","footnotes":""},"categories":[16],"tags":[123,2448,5313,1267],"class_list":["post-68075","post","type-post","status-publish","format-standard","has-post-thumbnail","hentry","category-noticias","tag-brasil","tag-diario","tag-noticia","tag-noticias"],"_links":{"self":[{"href":"https:\/\/tvbrazilusa.com\/pt\/wp-json\/wp\/v2\/posts\/68075","targetHints":{"allow":["GET"]}}],"collection":[{"href":"https:\/\/tvbrazilusa.com\/pt\/wp-json\/wp\/v2\/posts"}],"about":[{"href":"https:\/\/tvbrazilusa.com\/pt\/wp-json\/wp\/v2\/types\/post"}],"author":[{"embeddable":true,"href":"https:\/\/tvbrazilusa.com\/pt\/wp-json\/wp\/v2\/users\/1"}],"replies":[{"embeddable":true,"href":"https:\/\/tvbrazilusa.com\/pt\/wp-json\/wp\/v2\/comments?post=68075"}],"version-history":[{"count":1,"href":"https:\/\/tvbrazilusa.com\/pt\/wp-json\/wp\/v2\/posts\/68075\/revisions"}],"predecessor-version":[{"id":68077,"href":"https:\/\/tvbrazilusa.com\/pt\/wp-json\/wp\/v2\/posts\/68075\/revisions\/68077"}],"wp:featuredmedia":[{"embeddable":true,"href":"https:\/\/tvbrazilusa.com\/pt\/wp-json\/wp\/v2\/media\/68076"}],"wp:attachment":[{"href":"https:\/\/tvbrazilusa.com\/pt\/wp-json\/wp\/v2\/media?parent=68075"}],"wp:term":[{"taxonomy":"category","embeddable":true,"href":"https:\/\/tvbrazilusa.com\/pt\/wp-json\/wp\/v2\/categories?post=68075"},{"taxonomy":"post_tag","embeddable":true,"href":"https:\/\/tvbrazilusa.com\/pt\/wp-json\/wp\/v2\/tags?post=68075"}],"curies":[{"name":"wp","href":"https:\/\/api.w.org\/{rel}","templated":true}]}}