{"id":68078,"date":"2024-11-29T23:14:02","date_gmt":"2024-11-29T23:14:02","guid":{"rendered":"https:\/\/tvbrazilusa.com\/2024\/11\/29\/urgente-zelensky-aceita-cessar-fogo-se-territorios-nao-ocupados-pela-russia-ficarem-sob-a-protecao-da-nato\/"},"modified":"2024-11-29T23:14:04","modified_gmt":"2024-11-29T23:14:04","slug":"urgente-zelensky-aceita-cessar-fogo-se-territorios-nao-ocupados-pela-russia-ficarem-sob-a-protecao-da-nato","status":"publish","type":"post","link":"https:\/\/tvbrazilusa.com\/pt\/2024\/11\/29\/urgente-zelensky-aceita-cessar-fogo-se-territorios-nao-ocupados-pela-russia-ficarem-sob-a-protecao-da-nato\/","title":{"rendered":"URGENTE: Zelensky aceita cessar-fogo se territ\u00f3rios n\u00e3o ocupados pela R\u00fassia ficarem &#8216;sob a prote\u00e7\u00e3o da NATO&#8217;"},"content":{"rendered":"<p> <script async src=\"https:\/\/pagead2.googlesyndication.com\/pagead\/js\/adsbygoogle.js?client=ca-pub-8864793242727901\"\r\n     crossorigin=\"anonymous\"><\/script><br \/>\n<\/p>\n<div id=\"taboola-read-more\" style=\"display:block; width:100%\">\n<p>Ao fim de 1009 dias de guerra, Volodymyr Zelensky estabelece condi\u00e7\u00f5es para um acordo de cessar-fogo com a R\u00fassia. Em entrevista \u00e0 Sky News, o presidente ucraniano diz que a Ucr\u00e2nia est\u00e1 disposta a aceitar uma tr\u00e9gua se os territ\u00f3rios n\u00e3o ocupados por Moscovo passarem a ficar \u201csob a prote\u00e7\u00e3o da NATO\u201d. Dessa forma, afirma Zelensky, a Ucr\u00e2nia iria conseguir negociar no futuro &#8211; e de &#8220;maneira diplom\u00e1tica&#8221; &#8211; a devolu\u00e7\u00e3o dos territ\u00f3rios ocupados.\n<\/p>\n<p>Questionado sobre as inten\u00e7\u00f5es de Donald Trump de alegadamente querer for\u00e7ar o fim da guerra com a ced\u00eancia \u00e0 R\u00fassia dos territ\u00f3rios ucranianos ocupados, Zelensky responde que a ades\u00e3o \u00e0 NATO para os territ\u00f3rios n\u00e3o ocupados teria de ser a moeda de troca. Para o presidente ucraniano, isso iria colocar um ponto final na \u201cfase quente da guerra\u201d &#8211; mas sublinha que o convite da NATO tem de reconhecer internacionalmente as fronteiras da Ucr\u00e2nia.<\/p>\n<p>\u201cSe quisermos parar com a fase quente da guerra, temos de colocar sob a al\u00e7ada da NATO os territ\u00f3rios da Ucr\u00e2nia que temos sob o nosso controlo\u201d, insiste Zelensky.\n<\/p>\n<p>O presidente ucraniano considera que \u00e9 necess\u00e1rio um cessar-fogo que \u201cgaranta que Vladimir Putin n\u00e3o possa voltar\u201d a invadir a Ucr\u00e2nia com o objetivo de conquistar mais territ\u00f3rio. \u201cTemos de o fazer rapidamente\u201d, considera Zelensky &#8211; e acrescenta que, mesmo com um acordo de cessar-fogo, n\u00e3o vai desistir de recuperar o territ\u00f3rio que perdeu na guerra: \u201cDepois a Ucr\u00e2nia pode recuper\u00e1-los de forma diplom\u00e1tica\u201d.\n<\/p>\n<p>O presidente da Ucr\u00e2nia argumenta ainda que a NATO deve colocar \u201cimediatamente\u201d os territ\u00f3rios n\u00e3o ocupados sob a sua prote\u00e7\u00e3o. \u201cCaso contr\u00e1rio, ele voltar\u00e1\u201d, referindo-se a Vladimir Putin e \u00e0s for\u00e7as militares russas.\n<\/p>\n<p>Zelensky sempre garantiu que jamais cederia um cent\u00edmetro que fosse de territ\u00f3rio ao Kremlin, incluindo a Crimeia, que est\u00e1 anexada e sob controlo russo desde fevereiro de 2014.\n<\/p>\n<p>Fonte: CNN Portugal              <\/p>\n<\/div>\n<p><br \/>\n<br \/><a href=\"https:\/\/diariodobrasilnoticias.com.br\/noticia\/urgente-zelensky-aceita-cessar-fogo-se-territorios-nao-ocupados-pela-russia-ficarem-sob-a-protecao-da-nato-674a292a43a14\">Source link <\/a><\/p>","protected":false},"excerpt":{"rendered":"<p>Ao fim de 1009 dias de guerra, Volodymyr Zelensky estabelece condi\u00e7\u00f5es para um acordo de cessar-fogo com a R\u00fassia. Em entrevista \u00e0 Sky News, o presidente ucraniano diz que a&hellip;<\/p>","protected":false},"author":1,"featured_media":68079,"comment_status":"closed","ping_status":"open","sticky":false,"template":"","format":"standard","meta":{"content-type":"","footnotes":""},"categories":[16],"tags":[123,2448,5313,1267],"class_list":["post-68078","post","type-post","status-publish","format-standard","has-post-thumbnail","hentry","category-noticias","tag-brasil","tag-diario","tag-noticia","tag-noticias"],"_links":{"self":[{"href":"https:\/\/tvbrazilusa.com\/pt\/wp-json\/wp\/v2\/posts\/68078","targetHints":{"allow":["GET"]}}],"collection":[{"href":"https:\/\/tvbrazilusa.com\/pt\/wp-json\/wp\/v2\/posts"}],"about":[{"href":"https:\/\/tvbrazilusa.com\/pt\/wp-json\/wp\/v2\/types\/post"}],"author":[{"embeddable":true,"href":"https:\/\/tvbrazilusa.com\/pt\/wp-json\/wp\/v2\/users\/1"}],"replies":[{"embeddable":true,"href":"https:\/\/tvbrazilusa.com\/pt\/wp-json\/wp\/v2\/comments?post=68078"}],"version-history":[{"count":1,"href":"https:\/\/tvbrazilusa.com\/pt\/wp-json\/wp\/v2\/posts\/68078\/revisions"}],"predecessor-version":[{"id":68080,"href":"https:\/\/tvbrazilusa.com\/pt\/wp-json\/wp\/v2\/posts\/68078\/revisions\/68080"}],"wp:featuredmedia":[{"embeddable":true,"href":"https:\/\/tvbrazilusa.com\/pt\/wp-json\/wp\/v2\/media\/68079"}],"wp:attachment":[{"href":"https:\/\/tvbrazilusa.com\/pt\/wp-json\/wp\/v2\/media?parent=68078"}],"wp:term":[{"taxonomy":"category","embeddable":true,"href":"https:\/\/tvbrazilusa.com\/pt\/wp-json\/wp\/v2\/categories?post=68078"},{"taxonomy":"post_tag","embeddable":true,"href":"https:\/\/tvbrazilusa.com\/pt\/wp-json\/wp\/v2\/tags?post=68078"}],"curies":[{"name":"wp","href":"https:\/\/api.w.org\/{rel}","templated":true}]}}