{"id":68092,"date":"2024-11-29T23:44:15","date_gmt":"2024-11-29T23:44:15","guid":{"rendered":"https:\/\/tvbrazilusa.com\/2024\/11\/29\/ladroes-arrombam-portas-de-igreja-e-furtam-hostias\/"},"modified":"2024-11-29T23:44:17","modified_gmt":"2024-11-29T23:44:17","slug":"ladroes-arrombam-portas-de-igreja-e-furtam-hostias","status":"publish","type":"post","link":"https:\/\/tvbrazilusa.com\/pt\/2024\/11\/29\/ladroes-arrombam-portas-de-igreja-e-furtam-hostias\/","title":{"rendered":"Ladr\u00f5es arrombam portas de igreja e furtam h\u00f3stias"},"content":{"rendered":"<p> <script async src=\"https:\/\/pagead2.googlesyndication.com\/pagead\/js\/adsbygoogle.js?client=ca-pub-8864793242727901\"\r\n     crossorigin=\"anonymous\"><\/script><br \/>\n<\/p>\n<div id=\"taboola-read-more\" style=\"display:block; width:100%\">\n<p>Criminosos invadiram e furtaram diversos objetos da Capela Santa Cruz, em Sorocaba, no interior de S\u00e3o Paulo, na \u00faltima quarta-feira (27\/11). Foram levados equipamentos de som, h\u00f3stias, fia\u00e7\u00e3o el\u00e9trica, entre outros.\n<\/p>\n<p>A igreja pertence \u00e0 Par\u00f3quia Cristo Rei e teve as atividades suspensas ap\u00f3s o ocorrido. A Arquidiocese de Sorocaba afirmou, em nota, que est\u00e1 providenciando o restauro do que foi destru\u00eddo e furtado, al\u00e9m de ter registrado um boletim de ocorr\u00eancia.<\/p>\n<p>\u201cAs portas foram arrombadas, quase toda a fia\u00e7\u00e3o el\u00e9trica foi arrancada, o equipamento de som e objetos lit\u00fargicos foram furtados. Mais grave de tudo isso foi a viola\u00e7\u00e3o do sacr\u00e1rio que resultou na profana\u00e7\u00e3o das h\u00f3stias consagradas\u201d, diz o comunicado.\n<\/p>\n<p>Fonte: Metr\u00f3poles              <\/p>\n<\/div>\n<p><br \/>\n<br \/><a href=\"https:\/\/diariodobrasilnoticias.com.br\/noticia\/ladroes-arrombam-portas-de-igreja-e-furtam-hostias-674a2d5fc37ce\">Source link <\/a><\/p>","protected":false},"excerpt":{"rendered":"<p>Criminosos invadiram e furtaram diversos objetos da Capela Santa Cruz, em Sorocaba, no interior de S\u00e3o Paulo, na \u00faltima quarta-feira (27\/11). Foram levados equipamentos de som, h\u00f3stias, fia\u00e7\u00e3o el\u00e9trica, entre&hellip;<\/p>","protected":false},"author":1,"featured_media":68093,"comment_status":"closed","ping_status":"open","sticky":false,"template":"","format":"standard","meta":{"content-type":"","footnotes":""},"categories":[16],"tags":[123,2448,5313,1267],"class_list":["post-68092","post","type-post","status-publish","format-standard","has-post-thumbnail","hentry","category-noticias","tag-brasil","tag-diario","tag-noticia","tag-noticias"],"_links":{"self":[{"href":"https:\/\/tvbrazilusa.com\/pt\/wp-json\/wp\/v2\/posts\/68092","targetHints":{"allow":["GET"]}}],"collection":[{"href":"https:\/\/tvbrazilusa.com\/pt\/wp-json\/wp\/v2\/posts"}],"about":[{"href":"https:\/\/tvbrazilusa.com\/pt\/wp-json\/wp\/v2\/types\/post"}],"author":[{"embeddable":true,"href":"https:\/\/tvbrazilusa.com\/pt\/wp-json\/wp\/v2\/users\/1"}],"replies":[{"embeddable":true,"href":"https:\/\/tvbrazilusa.com\/pt\/wp-json\/wp\/v2\/comments?post=68092"}],"version-history":[{"count":1,"href":"https:\/\/tvbrazilusa.com\/pt\/wp-json\/wp\/v2\/posts\/68092\/revisions"}],"predecessor-version":[{"id":68094,"href":"https:\/\/tvbrazilusa.com\/pt\/wp-json\/wp\/v2\/posts\/68092\/revisions\/68094"}],"wp:featuredmedia":[{"embeddable":true,"href":"https:\/\/tvbrazilusa.com\/pt\/wp-json\/wp\/v2\/media\/68093"}],"wp:attachment":[{"href":"https:\/\/tvbrazilusa.com\/pt\/wp-json\/wp\/v2\/media?parent=68092"}],"wp:term":[{"taxonomy":"category","embeddable":true,"href":"https:\/\/tvbrazilusa.com\/pt\/wp-json\/wp\/v2\/categories?post=68092"},{"taxonomy":"post_tag","embeddable":true,"href":"https:\/\/tvbrazilusa.com\/pt\/wp-json\/wp\/v2\/tags?post=68092"}],"curies":[{"name":"wp","href":"https:\/\/api.w.org\/{rel}","templated":true}]}}