{"id":68101,"date":"2024-11-29T23:51:02","date_gmt":"2024-11-29T23:51:02","guid":{"rendered":"https:\/\/tvbrazilusa.com\/2024\/11\/29\/o-primeiro-ministro-canadense-trudeau-voa-para-a-florida-para-se-encontrar-com-trump-sobre-a-ameaca-de-tarifas-wsvn-7news-noticias-de-miami-clima-esportes-fort-lauderdale\/"},"modified":"2024-11-30T00:00:56","modified_gmt":"2024-11-30T00:00:56","slug":"o-primeiro-ministro-canadense-trudeau-voa-para-a-florida-para-se-encontrar-com-trump-sobre-a-ameaca-de-tarifas-wsvn-7news-noticias-de-miami-clima-esportes-fort-lauderdale","status":"publish","type":"post","link":"https:\/\/tvbrazilusa.com\/pt\/2024\/11\/29\/o-primeiro-ministro-canadense-trudeau-voa-para-a-florida-para-se-encontrar-com-trump-sobre-a-ameaca-de-tarifas-wsvn-7news-noticias-de-miami-clima-esportes-fort-lauderdale\/","title":{"rendered":"O primeiro-ministro canadense, Trudeau, voa para a Fl\u00f3rida para se encontrar com Trump sobre a amea\u00e7a de tarifas &#8211; WSVN 7News | Not\u00edcias de Miami, clima, esportes | Fort Lauderdale"},"content":{"rendered":"<p> <script async src=\"https:\/\/pagead2.googlesyndication.com\/pagead\/js\/adsbygoogle.js?client=ca-pub-8864793242727901\"\r\n     crossorigin=\"anonymous\"><\/script><br \/>\n<\/p>\n<div itemprop=\"articleBody\">\n<p>WEST PALM BEACH, Fl\u00f3rida (AP) \u2013 O primeiro-ministro canadense, Justin Trudeau, voou para a Fl\u00f3rida para se encontrar com o presidente eleito Donald Trump em seu clube Mar-a-Lago depois que Trump amea\u00e7ou impor tarifas abrangentes sobre produtos canadenses.<\/p>\n<p>Uma pessoa familiarizada com o assunto disse que Trudeau jantar\u00e1 com Trump. O funcion\u00e1rio n\u00e3o estava autorizado a falar publicamente sobre o assunto e falou sob condi\u00e7\u00e3o de anonimato.<\/p>\n<p>O ministro canadense de Seguran\u00e7a P\u00fablica, Dominic LeBlanc, acompanhou Trudeau na viagem.<\/p>\n<p>Trump amea\u00e7ou impor tarifas sobre produtos do Canad\u00e1 e do M\u00e9xico se os pa\u00edses n\u00e3o impedirem o que ele chamou de fluxo de drogas e migrantes atrav\u00e9s das fronteiras sul e norte. Ele disse que imporia um imposto de 25% sobre todos os produtos que entrassem nos EUA vindos do Canad\u00e1 e do M\u00e9xico como uma de suas primeiras ordens executivas.<\/p>\n<p>Embora Trump tenha chamado Trudeau de \u201cfraco\u201d e \u201cdesonesto\u201d durante o seu primeiro mandato, os la\u00e7os entre os dois pa\u00edses permaneceram entre os mais pr\u00f3ximos do mundo.<\/p>\n<p>Trudeau disse na sexta-feira que resolveria o problema conversando com Trump.<\/p>\n<p>\u201cVamos trabalhar juntos para resolver algumas das preocupa\u00e7\u00f5es\u201d, disse Trudeau aos rep\u00f3rteres na Ilha do Pr\u00edncipe Eduardo, no Atl\u00e2ntico Canad\u00e1. \u201cMas, em \u00faltima an\u00e1lise, ser\u00e1 atrav\u00e9s de muitas conversas realmente construtivas com o Presidente Trump que terei, que nos manter\u00e1 avan\u00e7ando no caminho certo para todos os canadenses.\u201d<\/p>\n<p>Trudeau disse que Trump foi eleito porque prometeu reduzir o custo dos mantimentos, mas agora est\u00e1 falando em adicionar 25% ao custo de todos os tipos de produtos, incluindo batatas da Ilha do Pr\u00edncipe Eduardo.<\/p>\n<p>\u201c\u00c9 importante compreender que Donald Trump, quando faz declara\u00e7\u00f5es como esta, planeia realiz\u00e1-las. N\u00e3o h\u00e1 d\u00favida sobre isso\u201d, disse Trudeau.<\/p>\n<p>\u201cNossa responsabilidade \u00e9 apontar que ele n\u00e3o estaria apenas prejudicando os canadenses, que trabalham t\u00e3o bem com os Estados Unidos, mas tamb\u00e9m estaria aumentando os pre\u00e7os para os cidad\u00e3os americanos e prejudicando a ind\u00fastria e os neg\u00f3cios americanos\u201d, acrescentou.<\/p>\n<p>Essas tarifas poderiam essencialmente fazer explodir o pacto comercial norte-americano que a equipa de Trump negociou durante o seu mandato inicial. Trudeau observou que eles conseguiram renegociar com sucesso o acordo, que ele chama de \u201cganha-ganha\u201d para ambos os pa\u00edses.<\/p>\n<p>\u201cPodemos trabalhar juntos como fizemos anteriormente\u201d, disse Trudeau.<\/p>\n<p>Trump fez a amea\u00e7a tarif\u00e1ria na segunda-feira enquanto protestava contra um influxo de migrantes ilegais, embora os n\u00fameros na fronteira com o Canad\u00e1 sejam insignificantes em compara\u00e7\u00e3o com a fronteira sul.<\/p>\n<p>A Patrulha de Fronteira dos EUA fez 56.530 pris\u00f5es na fronteira mexicana somente em outubro \u2013 e 23.721 pris\u00f5es na fronteira canadense entre outubro de 2023 e setembro de 2024.<\/p>\n<p>Trump tamb\u00e9m criticou o fentanil proveniente do M\u00e9xico e do Canad\u00e1, embora as apreens\u00f5es na fronteira canadiana sejam poucas em compara\u00e7\u00e3o com a fronteira mexicana. Os agentes alfandeg\u00e1rios dos EUA apreenderam 43 libras de fentanil na fronteira canadense no ano fiscal passado, em compara\u00e7\u00e3o com 21.100 libras na fronteira mexicana.<\/p>\n<p>As autoridades canadenses dizem que agrupar o Canad\u00e1 com o M\u00e9xico \u00e9 injusto, mas dizem que est\u00e3o prontas para fazer novos investimentos na seguran\u00e7a das fronteiras.<\/p>\n<p>A presidente mexicana, Claudia Sheinbaum, disse quinta-feira que est\u00e1 confiante de que uma guerra tarif\u00e1ria com os Estados Unidos ser\u00e1 evitada. Trump postou nas redes sociais que conversou com ela e que ela concordou em impedir a migra\u00e7\u00e3o n\u00e3o autorizada atrav\u00e9s da fronteira para os Estados Unidos.<\/p>\n<p>Quando Trump imp\u00f4s tarifas mais elevadas durante o seu primeiro mandato, outros pa\u00edses responderam com as suas pr\u00f3prias tarifas retaliat\u00f3rias. O Canad\u00e1, por exemplo, anunciou milhares de milh\u00f5es de novos direitos em 2018 contra os EUA, numa resposta retaliat\u00f3ria aos novos impostos sobre o a\u00e7o e o alum\u00ednio canadianos.<\/p>\n<p>O Canad\u00e1 j\u00e1 est\u00e1 a examinar poss\u00edveis tarifas retaliat\u00f3rias sobre certos produtos provenientes dos EUA, caso Trump cumpra a sua amea\u00e7a de impor tarifas abrangentes sobre produtos canadianos, disse um alto funcion\u00e1rio \u00e0 Associated Press esta semana.<\/p>\n<p>Um funcion\u00e1rio do governo disse que o Canad\u00e1 est\u00e1 se preparando para qualquer eventualidade e come\u00e7ou a pensar sobre quais itens ser\u00e3o alvo de tarifas em retalia\u00e7\u00e3o. O respons\u00e1vel sublinhou que nenhuma decis\u00e3o foi tomada. A pessoa falou sob condi\u00e7\u00e3o de anonimato, pois n\u00e3o estava autorizada a falar publicamente.<\/p>\n<p>O Canad\u00e1 \u00e9 o principal destino de exporta\u00e7\u00e3o de 36 estados dos EUA. Quase 3,6 mil milh\u00f5es de d\u00f3lares canadianos (2,7 mil milh\u00f5es de d\u00f3lares) em bens e servi\u00e7os atravessam a fronteira todos os dias.<\/p>\n<p>Cerca de 60% das importa\u00e7\u00f5es de petr\u00f3leo bruto dos EUA s\u00e3o provenientes do Canad\u00e1 e 85% das importa\u00e7\u00f5es de eletricidade dos EUA s\u00e3o provenientes do Canad\u00e1.<\/p>\n<p>O Canad\u00e1 \u00e9 tamb\u00e9m o maior fornecedor estrangeiro de a\u00e7o, alum\u00ednio e ur\u00e2nio para os EUA e possui 34 minerais e metais cr\u00edticos que o Pent\u00e1gono est\u00e1 ansioso e investindo para a seguran\u00e7a nacional.<\/p>\n<p>O Canad\u00e1 \u00e9 um dos pa\u00edses mais dependentes do com\u00e9rcio do mundo e 77% das exporta\u00e7\u00f5es do Canad\u00e1 v\u00e3o para os EUA<\/p>\n<p>\u201cO Canad\u00e1 tem motivos para temer porque Trump \u00e9 impulsivo, muitas vezes influenciado pela \u00faltima coisa que v\u00ea na Fox News\u201d, disse Nelson Wiseman, professor em\u00e9rito da Universidade de Toronto. \u201cEle pode aproveitar isso atendendo ao que ele acha que soar\u00e1 e parecer\u00e1 bom para o p\u00fablico, e n\u00e3o ao que acontece ou acontecer\u00e1.\u201d<\/p>\n<p><em>Direitos autorais 2024 da Associated Press. Todos os direitos reservados. Este material n\u00e3o pode ser publicado, transmitido, reescrito ou redistribu\u00eddo.<\/em><\/p>\n<div class=\"wp-block-newsletter\">\n\t<strong class=\"wp-block-newsletter__title\">Cadastre-se em nosso boletim informativo para receber as \u00faltimas not\u00edcias diretamente em sua caixa de entrada<\/strong><\/p>\n<\/div><\/div>\n<p><br \/>\n<br \/><a href=\"https:\/\/wsvn.com\/news\/politics\/canadian-prime-minister-trudeau-flies-to-florida-to-meet-with-trump-on-tariffs-threat\/\">Source link <\/a><\/p>","protected":false},"excerpt":{"rendered":"<p>WEST PALM BEACH, Fl\u00f3rida (AP) \u2013 O primeiro-ministro canadense, Justin Trudeau, voou para a Fl\u00f3rida para se encontrar com o presidente eleito Donald Trump em seu clube Mar-a-Lago depois que&hellip;<\/p>","protected":false},"author":1,"featured_media":68102,"comment_status":"closed","ping_status":"open","sticky":false,"template":"","format":"standard","meta":{"content-type":"","footnotes":""},"categories":[1],"tags":[],"class_list":["post-68101","post","type-post","status-publish","format-standard","has-post-thumbnail","hentry","category-uncategorized"],"_links":{"self":[{"href":"https:\/\/tvbrazilusa.com\/pt\/wp-json\/wp\/v2\/posts\/68101","targetHints":{"allow":["GET"]}}],"collection":[{"href":"https:\/\/tvbrazilusa.com\/pt\/wp-json\/wp\/v2\/posts"}],"about":[{"href":"https:\/\/tvbrazilusa.com\/pt\/wp-json\/wp\/v2\/types\/post"}],"author":[{"embeddable":true,"href":"https:\/\/tvbrazilusa.com\/pt\/wp-json\/wp\/v2\/users\/1"}],"replies":[{"embeddable":true,"href":"https:\/\/tvbrazilusa.com\/pt\/wp-json\/wp\/v2\/comments?post=68101"}],"version-history":[{"count":1,"href":"https:\/\/tvbrazilusa.com\/pt\/wp-json\/wp\/v2\/posts\/68101\/revisions"}],"predecessor-version":[{"id":68103,"href":"https:\/\/tvbrazilusa.com\/pt\/wp-json\/wp\/v2\/posts\/68101\/revisions\/68103"}],"wp:featuredmedia":[{"embeddable":true,"href":"https:\/\/tvbrazilusa.com\/pt\/wp-json\/wp\/v2\/media\/68102"}],"wp:attachment":[{"href":"https:\/\/tvbrazilusa.com\/pt\/wp-json\/wp\/v2\/media?parent=68101"}],"wp:term":[{"taxonomy":"category","embeddable":true,"href":"https:\/\/tvbrazilusa.com\/pt\/wp-json\/wp\/v2\/categories?post=68101"},{"taxonomy":"post_tag","embeddable":true,"href":"https:\/\/tvbrazilusa.com\/pt\/wp-json\/wp\/v2\/tags?post=68101"}],"curies":[{"name":"wp","href":"https:\/\/api.w.org\/{rel}","templated":true}]}}