{"id":68125,"date":"2024-11-30T01:18:30","date_gmt":"2024-11-30T01:18:30","guid":{"rendered":"https:\/\/tvbrazilusa.com\/2024\/11\/30\/deputados-criticam-exibicao-de-filme-com-cena-adulta-em-escola\/"},"modified":"2024-11-30T01:18:31","modified_gmt":"2024-11-30T01:18:31","slug":"deputados-criticam-exibicao-de-filme-com-cena-adulta-em-escola","status":"publish","type":"post","link":"https:\/\/tvbrazilusa.com\/pt\/2024\/11\/30\/deputados-criticam-exibicao-de-filme-com-cena-adulta-em-escola\/","title":{"rendered":"Deputados criticam exibi\u00e7\u00e3o de filme com cena adulta em escola"},"content":{"rendered":"<p> <script async src=\"https:\/\/pagead2.googlesyndication.com\/pagead\/js\/adsbygoogle.js?client=ca-pub-8864793242727901\"\r\n     crossorigin=\"anonymous\"><\/script><br \/>\n<\/p>\n<div id=\"taboola-read-more\" style=\"display:block; width:100%\">\n<p>Deputados estaduais e federais usaram as redes sociais para criticar a exibi\u00e7\u00e3o do filme Cidade; Campo, que cont\u00e9m uma cena de sexo l\u00e9sbico, para crian\u00e7as e adolescentes da Escola Bar\u00e3o do Rio Branco, em Macap\u00e1 (AP). O epis\u00f3dio ocorreu durante a 14\u00aa Mostra de Cinema e Direitos Humanos, realizada entre os dias 19 e 22 de novembro, e gerou ampla repercuss\u00e3o.\n<\/p>\n<p>Os parlamentares manifestaram indigna\u00e7\u00e3o com o conte\u00fado apresentado aos estudantes e cobraram explica\u00e7\u00f5es das autoridades respons\u00e1veis pelo evento. Alguns defendem medidas mais rigorosas para evitar que situa\u00e7\u00f5es semelhantes se repitam em escolas p\u00fablicas.<\/p>\n<p>O deputado federal Gustavo Gayer (PL-GO) se posicionou nas redes sociais dizendo que ir\u00e1 acionar o Minist\u00e9rio P\u00fablico Federal para que possa investigar e punir os respons\u00e1veis por n\u00e3o anunciar a classifica\u00e7\u00e3o indicativa do filme.\n<\/p>\n<p>Quem tamb\u00e9m se manifestou sobre o caso foi o deputado federal Coronel Assis (Uni\u00e3o Brasil-MT):\n<\/p>\n<p>\u2013 Isso \u00e9 um atentado \u00e0 inoc\u00eancia das nossas crian\u00e7as e vai contra qualquer princ\u00edpio de moralidade e \u00e9tica. Cad\u00ea o Minist\u00e9rio P\u00fablico? Cad\u00ea a Procuradoria Geral da Rep\u00fablica para investigar essa situa\u00e7\u00e3o? Precisamos de respostas e de a\u00e7\u00f5es imediatas! N\u00e3o d\u00e1 para fechar os olhos para algo t\u00e3o s\u00e9rio.\n<\/p>\n<p>O deputado federal Carlos JOrdy (PL-RJ) revelou que ir\u00e1 tomar atitudes sobre o ocorrido:\n<\/p>\n<p>\u2013 Esse \u00e9 o tipo de cultura que o Minist\u00e9rio dos Direitos Humanos est\u00e1 promovendo. Segundo den\u00fancias, esse filme est\u00e1 sendo exibido para crian\u00e7as do ensino fundamental numa mostra de cinema. Estou protocolando um requerimento de informa\u00e7\u00f5es para saber qual a classifica\u00e7\u00e3o indicativa desse filme e se ele foi exibido numa sess\u00e3o que era voltada para crian\u00e7as.\n<\/p>\n<p>A deputada Silvia Wai\u00e2pi (PL-AP) gravou um v\u00eddeo para repudiar a exibi\u00e7\u00e3o e dizer que ela enviou v\u00e1rios documentos para pedir explica\u00e7\u00f5es sobre essa mostra de cinema. Ela tamb\u00e9m fez uma den\u00fancia criminal na delegacia.\n<\/p>\n<p>A pol\u00eamica ganhou for\u00e7a ap\u00f3s v\u00eddeos da exibi\u00e7\u00e3o viralizarem, mostrando alunos rindo e gritando durante a cena. Em resposta, o governo do Amap\u00e1 cancelou as atividades da mostra no col\u00e9gio, e o Minist\u00e9rio da Cultura reconheceu erro na classifica\u00e7\u00e3o indicativa do filme, pedindo desculpas \u00e0 comunidade escolar.\n<\/p>\n<p>Fonte: Pleno News              <\/p>\n<\/div>\n<p><br \/>\n<br \/><a href=\"https:\/\/diariodobrasilnoticias.com.br\/noticia\/deputados-criticam-exibicao-de-filme-com-cena-adulta-em-escola-674a51b55adcf\">Source link <\/a><\/p>","protected":false},"excerpt":{"rendered":"<p>Deputados estaduais e federais usaram as redes sociais para criticar a exibi\u00e7\u00e3o do filme Cidade; Campo, que cont\u00e9m uma cena de sexo l\u00e9sbico, para crian\u00e7as e adolescentes da Escola Bar\u00e3o&hellip;<\/p>","protected":false},"author":1,"featured_media":68126,"comment_status":"closed","ping_status":"open","sticky":false,"template":"","format":"standard","meta":{"content-type":"","footnotes":""},"categories":[16],"tags":[123,2448,5313,1267],"class_list":["post-68125","post","type-post","status-publish","format-standard","has-post-thumbnail","hentry","category-noticias","tag-brasil","tag-diario","tag-noticia","tag-noticias"],"_links":{"self":[{"href":"https:\/\/tvbrazilusa.com\/pt\/wp-json\/wp\/v2\/posts\/68125","targetHints":{"allow":["GET"]}}],"collection":[{"href":"https:\/\/tvbrazilusa.com\/pt\/wp-json\/wp\/v2\/posts"}],"about":[{"href":"https:\/\/tvbrazilusa.com\/pt\/wp-json\/wp\/v2\/types\/post"}],"author":[{"embeddable":true,"href":"https:\/\/tvbrazilusa.com\/pt\/wp-json\/wp\/v2\/users\/1"}],"replies":[{"embeddable":true,"href":"https:\/\/tvbrazilusa.com\/pt\/wp-json\/wp\/v2\/comments?post=68125"}],"version-history":[{"count":1,"href":"https:\/\/tvbrazilusa.com\/pt\/wp-json\/wp\/v2\/posts\/68125\/revisions"}],"predecessor-version":[{"id":68127,"href":"https:\/\/tvbrazilusa.com\/pt\/wp-json\/wp\/v2\/posts\/68125\/revisions\/68127"}],"wp:featuredmedia":[{"embeddable":true,"href":"https:\/\/tvbrazilusa.com\/pt\/wp-json\/wp\/v2\/media\/68126"}],"wp:attachment":[{"href":"https:\/\/tvbrazilusa.com\/pt\/wp-json\/wp\/v2\/media?parent=68125"}],"wp:term":[{"taxonomy":"category","embeddable":true,"href":"https:\/\/tvbrazilusa.com\/pt\/wp-json\/wp\/v2\/categories?post=68125"},{"taxonomy":"post_tag","embeddable":true,"href":"https:\/\/tvbrazilusa.com\/pt\/wp-json\/wp\/v2\/tags?post=68125"}],"curies":[{"name":"wp","href":"https:\/\/api.w.org\/{rel}","templated":true}]}}