{"id":68593,"date":"2024-12-01T00:00:47","date_gmt":"2024-12-01T00:00:47","guid":{"rendered":"https:\/\/tvbrazilusa.com\/2024\/12\/01\/pgr-indica-que-decisao-sobre-caso-bolsonaro-sera-so-no-ano-que-vem\/"},"modified":"2024-12-01T00:00:49","modified_gmt":"2024-12-01T00:00:49","slug":"pgr-indica-que-decisao-sobre-caso-bolsonaro-sera-so-no-ano-que-vem","status":"publish","type":"post","link":"https:\/\/tvbrazilusa.com\/pt\/2024\/12\/01\/pgr-indica-que-decisao-sobre-caso-bolsonaro-sera-so-no-ano-que-vem\/","title":{"rendered":"PGR indica que decis\u00e3o sobre caso Bolsonaro ser\u00e1 s\u00f3 no ano que vem"},"content":{"rendered":"<p> <script async src=\"https:\/\/pagead2.googlesyndication.com\/pagead\/js\/adsbygoogle.js?client=ca-pub-8864793242727901\"\r\n     crossorigin=\"anonymous\"><\/script><br \/>\n<\/p>\n<div id=\"\">\n<p>Em entrevista \u00e0 CNN Brasil, Gonet destacou a \u201cenorme complexidade\u201d do caso, que tem 37 indiciados.\n<\/p>\n<p>\u2013 Este \u00e9 um caso de enorme complexidade, inclusive pelo n\u00famero de pessoas envolvidas. Qualquer que seja a pr\u00f3xima manifesta\u00e7\u00e3o, ela tem que ser muito respons\u00e1vel e feita de forma ponderada, segura e justa \u2013 disse ele, em entrevista \u00e0 emissora em Lisboa, onde participa do F\u00f3rum de Integra\u00e7\u00e3o Brasil Europa (FIBE).<\/p>\n<p>Gonet ressaltou que a an\u00e1lise do inqu\u00e9rito exige um \u201cestudo aprofundado\u201d por parte de uma for\u00e7a-tarefa da PGR, que avaliar\u00e1 \u201cqualquer que seja a provid\u00eancia: den\u00fancia, arquivamento, ou pedido de maiores investiga\u00e7\u00f5es\u201d. Segundo ele, \u201c\u00e9 improv\u00e1vel uma posi\u00e7\u00e3o em duas semanas\u201d.\n<\/p>\n<p>Questionado pela CNN Brasil se isso era um indicativo de que a decis\u00e3o seria adiada para o pr\u00f3ximo ano, ele reconheceu que \u00e9 \u201cbem poss\u00edvel\u201d.\n<\/p>\n<p>\u2013 N\u00e3o pode haver nenhum a\u00e7odamento nesse processo \u2013 completou o procurador-geral da Rep\u00fablica.\n<\/p>\n<p><strong><br \/><\/strong>Com o relat\u00f3rio finalizado pela PF, cabe a Gonet seguir com o rito jur\u00eddico, que prev\u00ea tr\u00eas caminhos poss\u00edveis para a tramita\u00e7\u00e3o do processo. Com o recebimento do documento de 884 p\u00e1ginas, a PGR passa a se debru\u00e7ar sobre ele e poder\u00e1 oferecer den\u00fancia contra Bolsonaro e outros 36 indiciados, o que os colocar\u00e1 na condi\u00e7\u00e3o de r\u00e9us.\n<\/p>\n<p>Ou seja, o \u00f3rg\u00e3o, que \u00e9 titular da a\u00e7\u00e3o penal, pode apresentar ou n\u00e3o den\u00fancia \u00e0 Justi\u00e7a. Caso entenda que a autoridade policial, no caso a PF, est\u00e1 correta em suas investiga\u00e7\u00f5es, a den\u00fancia abre o processo penal contra os acusados.\n<\/p>\n<p>O procurador tamb\u00e9m pode avaliar que ainda faltam mais ind\u00edcios para sustentar uma den\u00fancia, o que o faria pedir novas dilig\u00eancias sobre o caso para que as investiga\u00e7\u00f5es da PF continuem.\n<\/p>\n<p>Gonet pode, ainda, decidir n\u00e3o seguir com a den\u00fancia, determinando o arquivamento do caso. Dessa forma, o indiciado volta a n\u00e3o ter implica\u00e7\u00f5es penais, j\u00e1 que n\u00e3o foi formalmente acusado de nenhum crime referente a essa investiga\u00e7\u00e3o.\n<\/p>\n<p>Se uma den\u00fancia for enviada pela PGR ao Supremo, a Corte poder\u00e1 acatar ou n\u00e3o a manifesta\u00e7\u00e3o. Caso seja aceita, os denunciados se tornam r\u00e9us e ser\u00e3o julgados pelo Judici\u00e1rio.\n<\/p>\n<div id=\"r89-desktop-incontent-2-wrapper\">\n<div>\n<p>Com infoma\u00e7oes de pleno.news<\/p>\n<\/div>\n<\/div>\n<p>\u00a0<\/p>\n<\/div>\n<p><br \/>\n<br \/><a href=\"https:\/\/diariodobrasilnoticias.com.br\/noticia\/pgr-indica-que-decisao-sobre-caso-bolsonaro-sera-so-no-ano-que-vem-674b8e0de89ed\">Source link <\/a><\/p>","protected":false},"excerpt":{"rendered":"<p>Em entrevista \u00e0 CNN Brasil, Gonet destacou a \u201cenorme complexidade\u201d do caso, que tem 37 indiciados. \u2013 Este \u00e9 um caso de enorme complexidade, inclusive pelo n\u00famero de pessoas envolvidas.&hellip;<\/p>","protected":false},"author":1,"featured_media":68594,"comment_status":"closed","ping_status":"open","sticky":false,"template":"","format":"standard","meta":{"content-type":"","footnotes":""},"categories":[16],"tags":[123,2448,5313,1267],"class_list":["post-68593","post","type-post","status-publish","format-standard","has-post-thumbnail","hentry","category-noticias","tag-brasil","tag-diario","tag-noticia","tag-noticias"],"_links":{"self":[{"href":"https:\/\/tvbrazilusa.com\/pt\/wp-json\/wp\/v2\/posts\/68593","targetHints":{"allow":["GET"]}}],"collection":[{"href":"https:\/\/tvbrazilusa.com\/pt\/wp-json\/wp\/v2\/posts"}],"about":[{"href":"https:\/\/tvbrazilusa.com\/pt\/wp-json\/wp\/v2\/types\/post"}],"author":[{"embeddable":true,"href":"https:\/\/tvbrazilusa.com\/pt\/wp-json\/wp\/v2\/users\/1"}],"replies":[{"embeddable":true,"href":"https:\/\/tvbrazilusa.com\/pt\/wp-json\/wp\/v2\/comments?post=68593"}],"version-history":[{"count":1,"href":"https:\/\/tvbrazilusa.com\/pt\/wp-json\/wp\/v2\/posts\/68593\/revisions"}],"predecessor-version":[{"id":68595,"href":"https:\/\/tvbrazilusa.com\/pt\/wp-json\/wp\/v2\/posts\/68593\/revisions\/68595"}],"wp:featuredmedia":[{"embeddable":true,"href":"https:\/\/tvbrazilusa.com\/pt\/wp-json\/wp\/v2\/media\/68594"}],"wp:attachment":[{"href":"https:\/\/tvbrazilusa.com\/pt\/wp-json\/wp\/v2\/media?parent=68593"}],"wp:term":[{"taxonomy":"category","embeddable":true,"href":"https:\/\/tvbrazilusa.com\/pt\/wp-json\/wp\/v2\/categories?post=68593"},{"taxonomy":"post_tag","embeddable":true,"href":"https:\/\/tvbrazilusa.com\/pt\/wp-json\/wp\/v2\/tags?post=68593"}],"curies":[{"name":"wp","href":"https:\/\/api.w.org\/{rel}","templated":true}]}}