{"id":68607,"date":"2024-12-01T00:43:18","date_gmt":"2024-12-01T00:43:18","guid":{"rendered":"https:\/\/tvbrazilusa.com\/2024\/12\/01\/video-criminosos-invadem-quiosque-e-matam-pm-de-folga-em-paraty-no-rj\/"},"modified":"2024-12-01T00:43:19","modified_gmt":"2024-12-01T00:43:19","slug":"video-criminosos-invadem-quiosque-e-matam-pm-de-folga-em-paraty-no-rj","status":"publish","type":"post","link":"https:\/\/tvbrazilusa.com\/pt\/2024\/12\/01\/video-criminosos-invadem-quiosque-e-matam-pm-de-folga-em-paraty-no-rj\/","title":{"rendered":"V\u00eddeo: criminosos invadem quiosque e matam PM de folga em Paraty, no RJ"},"content":{"rendered":"<p> <script async src=\"https:\/\/pagead2.googlesyndication.com\/pagead\/js\/adsbygoogle.js?client=ca-pub-8864793242727901\"\r\n     crossorigin=\"anonymous\"><\/script><br \/>\n<\/p>\n<div>\n<p>Imagens de c\u00e2meras de seguran\u00e7a mostram o momento em que quatro criminosos invadem um quiosque na orla da Praia do Pontal, em Paraty, neste s\u00e1bado (30) e atiram com fuzis contra as pessoas que estavam no local. O cabo da policial militar Eli\u00e9zer Oliveira da Silva estava de folga quando foi morto a tiros durante o ataque.\u00a0\n<\/p>\n<div class=\"text\">\n<div>\n<p>Imagens de c\u00e2meras de seguran\u00e7a mostram o momento em que quatro criminosos invadem um quiosque na orla da Praia do Pontal, em Paraty, neste s\u00e1bado (30) e atiram com fuzis contra as pessoas que estavam no local. O cabo da policial militar Eli\u00e9zer Oliveira da Silva estava de folga quando foi morto a tiros durante o ataque.\u00a0<\/p>\n<\/div>\n<\/div>\n<p>\u00a0<\/p>\n<div class=\"text\">\n<div>\n<p>Um suspeito de envolvimento com o tr\u00e1fico de drogas, identificado como Jos\u00e9 Carlos Vargas j\u00fanior, que possu\u00eda 12 passagens, tamb\u00e9m morreu. Segundo a pol\u00edcia foram mais de 30 tiros disparados.\n<\/p>\n<\/div>\n<\/div>\n<\/div>\n<div>\n<div>\n<p>Al\u00e9m dos mortos, outro policial militar e um turista argentino foram baleados, mas j\u00e1 receberam alta no hospital Hugo Miranda, para onde foram socorridos. Eli\u00e9zer morreu na unidade m\u00e9dica, enquanto o suspeito de tr\u00e1fico faleceu no local.\n<\/p>\n<\/div>\n<div>\n<p>A pol\u00edcia civil investiga o crime e acredita que seja um \u201cajuste de contas\u201d envolvendo fac\u00e7\u00f5es criminosas rivais. Ainda n\u00e3o h\u00e1 informa\u00e7\u00f5es sobre vel\u00f3rio e sepultamento do PM Eliezer. Em nota, a PM afirmou que a ocorr\u00eancia foi registrada na 167\u00aa DP.\n<\/p>\n<p>Com informa\u00e7oes &#8220;band.com.br&#8221;\n<\/p>\n<p>link video <a href=\"https:\/\/tv.uol\/1Abcz\">https:\/\/tv.uol\/1Abcz<\/a><\/p>\n<\/div>\n<\/div>\n<p><br \/>\n<br \/><a href=\"https:\/\/diariodobrasilnoticias.com.br\/noticia\/video-criminosos-invadem-quiosque-e-matam-pm-de-folga-em-paraty-no-rj-674b7c46a03d3\">Source link <\/a><\/p>","protected":false},"excerpt":{"rendered":"<p>Imagens de c\u00e2meras de seguran\u00e7a mostram o momento em que quatro criminosos invadem um quiosque na orla da Praia do Pontal, em Paraty, neste s\u00e1bado (30) e atiram com fuzis&hellip;<\/p>","protected":false},"author":1,"featured_media":68608,"comment_status":"closed","ping_status":"open","sticky":false,"template":"","format":"standard","meta":{"content-type":"","footnotes":""},"categories":[16],"tags":[123,2448,5313,1267],"class_list":["post-68607","post","type-post","status-publish","format-standard","has-post-thumbnail","hentry","category-noticias","tag-brasil","tag-diario","tag-noticia","tag-noticias"],"_links":{"self":[{"href":"https:\/\/tvbrazilusa.com\/pt\/wp-json\/wp\/v2\/posts\/68607","targetHints":{"allow":["GET"]}}],"collection":[{"href":"https:\/\/tvbrazilusa.com\/pt\/wp-json\/wp\/v2\/posts"}],"about":[{"href":"https:\/\/tvbrazilusa.com\/pt\/wp-json\/wp\/v2\/types\/post"}],"author":[{"embeddable":true,"href":"https:\/\/tvbrazilusa.com\/pt\/wp-json\/wp\/v2\/users\/1"}],"replies":[{"embeddable":true,"href":"https:\/\/tvbrazilusa.com\/pt\/wp-json\/wp\/v2\/comments?post=68607"}],"version-history":[{"count":1,"href":"https:\/\/tvbrazilusa.com\/pt\/wp-json\/wp\/v2\/posts\/68607\/revisions"}],"predecessor-version":[{"id":68609,"href":"https:\/\/tvbrazilusa.com\/pt\/wp-json\/wp\/v2\/posts\/68607\/revisions\/68609"}],"wp:featuredmedia":[{"embeddable":true,"href":"https:\/\/tvbrazilusa.com\/pt\/wp-json\/wp\/v2\/media\/68608"}],"wp:attachment":[{"href":"https:\/\/tvbrazilusa.com\/pt\/wp-json\/wp\/v2\/media?parent=68607"}],"wp:term":[{"taxonomy":"category","embeddable":true,"href":"https:\/\/tvbrazilusa.com\/pt\/wp-json\/wp\/v2\/categories?post=68607"},{"taxonomy":"post_tag","embeddable":true,"href":"https:\/\/tvbrazilusa.com\/pt\/wp-json\/wp\/v2\/tags?post=68607"}],"curies":[{"name":"wp","href":"https:\/\/api.w.org\/{rel}","templated":true}]}}