{"id":68771,"date":"2024-12-01T13:03:03","date_gmt":"2024-12-01T13:03:03","guid":{"rendered":"https:\/\/tvbrazilusa.com\/2024\/12\/01\/dono-da-empiricus-diz-que-brasil-tem-que-aguentar-lula-em-2025-e-procurar-saida-em-2026-pacto-faustico-a-brasileira\/"},"modified":"2024-12-01T13:03:05","modified_gmt":"2024-12-01T13:03:05","slug":"dono-da-empiricus-diz-que-brasil-tem-que-aguentar-lula-em-2025-e-procurar-saida-em-2026-pacto-faustico-a-brasileira","status":"publish","type":"post","link":"https:\/\/tvbrazilusa.com\/pt\/2024\/12\/01\/dono-da-empiricus-diz-que-brasil-tem-que-aguentar-lula-em-2025-e-procurar-saida-em-2026-pacto-faustico-a-brasileira\/","title":{"rendered":"Dono da Empiricus diz que Brasil tem que aguentar Lula em 2025 e procurar sa\u00edda em 2026: \u201cpacto f\u00e1ustico \u00e0 brasileira\u201d"},"content":{"rendered":"<p> <script async src=\"https:\/\/pagead2.googlesyndication.com\/pagead\/js\/adsbygoogle.js?client=ca-pub-8864793242727901\"\r\n     crossorigin=\"anonymous\"><\/script><br \/>\n<\/p>\n<div id=\"taboola-read-more\" style=\"display:block; width:100%\">\n<p>Neste m\u00eas de novembro, a Empiricus Research completa 15 anos. E, para celebrar esse anivers\u00e1rio, 150 assinantes da casa puderam participar de um evento exclusivo com presen\u00e7as ilustres no audit\u00f3rio do BTG Pactual, em S\u00e3o Paulo, para discutir economia comportamental, investimentos, Brasil e cen\u00e1rio internacional.\n<\/p>\n<p>Dentre os palestrantes estavam Cl\u00f3vis de Barros Filho (fil\u00f3sofo e professor), Eduardo Gianetti (economista e professor), Fernando Sch\u00fcler (cientista pol\u00edtico e colunista da Veja), Daniel Goldberg (CIO da Lumina Capital) e os pr\u00f3prios s\u00f3cios-fundadores da Empiricus: Felipe Miranda e Rodolfo Amstalden.<\/p>\n<p><strong>Empiricus nasceu para democratizar o acesso \u00e0 informa\u00e7\u00e3o<\/strong>\n<\/p>\n<p>Em seu painel, Miranda come\u00e7a contando o principal motivo que levou \u00e0 cria\u00e7\u00e3o da casa de an\u00e1lise. \u201cA gente fundou a Empiricus com o grande objetivo de democratizar o acesso \u00e0 informa\u00e7\u00e3o para a pessoa f\u00edsica. A gente queria tirar o dinheiro da poupan\u00e7a\u201d.\n<\/p>\n<p>Segundo o estrategista-chefe da Empiricus, os analistas da Faria Lima e do Leblon sempre acreditaram que \u201cest\u00e1 tudo bem\u201d a pessoa f\u00edsica continuar jogando na \u201cs\u00e9rie B\u201d dos investimentos.\n<\/p>\n<p>\u201cEu sempre pensei o contr\u00e1rio: a pessoa f\u00edsica tem que jogar na \u2018s\u00e9rie A\u2019. Inclusive ela pode ter acesso a investimentos n\u00e3o s\u00f3 equivalentes, mas por vezes at\u00e9 melhores do que os dispon\u00edveis para o investidor institucional. E n\u00e3o precisa depender s\u00f3 do gerente do banco para tomar as melhores decis\u00f5es. [\u2026] Nesse sentido, acho que temos feito um trabalho at\u00e9 acima do que n\u00f3s mesmos esper\u00e1vamos\u201d.\n<\/p>\n<p><strong>\u2018Brasil \u00e9 mais c\u00edclico do que ruim\u2019<\/strong>\n<\/p>\n<p>Na segunda parte de seu painel, Miranda se aprofunda na an\u00e1lise de investimentos e explica por que considera o Brasil mais \u201cc\u00edclico\u201d do que ruim para se investir.\n<\/p>\n<p>\u201cMeu argumento de ser muito c\u00edclico \u00e9 que o Brasil viveu uma s\u00e9rie de cisnes negros, que s\u00e3o aqueles eventos de baixa probabilidade: pandemia, maior recess\u00e3o da Hist\u00f3ria em 2015. Vivemos um ciclo muito ruim desde a segunda metade de 2021. Para o mercado de capitais n\u00e3o \u00e9 o ambiente ideal, n\u00e3o \u00e9 pr\u00f3-mercado, n\u00e3o \u00e9 pr\u00f3-Lula. A gente pode at\u00e9 dourar a p\u00edlula de v\u00e1rias maneiras, mas esses eventos prejudicaram muito, de fato\u201d.\n<\/p>\n<p><strong>Governo frustrou expectativas em 2024<\/strong>\n<\/p>\n<p>No caso deste ano, especificamente, Miranda refor\u00e7a que parte da queda da Bolsa e da alta do d\u00f3lar tem a ver com a revers\u00e3o de expectativas que havia no in\u00edcio do ano. \u201cCome\u00e7amos 2024 em 134 mil pontos e expectativa de queda de juros, e no final estamos vivendo outro cen\u00e1rio\u201d.\n<\/p>\n<p>Sobre isso, Andr\u00e9 Esteves, s\u00f3cio do BTG Pactual e tamb\u00e9m convidado do painel, complementa: \u201cA gente [o governo] demora muito para tomar decis\u00f5es e faz um pouco menos do que devia. E isso vai deteriorando as expectativas. O Haddad passou a acreditar que o equil\u00edbrio fiscal traria taxas de juros mais baixas. S\u00f3 que ele tem uma inger\u00eancia do governo, ent\u00e3o o que \u00e9 combinado na Fazenda n\u00e3o tem se concretizado\u201d.\n<\/p>\n<p>Para ele, o ponto principal dessa frustra\u00e7\u00e3o do mercado est\u00e1 ligado \u00e0 credibilidade do governo. \u201cA falta de responsabilidade fiscal \u2013 que o Lula tamb\u00e9m prometeu em campanha \u2013 est\u00e1 dragando a credibilidade do Haddad e do pr\u00f3prio Gal\u00edpolo, que ainda nem \u00e9 presidente do Banco Central\u201d. Gabriel Gal\u00edpolo foi escolhido para assumir o cargo a partir de 2025.\n<\/p>\n<p>Ainda assim, Esteves \u00e9 otimista com o pa\u00eds. \u201cPara falar a verdade n\u00e3o vejo nenhuma complexidade no Brasil, a d\u00edvida externa est\u00e1 equilibrada, temos bastante diversidade nas exporta\u00e7\u00f5es, somos fortes no agroneg\u00f3cio, no petr\u00f3leo e no metals &#038; mining; as reservas cambiais brasileiras s\u00e3o l\u00edquidas; temos um sistema financeiro s\u00f3lido, desemprego est\u00e1 baix\u00edssimo. Ent\u00e3o o Brasil est\u00e1 f\u00e1cil, essa fotografia \u00e9 f\u00e1cil, s\u00f3 est\u00e1 faltando a dire\u00e7\u00e3o certa\u201d\n<\/p>\n<p><strong>Por que o Brasil atual se assemelha \u00e0 lenda de Fausto? CIO da Empiricus explica<\/strong>\n<\/p>\n<p>Para Miranda, a gente vive um grande pacto f\u00e1ustico \u201c\u00e0 brasileira\u201d, remetendo-se \u00e0 lenda de Fausto, um personagem liter\u00e1rio que vai al\u00e9m da \u00e9tica e da moral para satisfazer sua pr\u00f3pria ambi\u00e7\u00e3o e que aparece de forma an\u00e1loga no livro \u201cGrande Sert\u00e3o: Veredas\u201d \u2013 filme inclusive financiado pelos s\u00f3cios da Empiricus.\n<\/p>\n<p>\u201cO Fausto \u00e9 o cara que faz um pacto com o dem\u00f4nio para que ele consiga transformar metais em ouro, e, no caso do Brasil, a gente fez um pacto de topar aguentar o Lula no governo por um ano para pegar talvez uma virada de ciclo em 2026\u2033, compara.\n<\/p>\n<p>Al\u00e9m disso, ele v\u00ea 2025 como uma \u201cponte\u201d apenas para o ano eleitoral seguinte: \u201c\u00c9 um ano meio que n\u00e3o n\u00e3o define grandes coisas\u201d.\n<\/p>\n<p>Por\u00e9m, para o analista-chefe da Empiricus Research, o p\u00eandulo do Brasil pode migrar mais para a direita nas pr\u00f3ximas elei\u00e7\u00f5es para presidente. \u201cO Trump demonstra um certo zeitgeist contra o incumbente e mais \u00e0 direita. E se voc\u00ea parar pra pensar, [por um per\u00edodo] teve Trump, Macri e Bolsonaro [no poder], depois teve Biden, Fernandez e Lula. E agora voc\u00ea tem Trump, Milei e\u2026 complete a frase [com o nome do pr\u00f3ximo presidente do Brasil]\u201d.\n<\/p>\n<p>Por fim, na vis\u00e3o dele se a alta probabilidade da \u201cmarcha \u00e0 direita\u201d se confirmar em 2026, \u201cter\u00edamos um rali eleitoral contratado j\u00e1 para 15 meses \u00e0 frente\u201d.\n<\/p>\n<p>Fonte: Seu Dinheiro              <\/p>\n<\/div>\n<p><br \/>\n<br \/><a href=\"https:\/\/diariodobrasilnoticias.com.br\/noticia\/dono-da-empiricus-diz-que-brasil-tem-que-aguentar-lula-em-2025-e-procurar-saida-em-2026-pacto-faustico-a-brasileira-674c5a2e962f3\">Source link <\/a><\/p>","protected":false},"excerpt":{"rendered":"<p>Neste m\u00eas de novembro, a Empiricus Research completa 15 anos. E, para celebrar esse anivers\u00e1rio, 150 assinantes da casa puderam participar de um evento exclusivo com presen\u00e7as ilustres no audit\u00f3rio&hellip;<\/p>","protected":false},"author":1,"featured_media":68772,"comment_status":"closed","ping_status":"open","sticky":false,"template":"","format":"standard","meta":{"content-type":"","footnotes":""},"categories":[16],"tags":[123,2448,5313,1267],"class_list":["post-68771","post","type-post","status-publish","format-standard","has-post-thumbnail","hentry","category-noticias","tag-brasil","tag-diario","tag-noticia","tag-noticias"],"_links":{"self":[{"href":"https:\/\/tvbrazilusa.com\/pt\/wp-json\/wp\/v2\/posts\/68771","targetHints":{"allow":["GET"]}}],"collection":[{"href":"https:\/\/tvbrazilusa.com\/pt\/wp-json\/wp\/v2\/posts"}],"about":[{"href":"https:\/\/tvbrazilusa.com\/pt\/wp-json\/wp\/v2\/types\/post"}],"author":[{"embeddable":true,"href":"https:\/\/tvbrazilusa.com\/pt\/wp-json\/wp\/v2\/users\/1"}],"replies":[{"embeddable":true,"href":"https:\/\/tvbrazilusa.com\/pt\/wp-json\/wp\/v2\/comments?post=68771"}],"version-history":[{"count":1,"href":"https:\/\/tvbrazilusa.com\/pt\/wp-json\/wp\/v2\/posts\/68771\/revisions"}],"predecessor-version":[{"id":68773,"href":"https:\/\/tvbrazilusa.com\/pt\/wp-json\/wp\/v2\/posts\/68771\/revisions\/68773"}],"wp:featuredmedia":[{"embeddable":true,"href":"https:\/\/tvbrazilusa.com\/pt\/wp-json\/wp\/v2\/media\/68772"}],"wp:attachment":[{"href":"https:\/\/tvbrazilusa.com\/pt\/wp-json\/wp\/v2\/media?parent=68771"}],"wp:term":[{"taxonomy":"category","embeddable":true,"href":"https:\/\/tvbrazilusa.com\/pt\/wp-json\/wp\/v2\/categories?post=68771"},{"taxonomy":"post_tag","embeddable":true,"href":"https:\/\/tvbrazilusa.com\/pt\/wp-json\/wp\/v2\/tags?post=68771"}],"curies":[{"name":"wp","href":"https:\/\/api.w.org\/{rel}","templated":true}]}}