{"id":68777,"date":"2024-12-01T13:15:29","date_gmt":"2024-12-01T13:15:29","guid":{"rendered":"https:\/\/tvbrazilusa.com\/2024\/12\/01\/fenomenos-sobrenaturais-assustam-e-intrigam-moradores-de-fazendas-no-interior-de-sp-saiba-mais-sobre-o-caso\/"},"modified":"2024-12-01T13:15:30","modified_gmt":"2024-12-01T13:15:30","slug":"fenomenos-sobrenaturais-assustam-e-intrigam-moradores-de-fazendas-no-interior-de-sp-saiba-mais-sobre-o-caso","status":"publish","type":"post","link":"https:\/\/tvbrazilusa.com\/pt\/2024\/12\/01\/fenomenos-sobrenaturais-assustam-e-intrigam-moradores-de-fazendas-no-interior-de-sp-saiba-mais-sobre-o-caso\/","title":{"rendered":"Fen\u00f4menos sobrenaturais assustam e intrigam moradores de fazendas no interior de SP; saiba mais sobre o caso"},"content":{"rendered":"<p> <script async src=\"https:\/\/pagead2.googlesyndication.com\/pagead\/js\/adsbygoogle.js?client=ca-pub-8864793242727901\"\r\n     crossorigin=\"anonymous\"><\/script><br \/>\n<\/p>\n<div id=\"taboola-read-more\" style=\"display:block; width:100%\">\n<p>Situadas a 90 km de Ribeir\u00e3o Preto (SP), duas fazendas de Santo Ant\u00f4nio da Alegria (SP) despertam o interesse de fan\u00e1ticos por hist\u00f3rias de terror.\n<\/p>\n<p>Segundo o investigador Matheus Moraes, uma ponte que divide as propriedades \u00e9 o ponto central de fen\u00f4menos paranormais. As fazendas s\u00e3o marcadas por uma disputa de terras que j\u00e1 vem se arrastando por mais de tr\u00eas d\u00e9cadas.\u00a0<\/p>\n<p>Matheus come\u00e7ou a investigar os fen\u00f4menos do local h\u00e1 dois anos. Segundo ele, eventos sobrenaturais se intensificaram h\u00e1 cerca de 10 anos, ap\u00f3s a morte do patriarca de uma fam\u00edlia e da matriarca da outra.\n<\/p>\n<p>Durante suas visitas \u00e0 ponte que divide as propriedades, o investigador paranormal relata sentir o ar pesado e detectar atividades com equipamentos, como mudan\u00e7as bruscas de temperatura e picos em medidores eletromagn\u00e9ticos.\u00a0\n<\/p>\n<p>Ele afirma que j\u00e1 enfrentou sensa\u00e7\u00f5es de medo, tontura e perda de energia. Segundo o relato de um morador local, ap\u00f3s as 3h da manh\u00e3, pessoas que andam pela \u00e1rea n\u00e3o conseguem sair do lugar, movendo-se em c\u00edrculos.\n<\/p>\n<p>Para a conclus\u00e3o desse trabalho da fazenda agora em dezembro, vou levar um m\u00e9dium para fazer o encaminhamento [das almas]. A maioria quer se comunicar, uns pro bem, outros pro mal [&#8230;] Ali \u00e9 pesado., disse Matheus, em entrevista ao g1.\n<\/p>\n<p>O Brasil tem v\u00e1rios lugares com fama de mal-assombrados. Alguns s\u00e3o locais onde ocorreram trag\u00e9dias ; outros s\u00e3o simplesmente constru\u00e7\u00f5es que com o passar do tempo ganharam essa fama de terem fantasmas. Veja outros exemplos:\n<\/p>\n<p>Edif\u00edcio Copan (S\u00e3o Paulo, SP) &#8211; Relatos de ru\u00eddos estranhos, vultos e movimentos inesperados v\u00eam alimentando a cren\u00e7a de que existem presen\u00e7as sobrenaturais espalhadas pelo pr\u00e9dio. Inaugurado em 1966, tem 1.160 apartamentos onde moram mais de 5 mil pessoas.\n<\/p>\n<p>Edif\u00edcio Joelma (S\u00e3o Paulo) &#8211; Uma das maiores trag\u00e9dias do Brasil ocorreu quando um inc\u00eandio se espalhou rapidamente pelo pr\u00e9dio, em 1974. Dos 756 ocupantes do edif\u00edcio, 187 morreram e mais de 300 ficaram feridos. O pr\u00e9dio foi reformado e, desde ent\u00e3o, h\u00e1 relatos de figuras e vozes misteriosas no local.\u00a0\n<\/p>\n<p>Mina da Passagem (Mariana, MG) &#8211; 15 mineiros morreram afogados na mina em 1936. Os t\u00faneis subterr\u00e2neos, a 12 metros de profundidade, eram usados por filhos de escravos para a ca\u00e7a do ouro. Muitos po\u00e7os eram estreitos e apenas um corpo pequeno conseguia passar.\u00a0\n<\/p>\n<p>A mina foi desativada em 1954. Por\u00e9m, os visitantes e antigos funcion\u00e1rios dizem que escutam barulhos de sinos e correntes mesmo com a Mina da Passagem vazia. Outra lenda diz que o esp\u00edrito de um ingl\u00eas segue no local. Ele morreu em 1880 e nunca teria aceitado a perda de sua esposa.\n<\/p>\n<p>Castelinho do Flamengo (Rio de Janeiro, RJ) &#8211; A constru\u00e7\u00e3o abriga um centro cultural, na zona sul do Rio de Janeiro, mas muitos dizem que os antigos moradores assombram o local.\u00a0\n<\/p>\n<p>Segundo a cren\u00e7a popular, Avelino Fernandes e sua esposa morreram em um acidente de carro em frente ao edif\u00edcio, em 1932, e a \u00fanica filha do casal, Maria de Lourdes, foi testemunha da trag\u00e9dia.\n<\/p>\n<p>Ap\u00f3s o incidente tr\u00e1gico, um tutor teria ficado respons\u00e1vel pela crian\u00e7a, que foi trancafiada numa torre, n\u00e3o suportou o isolamento e se suicidou. O esp\u00edrito da jovem teria passado a assombrar quem passa pelo lugar. Barulhos e vultos s\u00e3o comuns desde ent\u00e3o.\n<\/p>\n<p>Igreja de Nossa Senhora das Dores &#8211; Porto Alegre, Rio Grande do Sul &#8211; Constru\u00edda por quase 100 anos, entre 1807 e 1904, teria sido amaldi\u00e7oada no passado. Diz a lenda que um escravo foi condenado \u00e0 morte em pra\u00e7a p\u00fablica injustamente. Antes do ser enforcado, o homem teria rogado uma praga contra a constru\u00e7\u00e3o.\u00a0\n<\/p>\n<p>Castelinho da Rua Apa (S\u00e3o Paulo, SP) &#8211; Possui uma s\u00e9rie de lendas e relatos sobre assombra\u00e7\u00e3o. Muitos dizem que eventos tr\u00e1gicos, inclusive o suic\u00eddio de uma mulher, cuja presen\u00e7a espectral estaria no edif\u00edcio.\n<\/p>\n<p>Pres\u00eddio do Ah\u00fa (Curitiba, PR) &#8211; Era o local onde ficavam os presos mais perigosos, assombrados por um fantasma em forma de palha\u00e7o. Foi inaugurado em 1905 e fechado em 2006. A constru\u00e7\u00e3o cont\u00e9m um calabou\u00e7o com cinco solit\u00e1rias no subsolo. Passou a ser utilizada para grava\u00e7\u00f5es de cinema e TV.\n<\/p>\n<p>Cruz do Patr\u00e3o &#8211; Recife, Pernambuco &#8211; Localizada em uma \u00e1rea rural do Porto do Recife, esse monumento do s\u00e9culo XIX tornou-se conhecido por causa de hist\u00f3rias envolvendo fantasmas e fen\u00f4menos sobrenaturais, como sons de gemidos e correntes.\u00a0\n<\/p>\n<p>Centro Cultural Martim Cerer\u00ea &#8211; Goi\u00e2nia, Goi\u00e1s &#8211; Durante a Ditadura Militar (1964-1985), presos foram afogados nas caixas d\u2019\u00e1gua do im\u00f3vel &#8211; e muita gente afirma que seus esp\u00edritos permaneceram ali. Hoje, \u00e9 local de shows e pe\u00e7as de teatro.\u00a0\n<\/p>\n<p>Cemit\u00e9rio do Gavi\u00e3o &#8211; S\u00e3o Lu\u00eds, Maranh\u00e3o &#8211; Fundado em 1855, logo ap\u00f3s o final da epidemia de var\u00edola que atingiu a popula\u00e7\u00e3o maranhense. Acredita-se que o fantasma de Ana Jansen, influente empres\u00e1ria do s\u00e9culo 19 conhecida como a \u201cRainha do Maranh\u00e3o\u201d, assombre o local.\n<\/p>\n<p>Casa das Sete Mortes &#8211; Salvador, Bahia &#8211; H\u00e1 relatos de que um crime foi cometido em 1755, nunca desvendado e, desde ent\u00e3o, outros assassinatos de escravos e suas fam\u00edlias tamb\u00e9m aconteceram no lugar. A vizinhan\u00e7a afirma que escuta barulhos inexplic\u00e1veis dentro da resid\u00eancia.\n<\/p>\n<p>Cemit\u00e9rio Santa Izabel &#8211; Bel\u00e9m, Par\u00e1 &#8211; Foi a casa de Josephina Conte, ou \u201cgarota do t\u00e1xi\u201d, que morreu aos 16 anos. Diz a lenda que ela ganhava todos os anos uma viagem de carro por Bel\u00e9m e, at\u00e9 hoje, na noite do seu anivers\u00e1rio, assombra os taxistas para passear pela cidade e saltar na porta do cemit\u00e9rio.\u00a0\n<\/p>\n<p>Fonte: O Povo              <\/p>\n<\/div>\n<p><br \/>\n<br \/><a href=\"https:\/\/diariodobrasilnoticias.com.br\/noticia\/fenomenos-sobrenaturais-assustam-e-intrigam-moradores-de-fazendas-no-interior-de-sp-saiba-mais-sobre-o-caso-674c453f991d3\">Source link <\/a><\/p>","protected":false},"excerpt":{"rendered":"<p>Situadas a 90 km de Ribeir\u00e3o Preto (SP), duas fazendas de Santo Ant\u00f4nio da Alegria (SP) despertam o interesse de fan\u00e1ticos por hist\u00f3rias de terror. Segundo o investigador Matheus Moraes,&hellip;<\/p>","protected":false},"author":1,"featured_media":68778,"comment_status":"closed","ping_status":"open","sticky":false,"template":"","format":"standard","meta":{"content-type":"","footnotes":""},"categories":[16],"tags":[123,2448,5313,1267],"class_list":["post-68777","post","type-post","status-publish","format-standard","has-post-thumbnail","hentry","category-noticias","tag-brasil","tag-diario","tag-noticia","tag-noticias"],"_links":{"self":[{"href":"https:\/\/tvbrazilusa.com\/pt\/wp-json\/wp\/v2\/posts\/68777","targetHints":{"allow":["GET"]}}],"collection":[{"href":"https:\/\/tvbrazilusa.com\/pt\/wp-json\/wp\/v2\/posts"}],"about":[{"href":"https:\/\/tvbrazilusa.com\/pt\/wp-json\/wp\/v2\/types\/post"}],"author":[{"embeddable":true,"href":"https:\/\/tvbrazilusa.com\/pt\/wp-json\/wp\/v2\/users\/1"}],"replies":[{"embeddable":true,"href":"https:\/\/tvbrazilusa.com\/pt\/wp-json\/wp\/v2\/comments?post=68777"}],"version-history":[{"count":1,"href":"https:\/\/tvbrazilusa.com\/pt\/wp-json\/wp\/v2\/posts\/68777\/revisions"}],"predecessor-version":[{"id":68779,"href":"https:\/\/tvbrazilusa.com\/pt\/wp-json\/wp\/v2\/posts\/68777\/revisions\/68779"}],"wp:featuredmedia":[{"embeddable":true,"href":"https:\/\/tvbrazilusa.com\/pt\/wp-json\/wp\/v2\/media\/68778"}],"wp:attachment":[{"href":"https:\/\/tvbrazilusa.com\/pt\/wp-json\/wp\/v2\/media?parent=68777"}],"wp:term":[{"taxonomy":"category","embeddable":true,"href":"https:\/\/tvbrazilusa.com\/pt\/wp-json\/wp\/v2\/categories?post=68777"},{"taxonomy":"post_tag","embeddable":true,"href":"https:\/\/tvbrazilusa.com\/pt\/wp-json\/wp\/v2\/tags?post=68777"}],"curies":[{"name":"wp","href":"https:\/\/api.w.org\/{rel}","templated":true}]}}