{"id":68783,"date":"2024-12-01T13:39:44","date_gmt":"2024-12-01T13:39:44","guid":{"rendered":"https:\/\/tvbrazilusa.com\/2024\/12\/01\/vazamento-sobre-isencao-de-ir-atrapalhou-diz-o-ministro-da-fazenda-fernando-haddad\/"},"modified":"2024-12-01T13:39:48","modified_gmt":"2024-12-01T13:39:48","slug":"vazamento-sobre-isencao-de-ir-atrapalhou-diz-o-ministro-da-fazenda-fernando-haddad","status":"publish","type":"post","link":"https:\/\/tvbrazilusa.com\/pt\/2024\/12\/01\/vazamento-sobre-isencao-de-ir-atrapalhou-diz-o-ministro-da-fazenda-fernando-haddad\/","title":{"rendered":"Vazamento sobre isen\u00e7\u00e3o de IR atrapalhou, diz o Ministro da Fazenda, Fernando Haddad"},"content":{"rendered":"<p> <script async src=\"https:\/\/pagead2.googlesyndication.com\/pagead\/js\/adsbygoogle.js?client=ca-pub-8864793242727901\"\r\n     crossorigin=\"anonymous\"><\/script><br \/>\n<\/p>\n<div id=\"taboola-read-more\" style=\"display:block; width:100%\">\n<p>O ministro da Fazenda, Fernando Haddad, criticou o vazamento de dentro do governo do presidente Luiz In\u00e1cio Lula da Silva (PT) sobre a isen\u00e7\u00e3o do Imposto de Renda para quem ganha at\u00e9 R$ 5.000. Disse que a antecipa\u00e7\u00e3o foi respons\u00e1vel pela m\u00e1 rea\u00e7\u00e3o do mercado financeiro em rela\u00e7\u00e3o ao pacote de corte de gastos.\n<\/p>\n<p>\u201cEu lamentei o vazamento, porque as pessoas, eu n\u00e3o sei de onde vazou, mas \u00e9 muito desagrad\u00e1vel quando voc\u00ea n\u00e3o percebe o n\u00edvel de responsabilidade do agente p\u00fablico no patamar exigido pelo seu mandato, pelo seu exerc\u00edcio da sua fun\u00e7\u00e3o\u201d, disse em entrevista \u00e0 Record nesta 6\u00aa feira (29.nov.2024).<\/p>\n<p>Segundo o ministro, as informa\u00e7\u00f5es divulgadas de forma incompleta resultou numa \u201cleitura equivocada\u201d sobre as medidas fiscais que seriam anunciadas pelo governo no pacote fiscal.\n<\/p>\n<p>\u201cN\u00e3o adianta se queixar do mercado. \u2018Ah, o mercado leu errado\u2019. Cuida da comunica\u00e7\u00e3o, n\u00e3o deixa a informa\u00e7\u00e3o vazar, quando vazar tem uma autoridade constitu\u00edda para explicar, e a\u00ed voc\u00ea n\u00e3o vai ter problema [\u2026] Voc\u00ea tem que ser muito cioso de que, quando voc\u00ea vaza uma informa\u00e7\u00e3o de governo sem que a divulga\u00e7\u00e3o seja feita com a pompa e circunst\u00e2ncia devidas, em respeito ao cidad\u00e3o, voc\u00ea vai ter problema de leitura\u201d, disse Haddad.\n<\/p>\n<p><strong>PACOTE FISCAL<\/strong>\n<\/p>\n<p>O governo federal detalhou na 5\u00aa feira (28.nov) o pacote de revis\u00e3o dos gastos p\u00fablicos. A equipe econ\u00f4mica quer mudar as regras do sal\u00e1rio m\u00ednimo, de benef\u00edcios sociais e da aposentadoria dos militares para poupar R$ 327 bilh\u00f5es em 6 anos.\n<\/p>\n<p>As medidas n\u00e3o s\u00e3o imediatas e podem sofrer mudan\u00e7as, porque ainda precisam da aprova\u00e7\u00e3o do Congresso. S\u00f3 devem come\u00e7ar a valer a partir de 2025. Entenda nesta reportagem o que o time de Lula tentar\u00e1 emplacar.\n<\/p>\n<p>O governo viabilizar\u00e1 o pacote com uma PEC (Proposta de Emenda a Constitui\u00e7\u00e3o) e um PLP (Projeto de Lei Complementar). A reforma da renda vira em um PL (Projeto de Lei), que ficar\u00e1 para depois.\n<\/p>\n<p>As propostas precisam de uma vota\u00e7\u00e3o expressiva na C\u00e2mara. Uma PEC requer 308 votos em 2 turnos de an\u00e1lise, enquanto um PLP \u00e9 aprovado com pelo menos 257 dos 513 deputados.\n<\/p>\n<p><strong>D\u00d3LAR DISPARA<\/strong>\n<\/p>\n<p>O d\u00f3lar fechou esta 6\u00aa feira (29.nov) a R$ 6,001, o maior patamar de fechamento da hist\u00f3ria. A moeda norte-americana agora acumula as seguintes varia\u00e7\u00f5es:\n<\/p>\n<p>0,19% no dia;<br \/>3,2% em uma semana;<br \/>3,8% em novembro;<br \/>23,7% em 2024.\n<\/p>\n<\/p>\n<p>Fonte: Poder360              <\/p>\n<\/div>\n<p><br \/>\n<br \/><a href=\"https:\/\/diariodobrasilnoticias.com.br\/noticia\/vazamento-sobre-isencao-de-ir-atrapalhou-diz-o-ministro-da-fazenda-fernando-haddad-674c49e0325ad\">Source link <\/a><\/p>","protected":false},"excerpt":{"rendered":"<p>O ministro da Fazenda, Fernando Haddad, criticou o vazamento de dentro do governo do presidente Luiz In\u00e1cio Lula da Silva (PT) sobre a isen\u00e7\u00e3o do Imposto de Renda para quem&hellip;<\/p>","protected":false},"author":1,"featured_media":68784,"comment_status":"closed","ping_status":"open","sticky":false,"template":"","format":"standard","meta":{"content-type":"","footnotes":""},"categories":[16],"tags":[123,2448,5313,1267],"class_list":["post-68783","post","type-post","status-publish","format-standard","has-post-thumbnail","hentry","category-noticias","tag-brasil","tag-diario","tag-noticia","tag-noticias"],"_links":{"self":[{"href":"https:\/\/tvbrazilusa.com\/pt\/wp-json\/wp\/v2\/posts\/68783","targetHints":{"allow":["GET"]}}],"collection":[{"href":"https:\/\/tvbrazilusa.com\/pt\/wp-json\/wp\/v2\/posts"}],"about":[{"href":"https:\/\/tvbrazilusa.com\/pt\/wp-json\/wp\/v2\/types\/post"}],"author":[{"embeddable":true,"href":"https:\/\/tvbrazilusa.com\/pt\/wp-json\/wp\/v2\/users\/1"}],"replies":[{"embeddable":true,"href":"https:\/\/tvbrazilusa.com\/pt\/wp-json\/wp\/v2\/comments?post=68783"}],"version-history":[{"count":1,"href":"https:\/\/tvbrazilusa.com\/pt\/wp-json\/wp\/v2\/posts\/68783\/revisions"}],"predecessor-version":[{"id":68785,"href":"https:\/\/tvbrazilusa.com\/pt\/wp-json\/wp\/v2\/posts\/68783\/revisions\/68785"}],"wp:featuredmedia":[{"embeddable":true,"href":"https:\/\/tvbrazilusa.com\/pt\/wp-json\/wp\/v2\/media\/68784"}],"wp:attachment":[{"href":"https:\/\/tvbrazilusa.com\/pt\/wp-json\/wp\/v2\/media?parent=68783"}],"wp:term":[{"taxonomy":"category","embeddable":true,"href":"https:\/\/tvbrazilusa.com\/pt\/wp-json\/wp\/v2\/categories?post=68783"},{"taxonomy":"post_tag","embeddable":true,"href":"https:\/\/tvbrazilusa.com\/pt\/wp-json\/wp\/v2\/tags?post=68783"}],"curies":[{"name":"wp","href":"https:\/\/api.w.org\/{rel}","templated":true}]}}