{"id":68788,"date":"2024-12-01T13:57:16","date_gmt":"2024-12-01T13:57:16","guid":{"rendered":"https:\/\/tvbrazilusa.com\/2024\/12\/01\/na-vespera-de-seu-casamento-o-ministro-flavio-dino-jantou-com-alexandre-de-moraes-e-o-interventor-do-8-1\/"},"modified":"2024-12-01T13:57:17","modified_gmt":"2024-12-01T13:57:17","slug":"na-vespera-de-seu-casamento-o-ministro-flavio-dino-jantou-com-alexandre-de-moraes-e-o-interventor-do-8-1","status":"publish","type":"post","link":"https:\/\/tvbrazilusa.com\/pt\/2024\/12\/01\/na-vespera-de-seu-casamento-o-ministro-flavio-dino-jantou-com-alexandre-de-moraes-e-o-interventor-do-8-1\/","title":{"rendered":"Na v\u00e9spera de seu casamento, o Ministro Fl\u00e1vio Dino jantou com Alexandre de Moraes e o interventor do 8\/1"},"content":{"rendered":"<p> <script async src=\"https:\/\/pagead2.googlesyndication.com\/pagead\/js\/adsbygoogle.js?client=ca-pub-8864793242727901\"\r\n     crossorigin=\"anonymous\"><\/script><br \/>\n<\/p>\n<div id=\"taboola-read-more\" style=\"display:block; width:100%\">\n<p>Os ministros do Supremo Tribunal Federal (STF) Alexandre de Moraes e Fl\u00e1vio Dino jantaram nesta sexta-feira (29), na companhia de Ricardo Cappelli, interventor no Distrito Federal no p\u00f3s-8 de Janeiro, quando apoiadores do ex-presidente Jair Bolsonaro tentaram tomar o poder \u00e0 for\u00e7a. O encontro ocorreu em S\u00e3o Lu\u00eds, no Maranh\u00e3o. Dino se casa neste s\u00e1bado (30), e Moraes e Cappelli est\u00e3o entre os convidados da festa. \u201cJantando com minha fam\u00edlia em S\u00e3o Lu\u00eds na companhia dos ministros Alexandre de Moraes e Fl\u00e1vio Dino, que se casa no dia de hoje com a querida Daniela. Noite de muita alegria na linda Ilha do Amor\u201d, publicou Cappelli em seu perfil no Instagram.\n<\/p>\n<p>Cappelli ocupou cargo de secret\u00e1rio-executivo do Minist\u00e9rio da Justi\u00e7a no per\u00edodo em que Dino comandou o Minist\u00e9rio da Justi\u00e7a no atual governo de Luiz In\u00e1cio Lula da Silva. Com a sa\u00edda de Dino rumo ao Supremo, ele deixou a pasta no come\u00e7o deste ano. O atual comandante da pasta, Ricardo Lewandowski, aceitou a fun\u00e7\u00e3o de ministro com carta branca para formar equipe, o que ocorreu.<\/p>\n<p>No dia 8 de janeiro de 2023, nomeado interventor pelo presidente Lula, Cappelli assumiu o comando da Pol\u00edcia Militar do Distrito Federal. No controle das tropas, no entanto, n\u00e3o p\u00f4de realizar de imediato as pris\u00f5es dos acampados no QG de Bras\u00edlia. Horas antes, as hordas que depredaram os pr\u00e9dios dos Tr\u00eas Poderes haviam sa\u00eddo de l\u00e1. Ap\u00f3s uma resist\u00eancia inicial do Ex\u00e9rcito, os acampados foram presos no dia seguinte. Hoje, Cappelli \u00e9 presidente da Ag\u00eancia Brasileira de Desenvolvimento Industrial (ABDI).\n<\/p>\n<p>Fonte: Jovem Pam              <\/p>\n<\/div>\n<p><br \/>\n<br \/><a href=\"https:\/\/diariodobrasilnoticias.com.br\/noticia\/na-vespera-de-seu-casamento-o-ministro-flavio-dino-jantou-com-alexandre-de-moraes-e-o-interventor-do-8-1-674c4b20115c4\">Source link <\/a><\/p>","protected":false},"excerpt":{"rendered":"<p>Os ministros do Supremo Tribunal Federal (STF) Alexandre de Moraes e Fl\u00e1vio Dino jantaram nesta sexta-feira (29), na companhia de Ricardo Cappelli, interventor no Distrito Federal no p\u00f3s-8 de Janeiro,&hellip;<\/p>","protected":false},"author":1,"featured_media":68789,"comment_status":"closed","ping_status":"open","sticky":false,"template":"","format":"standard","meta":{"content-type":"","footnotes":""},"categories":[16],"tags":[123,2448,5313,1267],"class_list":["post-68788","post","type-post","status-publish","format-standard","has-post-thumbnail","hentry","category-noticias","tag-brasil","tag-diario","tag-noticia","tag-noticias"],"_links":{"self":[{"href":"https:\/\/tvbrazilusa.com\/pt\/wp-json\/wp\/v2\/posts\/68788","targetHints":{"allow":["GET"]}}],"collection":[{"href":"https:\/\/tvbrazilusa.com\/pt\/wp-json\/wp\/v2\/posts"}],"about":[{"href":"https:\/\/tvbrazilusa.com\/pt\/wp-json\/wp\/v2\/types\/post"}],"author":[{"embeddable":true,"href":"https:\/\/tvbrazilusa.com\/pt\/wp-json\/wp\/v2\/users\/1"}],"replies":[{"embeddable":true,"href":"https:\/\/tvbrazilusa.com\/pt\/wp-json\/wp\/v2\/comments?post=68788"}],"version-history":[{"count":1,"href":"https:\/\/tvbrazilusa.com\/pt\/wp-json\/wp\/v2\/posts\/68788\/revisions"}],"predecessor-version":[{"id":68790,"href":"https:\/\/tvbrazilusa.com\/pt\/wp-json\/wp\/v2\/posts\/68788\/revisions\/68790"}],"wp:featuredmedia":[{"embeddable":true,"href":"https:\/\/tvbrazilusa.com\/pt\/wp-json\/wp\/v2\/media\/68789"}],"wp:attachment":[{"href":"https:\/\/tvbrazilusa.com\/pt\/wp-json\/wp\/v2\/media?parent=68788"}],"wp:term":[{"taxonomy":"category","embeddable":true,"href":"https:\/\/tvbrazilusa.com\/pt\/wp-json\/wp\/v2\/categories?post=68788"},{"taxonomy":"post_tag","embeddable":true,"href":"https:\/\/tvbrazilusa.com\/pt\/wp-json\/wp\/v2\/tags?post=68788"}],"curies":[{"name":"wp","href":"https:\/\/api.w.org\/{rel}","templated":true}]}}