{"id":68797,"date":"2024-12-01T14:33:46","date_gmt":"2024-12-01T14:33:46","guid":{"rendered":"https:\/\/tvbrazilusa.com\/2024\/12\/01\/ex-presidente-do-uruguai-pepe-mujica-diz-que-lula-nao-tem-sucessor-e-que-havera-revolucao-na-venezuela\/"},"modified":"2024-12-01T14:33:47","modified_gmt":"2024-12-01T14:33:47","slug":"ex-presidente-do-uruguai-pepe-mujica-diz-que-lula-nao-tem-sucessor-e-que-havera-revolucao-na-venezuela","status":"publish","type":"post","link":"https:\/\/tvbrazilusa.com\/pt\/2024\/12\/01\/ex-presidente-do-uruguai-pepe-mujica-diz-que-lula-nao-tem-sucessor-e-que-havera-revolucao-na-venezuela\/","title":{"rendered":"Ex-presidente do Uruguai, Pepe Mujica, diz que Lula n\u00e3o tem sucessor e que haver\u00e1 revolu\u00e7\u00e3o na Venezuela"},"content":{"rendered":"<p> <script async src=\"https:\/\/pagead2.googlesyndication.com\/pagead\/js\/adsbygoogle.js?client=ca-pub-8864793242727901\"\r\n     crossorigin=\"anonymous\"><\/script><br \/>\n<\/p>\n<div id=\"taboola-read-more\" style=\"display:block; width:100%\">\n<p>O ex-presidente uruguaio Jos\u00e9 &#8220;Pepe&#8221; Mujica, 89, afirmou em entrevista \u00e0 ag\u00eancia de not\u00edcias AFP que considera a Venezuela um regime autorit\u00e1rio e que acredita que o pa\u00eds passar\u00e1 por um conflito interno.\n<\/p>\n<p>&#8220;Tenho uma discord\u00e2ncia \u00edntima com regimes autorit\u00e1rios, mas n\u00e3o apoio a interven\u00e7\u00e3o externa. Os problemas da Venezuela devem ser resolvidos pelos venezuelanos. E, de qualquer forma, eles devem ser ajudados. Mas n\u00e3o interfiram&#8221;, disse. &#8220;Haver\u00e1 alguma revolu\u00e7\u00e3o de dentro da Venezuela em algum momento.&#8221;<\/p>\n<p>Para o ex-presidente, o regime do ditador Nicol\u00e1s Maduro, que j\u00e1 dura 11 anos, n\u00e3o \u00e9 de esquerda e n\u00e3o pode ser comparado ao do antecessor, Hugo Ch\u00e1vez, que governou o pa\u00eds de 1999 at\u00e9 2013, quando morreu em decorr\u00eancia de um c\u00e2ncer. &#8220;Alguns dos chavistas est\u00e3o fora disso e muitos deles s\u00e3o perseguidos no mundo.&#8221;\n<\/p>\n<p>Pepe Mujica tamb\u00e9m lamentou o regime da Nicar\u00e1gua, comandada desde 2007 pelo ditador Daniel Ortega e sua esposa e vice, Rosario Murillo \u2014ainda neste m\u00eas, o Congresso do pa\u00eds aprovou uma reforma constitucional que, na pr\u00e1tica, d\u00e1 poder sem limites aos l\u00edderes. &#8220;O que mais me irrita \u00e9 quando eles brincam de democracia e depois trapaceiam. Isso \u00e9 insuport\u00e1vel&#8221;, afirma.\n<\/p>\n<p>Sobre o autoritarismo na Am\u00e9rica Latina, o ex-presidente uruguaio avalia o fen\u00f4meno como um retrocesso. &#8220;N\u00f3s vivemos o autoritarismo historicamente quando os Estados Unidos se intrometeram em todos os lugares, mas agora tamb\u00e9m estamos atrapalhando.&#8221;\n<\/p>\n<p>Uma das preocupa\u00e7\u00f5es do ex-guerrilheiro \u00e9 a falta de um sucessor \u00e0 vista para o presidente Luiz In\u00e1cio Lula da Silva, a quem chamou de &#8220;velho amigo&#8221;. &#8220;Lula est\u00e1 perto dos 80 anos de idade e ele n\u00e3o tem substituto. Essa \u00e9 a desgra\u00e7a do Brasil.&#8221;\n<\/p>\n<p>Mujica, que tratou um c\u00e2ncer de es\u00f4fago neste ano, afirmou que n\u00e3o pretende ocupar mais cargos pol\u00edticos, e disse que a vit\u00f3ria da Frente Ampla no Uruguai, com a elei\u00e7\u00e3o de Yamand\u00fa Orsi para a presid\u00eancia, assemelha-se a um pr\u00eamio de despedida.\n<\/p>\n<p>&#8220;Voc\u00ea est\u00e1 falando com um veterano de quase 90 anos, que passou por muitos choques, ent\u00e3o a vit\u00f3ria me deu um sentimento de gratid\u00e3o, uma alegria, e tem algo de pr\u00eamio para mim, um pouco como um pr\u00eamio no final da minha carreira.&#8221;\n<\/p>\n<p>Fonte: Folha de S. Paulo              <\/p>\n<\/div>\n<p><br \/>\n<br \/><a href=\"https:\/\/diariodobrasilnoticias.com.br\/noticia\/ex-presidente-do-uruguai-pepe-mujica-diz-que-lula-nao-tem-sucessor-e-que-havera-revolucao-na-venezuela-674c59192689d\">Source link <\/a><\/p>","protected":false},"excerpt":{"rendered":"<p>O ex-presidente uruguaio Jos\u00e9 &#8220;Pepe&#8221; Mujica, 89, afirmou em entrevista \u00e0 ag\u00eancia de not\u00edcias AFP que considera a Venezuela um regime autorit\u00e1rio e que acredita que o pa\u00eds passar\u00e1 por&hellip;<\/p>","protected":false},"author":1,"featured_media":68798,"comment_status":"closed","ping_status":"open","sticky":false,"template":"","format":"standard","meta":{"content-type":"","footnotes":""},"categories":[16],"tags":[123,2448,5313,1267],"class_list":["post-68797","post","type-post","status-publish","format-standard","has-post-thumbnail","hentry","category-noticias","tag-brasil","tag-diario","tag-noticia","tag-noticias"],"_links":{"self":[{"href":"https:\/\/tvbrazilusa.com\/pt\/wp-json\/wp\/v2\/posts\/68797","targetHints":{"allow":["GET"]}}],"collection":[{"href":"https:\/\/tvbrazilusa.com\/pt\/wp-json\/wp\/v2\/posts"}],"about":[{"href":"https:\/\/tvbrazilusa.com\/pt\/wp-json\/wp\/v2\/types\/post"}],"author":[{"embeddable":true,"href":"https:\/\/tvbrazilusa.com\/pt\/wp-json\/wp\/v2\/users\/1"}],"replies":[{"embeddable":true,"href":"https:\/\/tvbrazilusa.com\/pt\/wp-json\/wp\/v2\/comments?post=68797"}],"version-history":[{"count":1,"href":"https:\/\/tvbrazilusa.com\/pt\/wp-json\/wp\/v2\/posts\/68797\/revisions"}],"predecessor-version":[{"id":68799,"href":"https:\/\/tvbrazilusa.com\/pt\/wp-json\/wp\/v2\/posts\/68797\/revisions\/68799"}],"wp:featuredmedia":[{"embeddable":true,"href":"https:\/\/tvbrazilusa.com\/pt\/wp-json\/wp\/v2\/media\/68798"}],"wp:attachment":[{"href":"https:\/\/tvbrazilusa.com\/pt\/wp-json\/wp\/v2\/media?parent=68797"}],"wp:term":[{"taxonomy":"category","embeddable":true,"href":"https:\/\/tvbrazilusa.com\/pt\/wp-json\/wp\/v2\/categories?post=68797"},{"taxonomy":"post_tag","embeddable":true,"href":"https:\/\/tvbrazilusa.com\/pt\/wp-json\/wp\/v2\/tags?post=68797"}],"curies":[{"name":"wp","href":"https:\/\/api.w.org\/{rel}","templated":true}]}}