{"id":68814,"date":"2024-12-01T15:17:49","date_gmt":"2024-12-01T15:17:49","guid":{"rendered":"https:\/\/tvbrazilusa.com\/2024\/12\/01\/saiba-como-o-novo-marcola-lavou-milhoes-do-trafico\/"},"modified":"2024-12-01T15:17:51","modified_gmt":"2024-12-01T15:17:51","slug":"saiba-como-o-novo-marcola-lavou-milhoes-do-trafico","status":"publish","type":"post","link":"https:\/\/tvbrazilusa.com\/pt\/2024\/12\/01\/saiba-como-o-novo-marcola-lavou-milhoes-do-trafico\/","title":{"rendered":"Saiba como o &#8216;novo Marcola&#8217; lavou milh\u00f5es do tr\u00e1fico"},"content":{"rendered":"<p> <script async src=\"https:\/\/pagead2.googlesyndication.com\/pagead\/js\/adsbygoogle.js?client=ca-pub-8864793242727901\"\r\n     crossorigin=\"anonymous\"><\/script><br \/>\n<\/p>\n<div id=\"taboola-read-more\" style=\"display:block; width:100%\">\n<p>Anderson Ricardo de Menezes, o Magrelo, \u00e9 a principal lideran\u00e7a de uma quadrilha de Rio Claro que disputa violentamente territ\u00f3rio com o Primeiro Comando da Capital (PCC) para controlar a venda de drogas na regi\u00e3o.\n<\/p>\n<p>Al\u00e9m de ser investigado pelo envolvimento em dezenas de homic\u00eddios, resultantes da guerra com membros da maior fac\u00e7\u00e3o criminosa do pa\u00eds, Magrelo \u2014 que j\u00e1 afirmou ser \u201co novo Marcola\u201d \u2014 foi condenado recentemente por lavagem de dinheiro. Para isso, ele usou uma empresa de engenharia, com CNPJ atualmente inativo, e tamb\u00e9m comprou carros de luxo, entre eles um Porsche.<\/p>\n<p>A pr\u00e1tica de investir em ve\u00edculos luxuosos \u00e9 velha conhecida do crime organizado, que adquire os carros sem no entanto transferir o registro para o nome dos novos donos.\n<\/p>\n<p>Mesmo com Magrelo atr\u00e1s das grades, a quadrilha, chamada de Bando do Magrelo, segue atuando e expandindo suas a\u00e7\u00f5es criminosas na regi\u00e3o, promovendo um banho de sangue no interior paulista.\n<\/p>\n<p><strong>Condenado a 10 anos<\/strong>\n<\/p>\n<p>No processo de lavagem de dinheiro, que corre em sigilo, consta senten\u00e7a decretada pelo juiz Caio C\u00e9sar Ginez Almeida Bueno, obtida pelo Metr\u00f3poles.\n<\/p>\n<p>O magistrado referendou a den\u00fancia do Minist\u00e9rio P\u00fablico de S\u00e3o Paulo (MPSP) e condenou Magrelo, em 1\u00ba de outubro, a 10 anos, um m\u00eas e um dia de pris\u00e3o no regime fechado. A defesa do condenado n\u00e3o foi localizada. O espa\u00e7o segue aberto para manifesta\u00e7\u00f5es.\n<\/p>\n<p>Magrelo est\u00e1 atr\u00e1s das grades desde maio do ano passado, quando foi capturado por policiais militares, em cumprimento a um mandado de pris\u00e3o, que o flagraram usando documento falso em Borborema, a cerca de 210 km de dist\u00e2ncia de Rio Claro.\n<\/p>\n<p>Com o chef\u00e3o do bando atr\u00e1s das grades, o Grupo de Atua\u00e7\u00e3o Especial de Combate ao Crime Organizado (Gaeco), \u00f3rg\u00e3o do MPSP, deflagrou uma opera\u00e7\u00e3o em que cumpriu mandados de busca e apreens\u00e3o em Rio Claro, Americana e Santa B\u00e1rbara d\u2019Oeste \u2014 todas no interior de S\u00e3o Paulo.\n<\/p>\n<p>Os endere\u00e7os eram ligados a Magrelo, que teve os sigilos banc\u00e1rio e fiscal quebrados pela Justi\u00e7a paulista.\n<\/p>\n<p>Com apoio de policiais federais e militares, o Gaeco apreendeu, na ocasi\u00e3o, tr\u00eas ve\u00edculos de luxo \u2013 Ram Rampage, BMW X4 e um Audi A3 \u2013, al\u00e9m de duas armas de fogo, computadores, celulares, documentos de empresas, anota\u00e7\u00f5es, m\u00e1quinas e cart\u00f5es banc\u00e1rios.\n<\/p>\n<p>As investiga\u00e7\u00f5es tamb\u00e9m relacionaram Magrelo a um Porsche e a uma caminhonete Amarok, al\u00e9m de identificar que o criminoso teria usado empresas \u2014 entre elas a de engenharia \u2014 para movimentar R$ 33.888.720,58. Este valor foi usado como base para o MPSP pedir o sequestro de bens do alvo.\n<\/p>\n<p><strong>Matan\u00e7a no interior<\/strong>\n<\/p>\n<p>Neste m\u00eas, cinco criminosos morreram na guerra entre o Bando do Magrelo e o PCC. No total, foram quatro mortes decorrentes de uma chacina, praticada em retalia\u00e7\u00e3o \u00e0 execu\u00e7\u00e3o de outro criminoso na v\u00e9spera.\n<\/p>\n<p>A mais recente baixa dessa guerra foi a de Israel Henrique Francisco, de 35 anos, que morreu na madrugada da sexta-feira (29\/11), ap\u00f3s quase seis dias internado. Ele foi ferido a tiros no s\u00e1bado (23), juntamente com outros tr\u00eas membros do PCC.\n<\/p>\n<p>Os quatro integrantes da maior fac\u00e7\u00e3o criminosa do Brasil foram executados como vingan\u00e7a pela morte de Daniel de Paula Sobrinho, 29, o Vov\u00f4, ligado ao Bando do Magrelo, cerca de 12 horas antes da chacina. O Metr\u00f3poles apurou que, com a morte de Israel, subiu para 27 o n\u00famero de v\u00edtimas de homic\u00eddio em Rio Claro, neste ano, at\u00e9 o momento.\n<\/p>\n<p>A reportagem obteve o registro, feito por uma c\u00e2mera de monitoramento (assista abaixo), do atentado realizado por membros do Bando do Magrelo contra Gabriel Lima Cardoso, de 26 anos, Marcelo Henrique Ferreira, 27, Jos\u00e9 Cl\u00e1udio Martins Nunes, 50, e Israel, quando conversavam em frente a um terreno, no bairro das Na\u00e7\u00f5es. Os pistoleiros tiveram apoio de um batedor, em uma moto.\n<\/p>\n<p><strong>Mortos com 15 tiros<\/strong>\n<\/p>\n<p>Marcelo correu pela cal\u00e7ada e foi morto com um tiro na cabe\u00e7a e outro na nuca, morrendo na rua. No meio do terreno estava o corpo de Jos\u00e9 Cl\u00e1udio, com cinco tiros no peito, dois na cabe\u00e7a e um na nuca.\n<\/p>\n<p>Gabriel conseguiu ir um pouco mais longe, n\u00e3o por muito tempo, pulando o muro do terreno \u2013 no qual Jos\u00e9 foi morto \u2013, mas foi alcan\u00e7ado e executado com cinco tiros na cabe\u00e7a e um no joelho direito. Ele foi encontrado em uma rua, usada pelos pistoleiros para fugir. Israel tamb\u00e9m foi atingido por tiros e hospitalizado, n\u00e3o resistindo aos ferimentos. A pol\u00edcia n\u00e3o teve tempo de colher o depoimento dele.\n<\/p>\n<p>Em frente ao terreno no qual as v\u00edtimas conversavam, policiais encontraram, ap\u00f3s a chacina, muni\u00e7\u00f5es intactas de calibre 9 mil\u00edmetros e um carregador prolongado. At\u00e9 o momento, ningu\u00e9m foi preso.\n<\/p>\n<p>Fonte: Metr\u00f3poles\n              <\/p>\n<\/div>\n<p><br \/>\n<br \/><a href=\"https:\/\/diariodobrasilnoticias.com.br\/noticia\/saiba-como-o-novo-marcola-lavou-milhoes-do-trafico-674c66174c350\">Source link <\/a><\/p>","protected":false},"excerpt":{"rendered":"<p>Anderson Ricardo de Menezes, o Magrelo, \u00e9 a principal lideran\u00e7a de uma quadrilha de Rio Claro que disputa violentamente territ\u00f3rio com o Primeiro Comando da Capital (PCC) para controlar a&hellip;<\/p>","protected":false},"author":1,"featured_media":68815,"comment_status":"closed","ping_status":"open","sticky":false,"template":"","format":"standard","meta":{"content-type":"","footnotes":""},"categories":[16],"tags":[123,2448,5313,1267],"class_list":["post-68814","post","type-post","status-publish","format-standard","has-post-thumbnail","hentry","category-noticias","tag-brasil","tag-diario","tag-noticia","tag-noticias"],"_links":{"self":[{"href":"https:\/\/tvbrazilusa.com\/pt\/wp-json\/wp\/v2\/posts\/68814","targetHints":{"allow":["GET"]}}],"collection":[{"href":"https:\/\/tvbrazilusa.com\/pt\/wp-json\/wp\/v2\/posts"}],"about":[{"href":"https:\/\/tvbrazilusa.com\/pt\/wp-json\/wp\/v2\/types\/post"}],"author":[{"embeddable":true,"href":"https:\/\/tvbrazilusa.com\/pt\/wp-json\/wp\/v2\/users\/1"}],"replies":[{"embeddable":true,"href":"https:\/\/tvbrazilusa.com\/pt\/wp-json\/wp\/v2\/comments?post=68814"}],"version-history":[{"count":1,"href":"https:\/\/tvbrazilusa.com\/pt\/wp-json\/wp\/v2\/posts\/68814\/revisions"}],"predecessor-version":[{"id":68816,"href":"https:\/\/tvbrazilusa.com\/pt\/wp-json\/wp\/v2\/posts\/68814\/revisions\/68816"}],"wp:featuredmedia":[{"embeddable":true,"href":"https:\/\/tvbrazilusa.com\/pt\/wp-json\/wp\/v2\/media\/68815"}],"wp:attachment":[{"href":"https:\/\/tvbrazilusa.com\/pt\/wp-json\/wp\/v2\/media?parent=68814"}],"wp:term":[{"taxonomy":"category","embeddable":true,"href":"https:\/\/tvbrazilusa.com\/pt\/wp-json\/wp\/v2\/categories?post=68814"},{"taxonomy":"post_tag","embeddable":true,"href":"https:\/\/tvbrazilusa.com\/pt\/wp-json\/wp\/v2\/tags?post=68814"}],"curies":[{"name":"wp","href":"https:\/\/api.w.org\/{rel}","templated":true}]}}