{"id":69022,"date":"2024-12-01T23:03:00","date_gmt":"2024-12-01T23:03:00","guid":{"rendered":"https:\/\/tvbrazilusa.com\/2024\/12\/01\/pm-foi-violentamente-atacado-em-show-do-menos-e-mais-em-foz-do-iguacu\/"},"modified":"2024-12-01T23:03:01","modified_gmt":"2024-12-01T23:03:01","slug":"pm-foi-violentamente-atacado-em-show-do-menos-e-mais-em-foz-do-iguacu","status":"publish","type":"post","link":"https:\/\/tvbrazilusa.com\/pt\/2024\/12\/01\/pm-foi-violentamente-atacado-em-show-do-menos-e-mais-em-foz-do-iguacu\/","title":{"rendered":"PM foi violentamente atacado em show do Menos \u00e9 Mais em Foz do Igua\u00e7u"},"content":{"rendered":"<p> <script async src=\"https:\/\/pagead2.googlesyndication.com\/pagead\/js\/adsbygoogle.js?client=ca-pub-8864793242727901\"\r\n     crossorigin=\"anonymous\"><\/script><br \/>\n<\/p>\n<p>A confus\u00e3o no\u00a0<a href=\"https:\/\/www.metropoles.com\/entretenimento\/show-do-menos-e-mais-e-interrompido-por-tiroteio-em-foz-do-iguacu\">show do grupo de pagode Menos \u00e9 Mais<\/a>, em Foz do Igua\u00e7u (PR), teria sido causada ap\u00f3s um policial militar ser atacado por um grupo de homens, informa a Secretaria da Seguran\u00e7a P\u00fablica do Paran\u00e1.\n<\/p>\n<div>\u00a0Em contato com o\u00a0<strong>Metr\u00f3poles<\/strong>, a secretaria disse que a\u00a0<a href=\"https:\/\/www.metropoles.com\/tag\/policia-militar\">Pol\u00edcia Militar<\/a>, na noite de s\u00e1bado (30\/11), \u201catendeu a ocorr\u00eancia de disparos de arma de fogo\u201d durante o show porque \u201cum policial militar foi violentamente atacado por um grupo de homens que o derrubaram ao ch\u00e3o, desferindo socos e chutes, inclusive contra sua cabe\u00e7a\u201d.Al\u00e9m disso, o policial teria sido alvo de \u201chostiliza\u00e7\u00f5es de cunho racial\u201d, o que foi enquadrado como\u00a0<a href=\"https:\/\/www.metropoles.com\/tag\/injuria-racial\">inj\u00faria racial<\/a>.<\/div>\n<div>\n<p>Ainda de acordo com informa\u00e7\u00f5es do setor de seguran\u00e7a, o policial atacado estava armado e deu quatro tiros para \u201crepelir a agress\u00e3o e salvaguardar sua vida\u201d, atingindo duas pessoas.<\/p>\n<p>A investiga\u00e7\u00e3o inicial aponta que um dos homens possui envolvimento na morte de um agente da seguran\u00e7a p\u00fablica.\n<\/p>\n<p>A assessoria do Menos \u00e9 Mais atribuiu o caso a \u201cum fato isolado envolvendo terceiros, levando a produ\u00e7\u00e3o do evento a tomar a decis\u00e3o de encerrar a apresenta\u00e7\u00e3o, visando \u00e0 preserva\u00e7\u00e3o da ordem e \u00e0 seguran\u00e7a do grupo, dos presentes e de todos os envolvidos\u201d.\n<\/p>\n<p>\u00a0Com informa\u00e7oes metropoles<\/p>\n<\/div>\n<p><br \/>\n<br \/><a href=\"https:\/\/diariodobrasilnoticias.com.br\/noticia\/pm-foi-violentamente-atacado-em-show-do-menos-e-mais-em-foz-do-iguacu-674cc3828c1bc\">Source link <\/a><\/p>","protected":false},"excerpt":{"rendered":"<p>A confus\u00e3o no\u00a0show do grupo de pagode Menos \u00e9 Mais, em Foz do Igua\u00e7u (PR), teria sido causada ap\u00f3s um policial militar ser atacado por um grupo de homens, informa&hellip;<\/p>","protected":false},"author":1,"featured_media":69023,"comment_status":"closed","ping_status":"open","sticky":false,"template":"","format":"standard","meta":{"content-type":"","footnotes":""},"categories":[16],"tags":[123,2448,5313,1267],"class_list":["post-69022","post","type-post","status-publish","format-standard","has-post-thumbnail","hentry","category-noticias","tag-brasil","tag-diario","tag-noticia","tag-noticias"],"_links":{"self":[{"href":"https:\/\/tvbrazilusa.com\/pt\/wp-json\/wp\/v2\/posts\/69022","targetHints":{"allow":["GET"]}}],"collection":[{"href":"https:\/\/tvbrazilusa.com\/pt\/wp-json\/wp\/v2\/posts"}],"about":[{"href":"https:\/\/tvbrazilusa.com\/pt\/wp-json\/wp\/v2\/types\/post"}],"author":[{"embeddable":true,"href":"https:\/\/tvbrazilusa.com\/pt\/wp-json\/wp\/v2\/users\/1"}],"replies":[{"embeddable":true,"href":"https:\/\/tvbrazilusa.com\/pt\/wp-json\/wp\/v2\/comments?post=69022"}],"version-history":[{"count":1,"href":"https:\/\/tvbrazilusa.com\/pt\/wp-json\/wp\/v2\/posts\/69022\/revisions"}],"predecessor-version":[{"id":69024,"href":"https:\/\/tvbrazilusa.com\/pt\/wp-json\/wp\/v2\/posts\/69022\/revisions\/69024"}],"wp:featuredmedia":[{"embeddable":true,"href":"https:\/\/tvbrazilusa.com\/pt\/wp-json\/wp\/v2\/media\/69023"}],"wp:attachment":[{"href":"https:\/\/tvbrazilusa.com\/pt\/wp-json\/wp\/v2\/media?parent=69022"}],"wp:term":[{"taxonomy":"category","embeddable":true,"href":"https:\/\/tvbrazilusa.com\/pt\/wp-json\/wp\/v2\/categories?post=69022"},{"taxonomy":"post_tag","embeddable":true,"href":"https:\/\/tvbrazilusa.com\/pt\/wp-json\/wp\/v2\/tags?post=69022"}],"curies":[{"name":"wp","href":"https:\/\/api.w.org\/{rel}","templated":true}]}}