{"id":69037,"date":"2024-12-01T23:27:40","date_gmt":"2024-12-01T23:27:40","guid":{"rendered":"https:\/\/tvbrazilusa.com\/2024\/12\/01\/bombeiros-resgatam-o-reporter-lucas-martins-da-band-em-sao-paulo\/"},"modified":"2024-12-01T23:27:42","modified_gmt":"2024-12-01T23:27:42","slug":"bombeiros-resgatam-o-reporter-lucas-martins-da-band-em-sao-paulo","status":"publish","type":"post","link":"https:\/\/tvbrazilusa.com\/pt\/2024\/12\/01\/bombeiros-resgatam-o-reporter-lucas-martins-da-band-em-sao-paulo\/","title":{"rendered":"Bombeiros Resgatam o Rep\u00f3rter Lucas Martins , Da Band Em S\u00e3o Paulo"},"content":{"rendered":"<p> <script async src=\"https:\/\/pagead2.googlesyndication.com\/pagead\/js\/adsbygoogle.js?client=ca-pub-8864793242727901\"\r\n     crossorigin=\"anonymous\"><\/script><br \/>\n<\/p>\n<div>\n<figure class=\"post-image\">\n<\/figure>\n<p>            <span style=\"font-size: 12px\">Foto: REPRODU\u00c7\u00c3O <\/span><\/p>\n<p>            <!-- end metas --><br \/>\n            <!-- ADS --><\/p>\n<div id=\"taboola-read-more\" style=\"display:block; width:100%\">\n<p>Imagens do Corpo de Bombeiros mostram como foi o resgate do rep\u00f3rter Lucas Martins, da TV Bandeirantes, e de mais tr\u00eas amigos, no come\u00e7o da tarde deste domingo (1\u00ba\/12) no Rio dos Macacos, mun\u00edcipio de Itanha\u00e9m, no litoral sul de S\u00e3o Paulo.<\/p>\n<p>O grupo desapareceu enquanto fazia uma trilha com amigos com destino a Itanha\u00e9m. Segundo o jornalista, ele e os amigos viram a aeronave da corpora\u00e7\u00e3o sobrevoando a \u00e1rea de mata e, por isso, desviaram o caminho e foram em dire\u00e7\u00e3o ao Rio dos Macacos, onde acabaram resgatados.<\/p>\n<p>O grupo partiu na madrugada de s\u00e1bado (30\/11) rumo \u00e0 trilha que desce a Serra do Mar at\u00e9 Itanha\u00e9m. A previs\u00e3o de chegada era 15h.<\/p>\n<p>Segundo os bombeiros, a esposa de um dos desaparecidos disse que o grupo teria entrado na trilha de Juquitiba pela Estrada do Pilaca, na altura do n\u00famero 10.<\/p>\n<p>Horas depois, durante a tarde, o homem teria enviado uma mensagem avisando que n\u00e3o tinha encontrado o caminho para seguir a trilha e teria que passar a noite na mata.\n<\/p>\n<p>Com informa\u00e7oes metropoles<\/p>\n<p>LINK VIDEO\u00a0<a href=\"https:\/\/www.instagram.com\/reel\/DDC6sV5J5sO\/?igsh=czF4M2szbmIydG02\">https:\/\/www.instagram.com\/reel\/DDC6sV5J5sO\/?igsh=czF4M2szbmIydG02<\/a>\n              <\/p>\n<\/div>\n<p>                        <!-- Scripts para conteudo --><\/p>\n<p>            <!-- .\/Scripts para conteudo --><br \/>\n            <!-- .\/Mat\u00e9ria --><\/p>\n<div class=\"row mt-3\">\n<div class=\"col-sm-6\">\n                <!-- Whatsapp channel 3--><br \/>\n                <a href=\"https:\/\/chat.whatsapp.com\/J6hwSKYns5B0XFowx2wZ0P\" target=\"_blank\"><br \/>\n                  <img decoding=\"async\" src=\"https:\/\/diariodobrasilnoticias.com.br\/assets-site\/images\/bot_whatsapp.png\"\/><\/a>\n              <\/div>\n<div class=\"col-sm-6\">\n                <a href=\"https:\/\/t.me\/+_4gTmi5LKo03OTM5\" target=\"_blank\"><br \/>\n                  <img decoding=\"async\" src=\"https:\/\/diariodobrasilnoticias.com.br\/assets-site\/images\/bot_telegram.png\"\/><\/a>\n              <\/div>\n<\/p><\/div>\n<p>            <!-- end post-navigation --><\/p>\n<p>              <!-- end row --><\/p>\n<p>              <!-- end col-12-->\n                      <\/div>\n<p><script async src=\"\/\/www.instagram.com\/embed.js\"><\/script><br \/>\n<br \/><br \/>\n<br \/><a href=\"https:\/\/diariodobrasilnoticias.com.br\/noticia\/bombeiros-resgatam-o-reporter-lucas-martins-da-band-em-sao-paulo-674cd0ae66181\">Source link <\/a><\/p>","protected":false},"excerpt":{"rendered":"<p>Foto: REPRODU\u00c7\u00c3O Imagens do Corpo de Bombeiros mostram como foi o resgate do rep\u00f3rter Lucas Martins, da TV Bandeirantes, e de mais tr\u00eas amigos, no come\u00e7o da tarde deste domingo&hellip;<\/p>","protected":false},"author":1,"featured_media":69038,"comment_status":"closed","ping_status":"open","sticky":false,"template":"","format":"standard","meta":{"content-type":"","footnotes":""},"categories":[16],"tags":[123,2448,5313,1267],"class_list":["post-69037","post","type-post","status-publish","format-standard","has-post-thumbnail","hentry","category-noticias","tag-brasil","tag-diario","tag-noticia","tag-noticias"],"_links":{"self":[{"href":"https:\/\/tvbrazilusa.com\/pt\/wp-json\/wp\/v2\/posts\/69037","targetHints":{"allow":["GET"]}}],"collection":[{"href":"https:\/\/tvbrazilusa.com\/pt\/wp-json\/wp\/v2\/posts"}],"about":[{"href":"https:\/\/tvbrazilusa.com\/pt\/wp-json\/wp\/v2\/types\/post"}],"author":[{"embeddable":true,"href":"https:\/\/tvbrazilusa.com\/pt\/wp-json\/wp\/v2\/users\/1"}],"replies":[{"embeddable":true,"href":"https:\/\/tvbrazilusa.com\/pt\/wp-json\/wp\/v2\/comments?post=69037"}],"version-history":[{"count":1,"href":"https:\/\/tvbrazilusa.com\/pt\/wp-json\/wp\/v2\/posts\/69037\/revisions"}],"predecessor-version":[{"id":69039,"href":"https:\/\/tvbrazilusa.com\/pt\/wp-json\/wp\/v2\/posts\/69037\/revisions\/69039"}],"wp:featuredmedia":[{"embeddable":true,"href":"https:\/\/tvbrazilusa.com\/pt\/wp-json\/wp\/v2\/media\/69038"}],"wp:attachment":[{"href":"https:\/\/tvbrazilusa.com\/pt\/wp-json\/wp\/v2\/media?parent=69037"}],"wp:term":[{"taxonomy":"category","embeddable":true,"href":"https:\/\/tvbrazilusa.com\/pt\/wp-json\/wp\/v2\/categories?post=69037"},{"taxonomy":"post_tag","embeddable":true,"href":"https:\/\/tvbrazilusa.com\/pt\/wp-json\/wp\/v2\/tags?post=69037"}],"curies":[{"name":"wp","href":"https:\/\/api.w.org\/{rel}","templated":true}]}}