{"id":69046,"date":"2024-12-01T23:40:34","date_gmt":"2024-12-01T23:40:34","guid":{"rendered":"https:\/\/tvbrazilusa.com\/2024\/12\/01\/debandada-de-pilotos-de-combate-expoe-crise-na-fab\/"},"modified":"2024-12-01T23:40:35","modified_gmt":"2024-12-01T23:40:35","slug":"debandada-de-pilotos-de-combate-expoe-crise-na-fab","status":"publish","type":"post","link":"https:\/\/tvbrazilusa.com\/pt\/2024\/12\/01\/debandada-de-pilotos-de-combate-expoe-crise-na-fab\/","title":{"rendered":"Debandada de pilotos de combate exp\u00f5e crise na FAB"},"content":{"rendered":"<p> <script async src=\"https:\/\/pagead2.googlesyndication.com\/pagead\/js\/adsbygoogle.js?client=ca-pub-8864793242727901\"\r\n     crossorigin=\"anonymous\"><\/script><br \/>\n<\/p>\n<div id=\"taboola-read-more\" style=\"display:block; width:100%\">\n<p>Pelo menos sete pilotos de ca\u00e7as F-5 dos esquadr\u00f5es das bases a\u00e9reas de Canoas e do Rio de Janeiro deixaram a Aeron\u00e1utica. Os capit\u00e3es aviadores s\u00e3o a elite da FAB e chamados de pilotos operacionais, ou seja; s\u00e3o os pilotos respons\u00e1veis por executar as tarefas de defesa a\u00e9rea e combate.\u00a0<strong>Sua forma\u00e7\u00e3o durou dez anos e custou mais de 100 milh\u00f5es de reais aos cofres p\u00fablicos.<\/strong>\n<\/p>\n<p>Os aviadores deixaram a carreira militar para entrar na LATAM. Segundo uma fonte da FAB, a baixa dos militares est\u00e1 relacionada com a \u201cfalta de perspectiva na carreira\u201d. \u201cN\u00e3o temos mais avi\u00f5es para voar. Os Gripen n\u00e3o chegaram e os F-5 possuem mais de 50 anos. Nossa situa\u00e7\u00e3o \u00e9 ca\u00f3tica. Al\u00e9m de n\u00e3o conseguirmos cumprir nossas miss\u00f5es por falta de avi\u00f5es, agora estamos perdendo nossos pilotos para a avia\u00e7\u00e3o civil.\u201d<\/p>\n<div class=\"google-auto-placed ap_container\"><\/div>\n<\/p><\/div>\n<p><br \/>\n<br \/><a href=\"https:\/\/diariodobrasilnoticias.com.br\/noticia\/debandada-de-pilotos-de-combate-expoe-crise-na-fab-674ce5d78f81b\">Source link <\/a><\/p>","protected":false},"excerpt":{"rendered":"<p>Pelo menos sete pilotos de ca\u00e7as F-5 dos esquadr\u00f5es das bases a\u00e9reas de Canoas e do Rio de Janeiro deixaram a Aeron\u00e1utica. Os capit\u00e3es aviadores s\u00e3o a elite da FAB&hellip;<\/p>","protected":false},"author":1,"featured_media":69047,"comment_status":"closed","ping_status":"open","sticky":false,"template":"","format":"standard","meta":{"content-type":"","footnotes":""},"categories":[16],"tags":[123,2448,5313,1267],"class_list":["post-69046","post","type-post","status-publish","format-standard","has-post-thumbnail","hentry","category-noticias","tag-brasil","tag-diario","tag-noticia","tag-noticias"],"_links":{"self":[{"href":"https:\/\/tvbrazilusa.com\/pt\/wp-json\/wp\/v2\/posts\/69046","targetHints":{"allow":["GET"]}}],"collection":[{"href":"https:\/\/tvbrazilusa.com\/pt\/wp-json\/wp\/v2\/posts"}],"about":[{"href":"https:\/\/tvbrazilusa.com\/pt\/wp-json\/wp\/v2\/types\/post"}],"author":[{"embeddable":true,"href":"https:\/\/tvbrazilusa.com\/pt\/wp-json\/wp\/v2\/users\/1"}],"replies":[{"embeddable":true,"href":"https:\/\/tvbrazilusa.com\/pt\/wp-json\/wp\/v2\/comments?post=69046"}],"version-history":[{"count":1,"href":"https:\/\/tvbrazilusa.com\/pt\/wp-json\/wp\/v2\/posts\/69046\/revisions"}],"predecessor-version":[{"id":69048,"href":"https:\/\/tvbrazilusa.com\/pt\/wp-json\/wp\/v2\/posts\/69046\/revisions\/69048"}],"wp:featuredmedia":[{"embeddable":true,"href":"https:\/\/tvbrazilusa.com\/pt\/wp-json\/wp\/v2\/media\/69047"}],"wp:attachment":[{"href":"https:\/\/tvbrazilusa.com\/pt\/wp-json\/wp\/v2\/media?parent=69046"}],"wp:term":[{"taxonomy":"category","embeddable":true,"href":"https:\/\/tvbrazilusa.com\/pt\/wp-json\/wp\/v2\/categories?post=69046"},{"taxonomy":"post_tag","embeddable":true,"href":"https:\/\/tvbrazilusa.com\/pt\/wp-json\/wp\/v2\/tags?post=69046"}],"curies":[{"name":"wp","href":"https:\/\/api.w.org\/{rel}","templated":true}]}}