{"id":69068,"date":"2024-12-02T00:45:45","date_gmt":"2024-12-02T00:45:45","guid":{"rendered":"https:\/\/tvbrazilusa.com\/2024\/12\/02\/biden-perdoa-seu-filho-hunter-apesar-de-promessas-anteriores-de-nao-faze-lo-wsvn-7news-noticias-de-miami-clima-esportes-fort-lauderdale\/"},"modified":"2024-12-02T00:51:12","modified_gmt":"2024-12-02T00:51:12","slug":"biden-perdoa-seu-filho-hunter-apesar-de-promessas-anteriores-de-nao-faze-lo-wsvn-7news-noticias-de-miami-clima-esportes-fort-lauderdale","status":"publish","type":"post","link":"https:\/\/tvbrazilusa.com\/pt\/2024\/12\/02\/biden-perdoa-seu-filho-hunter-apesar-de-promessas-anteriores-de-nao-faze-lo-wsvn-7news-noticias-de-miami-clima-esportes-fort-lauderdale\/","title":{"rendered":"Biden perdoa seu filho Hunter, apesar de promessas anteriores de n\u00e3o faz\u00ea-lo &#8211; WSVN 7News | Not\u00edcias de Miami, clima, esportes | Fort Lauderdale"},"content":{"rendered":"<p> <script async src=\"https:\/\/pagead2.googlesyndication.com\/pagead\/js\/adsbygoogle.js?client=ca-pub-8864793242727901\"\r\n     crossorigin=\"anonymous\"><\/script><br \/>\n<\/p>\n<div itemprop=\"articleBody\">\n<p>WASHINGTON (AP) \u2013 O presidente Joe Biden perdoou seu filho, Hunter, na noite de domingo, poupando o jovem Biden de uma poss\u00edvel senten\u00e7a de pris\u00e3o por crime federal por porte de arma e condena\u00e7\u00f5es fiscais e revertendo suas promessas anteriores de n\u00e3o usar os poderes extraordin\u00e1rios da presid\u00eancia em benef\u00edcio dos membros de sua fam\u00edlia.<\/p>\n<p>O presidente democrata j\u00e1 havia dito que n\u00e3o perdoaria seu filho nem comutaria sua senten\u00e7a ap\u00f3s suas condena\u00e7\u00f5es nos dois casos em Delaware e na Calif\u00f3rnia. A medida ocorre semanas antes de Hunter Biden receber sua puni\u00e7\u00e3o ap\u00f3s sua condena\u00e7\u00e3o em julgamento no caso de arma de fogo e confiss\u00e3o de culpa por acusa\u00e7\u00f5es fiscais, e menos de dois meses antes de o presidente eleito Donald Trump retornar \u00e0 Casa Branca.<\/p>\n<p>\u00c9 o culminar de uma longa saga jur\u00eddica para o filho do presidente, que revelou publicamente que estava sob investiga\u00e7\u00e3o federal em dezembro de 2020 \u2013 um m\u00eas ap\u00f3s a vit\u00f3ria de Joe Biden em 2020.<\/p>\n<p>Em junho, Biden descartou categoricamente o perd\u00e3o ou a comuta\u00e7\u00e3o para seu filho, dizendo aos rep\u00f3rteres enquanto seu filho era julgado no caso da arma Delware: \u201cEu cumpro a decis\u00e3o do j\u00fari. Eu farei isso e n\u00e3o vou perdo\u00e1-lo.\u201d<\/p>\n<p>Ainda recentemente, em 8 de novembro, dias ap\u00f3s a vit\u00f3ria de Trump, a secret\u00e1ria de imprensa da Casa Branca, Karine Jean-Pierre, descartou o perd\u00e3o ou clem\u00eancia para o jovem Biden, dizendo: \u201cEssa pergunta nos foi feita v\u00e1rias vezes. Nossa resposta \u00e9 v\u00e1lida: n\u00e3o.\u201d<\/p>\n<p>Num comunicado divulgado no domingo \u00e0 noite, Biden disse: \u201cHoje, assinei um perd\u00e3o para o meu filho Hunter\u201d, alegando que a acusa\u00e7\u00e3o do seu filho teve motiva\u00e7\u00e3o pol\u00edtica e um \u201cerro judicial\u201d.<\/p>\n<p>\u201cAs acusa\u00e7\u00f5es nos seus casos s\u00f3 surgiram depois de v\u00e1rios dos meus advers\u00e1rios pol\u00edticos no Congresso os terem instigado a atacar-me e a opor-se \u00e0 minha elei\u00e7\u00e3o\u201d, disse Biden. \u201cNenhuma pessoa razo\u00e1vel que analise os fatos dos casos de Hunter pode chegar a qualquer outra conclus\u00e3o a n\u00e3o ser que Hunter foi escolhido apenas porque \u00e9 meu filho.\u201d<\/p>\n<p>\u201cEspero que os americanos entendam por que um pai e um presidente tomaram esta decis\u00e3o\u201d, acrescentou Biden, alegando que tomou a decis\u00e3o neste fim de semana. O presidente passou o feriado de A\u00e7\u00e3o de Gra\u00e7as em Nantucket, Massachusetts, com Hunter e sua fam\u00edlia.<\/p>\n<p>Ele foi condenado em junho no tribunal federal de Delaware por tr\u00eas crimes por comprar uma arma em 2018, quando, segundo os promotores, mentiu em um formul\u00e1rio federal ao alegar que n\u00e3o usava drogas ilegalmente ou era viciado em drogas.<\/p>\n<p>Ele deveria ser julgado em setembro no caso da Calif\u00f3rnia que o acusou de n\u00e3o pagar pelo menos US$ 1,4 milh\u00e3o em impostos. Mas ele concordou em se declarar culpado de acusa\u00e7\u00f5es de contraven\u00e7\u00e3o e crime em uma a\u00e7\u00e3o surpresa horas ap\u00f3s o in\u00edcio da sele\u00e7\u00e3o do j\u00fari.<\/p>\n<p>Hunter Biden disse que estava se declarando culpado naquele caso para poupar sua fam\u00edlia de mais dor e constrangimento depois que o julgamento da arma divulgou detalhes obscenos sobre sua luta contra o v\u00edcio em crack.<\/p>\n<p>As acusa\u00e7\u00f5es fiscais podem levar at\u00e9 17 anos de pris\u00e3o e as acusa\u00e7\u00f5es de porte de arma s\u00e3o pun\u00edveis com at\u00e9 25 anos de pris\u00e3o, embora se esperasse que as diretrizes federais de condena\u00e7\u00e3o determinassem muito menos tempo e fosse poss\u00edvel que ele evitasse totalmente a pena de pris\u00e3o.<\/p>\n<p>Os porta-vozes do procurador especial David Weiss, que abriu os casos, e do advogado de Hunter Biden n\u00e3o responderam imediatamente \u00e0s mensagens solicitando coment\u00e1rios na noite de domingo.<\/p>\n<p><em>Direitos autorais 2024 da Associated Press. Todos os direitos reservados. Este material n\u00e3o pode ser publicado, transmitido, reescrito ou redistribu\u00eddo.<\/em><\/p>\n<div class=\"wp-block-newsletter\">\n\t<strong class=\"wp-block-newsletter__title\">Cadastre-se em nosso boletim informativo para receber as \u00faltimas not\u00edcias diretamente na sua caixa de entrada<\/strong><\/p>\n<\/div><\/div>\n<p><br \/>\n<br \/><a href=\"https:\/\/wsvn.com\/news\/politics\/biden-pardons-his-son-hunter-despite-previous-pledges-not-to\/\">Source link <\/a><\/p>","protected":false},"excerpt":{"rendered":"<p>WASHINGTON (AP) \u2013 O presidente Joe Biden perdoou seu filho, Hunter, na noite de domingo, poupando o jovem Biden de uma poss\u00edvel senten\u00e7a de pris\u00e3o por crime federal por porte&hellip;<\/p>","protected":false},"author":1,"featured_media":69069,"comment_status":"closed","ping_status":"open","sticky":false,"template":"","format":"standard","meta":{"content-type":"","footnotes":""},"categories":[1],"tags":[],"class_list":["post-69068","post","type-post","status-publish","format-standard","has-post-thumbnail","hentry","category-uncategorized"],"_links":{"self":[{"href":"https:\/\/tvbrazilusa.com\/pt\/wp-json\/wp\/v2\/posts\/69068","targetHints":{"allow":["GET"]}}],"collection":[{"href":"https:\/\/tvbrazilusa.com\/pt\/wp-json\/wp\/v2\/posts"}],"about":[{"href":"https:\/\/tvbrazilusa.com\/pt\/wp-json\/wp\/v2\/types\/post"}],"author":[{"embeddable":true,"href":"https:\/\/tvbrazilusa.com\/pt\/wp-json\/wp\/v2\/users\/1"}],"replies":[{"embeddable":true,"href":"https:\/\/tvbrazilusa.com\/pt\/wp-json\/wp\/v2\/comments?post=69068"}],"version-history":[{"count":1,"href":"https:\/\/tvbrazilusa.com\/pt\/wp-json\/wp\/v2\/posts\/69068\/revisions"}],"predecessor-version":[{"id":69070,"href":"https:\/\/tvbrazilusa.com\/pt\/wp-json\/wp\/v2\/posts\/69068\/revisions\/69070"}],"wp:featuredmedia":[{"embeddable":true,"href":"https:\/\/tvbrazilusa.com\/pt\/wp-json\/wp\/v2\/media\/69069"}],"wp:attachment":[{"href":"https:\/\/tvbrazilusa.com\/pt\/wp-json\/wp\/v2\/media?parent=69068"}],"wp:term":[{"taxonomy":"category","embeddable":true,"href":"https:\/\/tvbrazilusa.com\/pt\/wp-json\/wp\/v2\/categories?post=69068"},{"taxonomy":"post_tag","embeddable":true,"href":"https:\/\/tvbrazilusa.com\/pt\/wp-json\/wp\/v2\/tags?post=69068"}],"curies":[{"name":"wp","href":"https:\/\/api.w.org\/{rel}","templated":true}]}}