{"id":69080,"date":"2024-12-02T01:34:00","date_gmt":"2024-12-02T01:34:00","guid":{"rendered":"https:\/\/tvbrazilusa.com\/2024\/12\/02\/patrice-bergeron-ray-bourque-e-outras-lendas-refletem-sobre-o-que-torna-os-bruins-especiais\/"},"modified":"2024-12-02T01:35:53","modified_gmt":"2024-12-02T01:35:53","slug":"patrice-bergeron-ray-bourque-e-outras-lendas-refletem-sobre-o-que-torna-os-bruins-especiais","status":"publish","type":"post","link":"https:\/\/tvbrazilusa.com\/pt\/2024\/12\/02\/patrice-bergeron-ray-bourque-e-outras-lendas-refletem-sobre-o-que-torna-os-bruins-especiais\/","title":{"rendered":"Patrice Bergeron, Ray Bourque e outras lendas refletem sobre o que torna os Bruins especiais"},"content":{"rendered":"<p> <script async src=\"https:\/\/pagead2.googlesyndication.com\/pagead\/js\/adsbygoogle.js?client=ca-pub-8864793242727901\"\r\n     crossorigin=\"anonymous\"><\/script><br \/>\n<\/p>\n<div id=\"\">\n<header class=\"m-article-header m-article-header--standard\">\n\t\t\t\t\t\t\t\t\t\t\t\t<span id=\"article-header-primary-term\"><br \/>\n\t\t\t\t\t\t\t\t<a class=\"a-term a-term--primary\" href=\"https:\/\/www.boston.com\/tag\/boston-bruins\/\"><\/p>\n<p>\t\t\t\t\t\t\t\tBruins\t\t\t\t\t\t\t\t<\/a><br \/>\n\t\t\t\t\t\t\t<\/span><\/p>\n<h2 class=\"m-article-header__sub-headline\">\u201cDepois que voc\u00ea se integra e v\u00ea todos os dias o que torna esta organiza\u00e7\u00e3o especial \u2013 \u00e9 incr\u00edvel fazer parte.\u201d <\/h2>\n<figure class=\"a-photo m-article-header__photo\"><figcaption class=\"a-photo__caption\">\n<p>\tPatrice Bergeron foi homenageado na cerim\u00f4nia de domingo no TD Garden. <em>  Foto de Matthew J Lee\/equipe da Globe<\/em>\t<\/figcaption><\/figure>\n<\/header>\n<p>Patrice Bergeron e Ray Bourque talvez nunca tivessem compartilhado o mesmo camarim na Causeway Street. <\/p>\n<p>Mas ambas as lendas do h\u00f3quei se viram cortadas de um tecido semelhante quando se trata de sua jornada para Boston. <\/p>\n<p>Ambos produtos quebequenses.<\/p>\n<p>Ambos com pouco conhecimento do spoke-B e da cultura que promoveriam ao longo de quatro d\u00e9cadas em Boston. <\/p>\n<p>E embora Bergeron tenha crescido nos sub\u00farbios fora da cidade de Quebec e tenha sido criado como torcedor do Nordiques, a lealdade inicial de Bourque foi ao rival mais odiado de Boston. <\/p>\n<p>\u201cEu era um grande f\u00e3 do Montreal Canadiens\u201d, admitiu Bourque na manh\u00e3 de domingo. \u201cEu faltava \u00e0 escola para ir aos desfiles. \u00c9ramos muito mimados enquanto cresciam. <\/p>\n<p>\u00c9 claro que n\u00e3o demorou muito para que o sentimento caloroso de Bourque em rela\u00e7\u00e3o aos Habs se dissipasse quando ele se juntou a Boston.<\/p>\n<p>\u201cEu costumava voltar para Montreal todo ver\u00e3o e toc\u00e1vamos [Montreal] praticamente todos os anos\u201d, admitiu Bourque. \u201cJogamos contra eles nos playoffs, e eu teria que ouvir merdas durante todo o ver\u00e3o da fam\u00edlia e dos amigos. <\/p>\n<p>\u201cE 1987 foi o ver\u00e3o mais tranquilo que j\u00e1 tive. E foi fant\u00e1stico voltar depois de finalmente vencer os Canadiens. \u2026 A rivalidade era muito, muito especial e a maior delas.\u201d <\/p>\n<figure class=\"wp-block-embed is-type-rich is-provider-twitter wp-block-embed-twitter\"\/>\n<p>Esse sentimento amargo em rela\u00e7\u00e3o a Montreal n\u00e3o \u00e9 a \u00fanica coisa que liga Bergeron, Bourque e o resto dos ex-alunos de Boston atualmente. <\/p>\n<p>Antes das festividades do Jogo do Centen\u00e1rio de domingo na Causeway Street, Bergeron refletiu sobre o sentimento compartilhado por todos os ex-alunos do Bruins &#8211; de gratid\u00e3o e apre\u00e7o por desempenhar um pequeno papel na hist\u00f3ria do mais antigo clube de h\u00f3quei dos EUA na NHL. <\/p>\n<figure class=\"wp-block-embed is-type-rich is-provider-twitter wp-block-embed-twitter\"\/>\n<p>\u201cVoc\u00ea pensa em toda a hist\u00f3ria que esta franquia teve e nas lendas que passaram por essas portas \u2013 \u00e9 muito significativo para mim fazer parte da celebra\u00e7\u00e3o\u201d, disse Bergeron. \u201cE especialmente contra Montreal e sua hist\u00f3ria tamb\u00e9m.\u201d<\/p>\n<p>Brad Marchand ainda n\u00e3o desligou oficialmente os patins. Mas o capit\u00e3o dos Bruins, de 36 anos, ecoou uma mensagem semelhante sobre o que faz os Bruins se destacarem de outros clubes da NHL al\u00e9m de sua longa antiguidade. <\/p>\n<p>\u201cEu realmente aprecio o compromisso deles em vencer\u201d, disse Marchand. \u201cAcho que \u00e9 uma coisa t\u00e3o especial que muitos jogadores d\u00e3o como certo fazer parte de uma organiza\u00e7\u00e3o que se coloca consistentemente em posi\u00e7\u00e3o de lutar por uma Copa ou de competir por uma Copa. \u2026 Voc\u00ea ouve isso de todo mundo que chega, como \u00e9 especial aqui.<\/p>\n<p>\u201c\u00c9 algo pelo qual sou grato \u2013 por ter jogado toda a minha carreira aqui e por ter passado por altos e baixos. Eu realmente n\u00e3o gostei tanto disso no in\u00edcio. Voc\u00ea est\u00e1 apenas tentando sobreviver e ficar aqui. Depois que voc\u00ea se integra e v\u00ea todos os dias o que torna esta organiza\u00e7\u00e3o especial, \u00e9 incr\u00edvel fazer parte dela.\u201d <\/p>\n<p>Enquanto Marchand tenta endireitar o navio dos atuais Bruins de 2024-25, ele compartilhou o gelo durante a cerim\u00f4nia de domingo com v\u00e1rios jogadores que entraram no gelo pela primeira vez com su\u00e9teres pretos e dourados h\u00e1 mais de 60 anos. <\/p>\n<p>\u201cEsta \u00e9 a minha casa\u201d, reconheceu Johnny Bucyk, agora com 89 anos. \u201cQuer dizer, estou aqui h\u00e1 quanto tempo, 67 anos? Ent\u00e3o eu simplesmente adoro isso aqui.<\/p>\n<p>\u201cEu amo a cidade. \u2026 Esta celebra\u00e7\u00e3o foi inacredit\u00e1vel. \u00c9 bom para mim ver muitos dos jogadores com quem joguei. Brinquei muito.\u201d <\/p>\n<p>Um dos jogadores com quem dividiu vesti\u00e1rio foi Willie O&#8217;Ree &#8211; que tamb\u00e9m esteve presente nas festividades de domingo. <\/p>\n<p>\u201cQuando cheguei, Johnny, ele me colocou sob sua prote\u00e7\u00e3o, e eu n\u00e3o tive nenhum problema\u201d, disse O&#8217;Ree \u2013 o primeiro jogador negro na NHL \u2013 no domingo. \u201cPorque se houvesse alguma coisa acontecendo no gelo, sempre havia um Bruin l\u00e1 para me apoiar\u2026 Quando descobri que viria nessa viagem, fiquei muito feliz, de verdade.\u201d<\/p>\n<p>Domingo marcou a primeira vez que O&#8217;Ree voltou ao TD Garden para ver sua camisa n\u00famero 22 pendurada nas vigas. Ela foi originalmente aposentada pela equipe em janeiro de 2022, mas O&#8217;Ree n\u00e3o p\u00f4de viajar para a cerim\u00f4nia de aposentadoria da camisa original devido a problemas de viagem e sa\u00fade. <\/p>\n<p>\u201cN\u00e3o acho que haja outros torcedores mais barulhentos na NHL do que os torcedores dos Bruins\u201d, disse O&#8217;Ree, tamb\u00e9m de 89 anos. \u201cEu assisto na televis\u00e3o, e toda vez que um gol \u00e9 marcado ou algo assim, quer dizer, voc\u00ea mal consegue ouvir. \u00c9 absolutamente fant\u00e1stico.\u201d<\/p>\n<p>A cerim\u00f4nia de domingo foi um final adequado para mais de um ano de comemora\u00e7\u00f5es na Causeway Street &#8211; e outra oportunidade para os f\u00e3s dos Bruins torcerem pelas figuras que estabeleceram as bases para um s\u00e9culo de mem\u00f3rias.<\/p>\n<p>Mas tamb\u00e9m serviu de motiva\u00e7\u00e3o para que a atual safra de jogadores do Boston continuasse essa tradi\u00e7\u00e3o. <\/p>\n<p>\u201c\u00c9 mais do que um jogo, especialmente contra aquele time\u201d, disse Jeremy Swayman sobre o jogo contra o Montreal. \u201c\u00c9 uma homenagem \u2013 mais uma vez \u2013 a todos aqueles que vieram antes de n\u00f3s e que lan\u00e7aram as bases e estabeleceram a cultura e o padr\u00e3o. <\/p>\n<p>\u201cE \u00e9 \u00f3bvio, quando voc\u00ea v\u00ea todos os ex-alunos que ficam em Boston, o quanto isso significa para cada jogador que veste a camisa. E eu n\u00e3o poderia estar mais honrado e orgulhoso de ser uma dessas pessoas. E quero fazer o que puder para fazer isso da maneira certa, como eles fizeram.\u201d<\/p>\n<p>Antes dos aplausos ca\u00edrem sobre o gelo do Garden, Bergeron reconheceu que eventos como este o trazem de volta aos seus dias de jogador e acendem o fogo competitivo que ainda reside em seu corpo de 39 anos. <\/p>\n<p>\u201cCada vez que voc\u00ea vem aqui, h\u00e1 um peda\u00e7o de voc\u00ea que deseja estar no gelo e ainda jogar\u201d, disse Bergeron. \u201cMas quando olho para tr\u00e1s, como disse antes, n\u00e3o me arrependo. Estou tranquilo com a decis\u00e3o. Estou muito animado e feliz pelos caras e quero torcer por eles.\u201d<\/p>\n<p>Bergeron e o resto das lendas dos Bruins presentes juntaram-se \u00e0 cacofonia de aplausos que levou Boston a dois pontos no domingo.<\/p>\n<p>\u00c9 o mesmo rugido que pessoas como Bucyk e Bourque lembram de seus dias no antigo Boston Garden &#8211; e \u00e9 uma trilha sonora destinada a continuar onde quer que os su\u00e9teres pretos e dourados cheguem ao gelo nos pr\u00f3ximos 100 anos. <\/p>\n<p>\u201cOs f\u00e3s fazem com que valha a pena e nos d\u00e3o a oportunidade de jogar o jogo que amamos\u201d, disse Marchand. \u201cE n\u00e3o \u00e9 assim em todo lugar. Voc\u00ea vai para essas outras cidades, est\u00e1 nos rinques e eles n\u00e3o t\u00eam a mesma paix\u00e3o que nossos f\u00e3s.<\/p>\n<p>\u201c\u00c9 uma grande parte da raz\u00e3o pela qual a equipe se preocupa em colocar uma equipe competitiva no gelo todas as noites e por que nos importamos em aparecer. Porque eles merecem e esperam isso.\u201d <\/p>\n<div class=\"o-author-single has-avatar\">\n<header class=\"m-author-card\">\n<div class=\"a-image a-image--square m-author-card__image\">\n\t\t<img decoding=\"async\" class=\"\" src=\"https:\/\/www.boston.com\/wp-content\/uploads\/2023\/05\/Headshot_Conor-645c0406ed6cb-scaled.jpg\" alt=\"Imagem do perfil de Conor Ryan\"\/>\t<\/div>\n<\/header>\n<section class=\"author-info\">\n<hr class=\"m-author__section--hr\"\/>\n<div class=\"m-author__section\">\n<p>Conor Ryan \u00e9 redator da equipe que cobre Bruins, Celtics, Patriots e Red Sox para Boston.com, fun\u00e7\u00e3o que ocupa desde 2023.<\/p>\n<\/div>\n<hr class=\"m-author__section--hr\"\/>\t<\/section>\n<\/div>\n<div class=\"m-block m-generic-cta\t m-generic-cta--post-content\t m-generic-cta--dark\t m-generic-cta--homepage\t m-generic-cta--email-signup\t\t m-generic-cta-block-style--default \tt-amp__generic-cta\"><\/p>\n<div class=\"m-generic-cta__wrap\">\n<div class=\"m-generic-cta__content\">\n<h3 class=\"m-generic-cta__title\">Inscreva-se para receber atualiza\u00e7\u00f5es do Bruins\ud83c\udfd2 <\/h3>\n<p class=\"m-generic-cta__subtitle\">Receba as \u00faltimas not\u00edcias e an\u00e1lises em sua caixa de entrada durante a temporada de h\u00f3quei.<\/p>\n<\/p><\/div>\n<\/p><\/div>\n<\/div><\/div>\n<p><script>\n\t\tvar consent=\"grant\";\n\t\t\/* The above code is parsing the JSON data from the local storage and storing it in a variable. *\/\n\t\t\t\t\tconst onetrustStorageConsent = JSON.parse(localStorage.getItem( 'consent_one_trust_bdc' ) );\n\t\t\tif ( ( onetrustStorageConsent !== null ) ) {\n\t\t\t\t\/* Checking to see if the user has consented to the use of cookies.\n\t\t\t\t* If they have not, it is deleting the cookie.\n\t\t\t\t* This will comment for now, until further notice.\n\t\t\t\t*\/\n\t\t\t\t\/\/if ( onetrustStorageConsent.C0002 === false ) {\n\t\t\t\t\/\/\tdocument.cookie=\"_fbp=;expires=Thu, 01 Jan 2010 00:00:00 UTC; path=\/; domain=.boston.com\";\n\t\t\t\t\/\/}\n\t\t\t\t\/* Checking if the user has given consent for the cookie C0002.\n\t\t\t\t* If the user has given consent, the variable consent will be set to 'grant'.\n\t\t\t\t* If the user has not given consent,the variable consent will be set to 'revoke'.\n\t\t\t\t* Documentation https:\/\/developers.facebook.com\/docs\/meta-pixel\/implementation\/gdpr\n\t\t\t\t*\/\n\t\t\t\tif ( onetrustStorageConsent.C0002 !== true ) {\n\t\t\t\t\tconsent=\"revoke\";\n\t\t\t\t}\n\t\t\t}\n\t\t\t\t!function(f,b,e,v,n,t,s)\n\t\t{if(f.fbq)return;n=f.fbq=function(){n.callMethod?\n\t\tn.callMethod.apply(n,arguments):n.queue.push(arguments)};\n\t\tif(!f._fbq)f._fbq=n;n.push=n;n.loaded=!0;n.version='2.0';\n\t\tn.queue=[];t=b.createElement(e);t.async=!0;\n\t\tt.src=v;s=b.getElementsByTagName(e)[0];\n\t\ts.parentNode.insertBefore(t,s)}(window, document,'script',\n\t\t'https:\/\/connect.facebook.net\/en_US\/fbevents.js');\n\t\tfbq('consent', consent);\n\t\tfbq('init', '989222871864976');\n\t\tfbq('track', 'PageView');\n\t<\/script><script type=\"module\">\n\t\tvar consent=\"grant\";\n\t\t\/* The above code is parsing the JSON data from the local storage and storing it in a variable. *\/\n\t\t\tconst onetrustStorageConsent = JSON.parse(localStorage.getItem( 'consent_one_trust_bdc' ) );\n\t\t\t\/* Checking to see if the user has consented to the use of cookies.\n\t\t\t* If they have not, it is deleting the cookie.\n\t\t\t* This will comment for now, until further notice.\n\t\t\t*\/\n\t\t\t\/\/if ( onetrustStorageConsent.C0002 === false ) {\n\t\t\t\/\/\tdocument.cookie=\"_fbp=;expires=Thu, 01 Jan 2010 00:00:00 UTC; path=\/; domain=.boston.com\";\n\t\t\t\/\/}\n\t\t\t\/* Checking if the user has given consent for the cookie C0002.\n\t\t\t* If the user has given consent, the variable consent will be set to 'grant'.\n\t\t\t* If the user has not given consent,the variable consent will be set to 'revoke'.\n\t\t\t* Documentation https:\/\/developers.facebook.com\/docs\/meta-pixel\/implementation\/gdpr\n\t\t\t*\/\n\t\t\tif ( ( onetrustStorageConsent !== null ) && (onetrustStorageConsent.C0002 !== true ) ) {\n\t\t\t\tconsent=\"revoke\";\n\t\t\t}\n\t\t\t\t!function(f,b,e,v,n,t,s){if(f.fbq)return;n=f.fbq=function()\n\t\t{n.callMethod? n.callMethod.apply(n,arguments):n.queue.push(arguments)}\n\t\t;if(!f._fbq)f._fbq=n;\n\t\tn.push=n;n.loaded=!0;n.version='2.0';n.queue=[];t=b.createElement(e);t.async=!0;\n\t\tt.src=v;s=b.getElementsByTagName(e)[0];s.parentNode.insertBefore(t,s)}(window,\n\t\tdocument,'script','https:\/\/connect.facebook.net\/en_US\/fbevents.js');\n\t\tfbq('consent', consent);\n\t\tfbq('init', '813236348753005');\n\t\tfbq('track', \"PageView\");\n\t<\/script><br \/>\n<br \/><br \/>\n<br \/><a href=\"https:\/\/www.boston.com\/sports\/boston-bruins\/2024\/12\/01\/patrice-bergeron-ray-bourque-boston-bruins-nhl-hockey\/\">Source link <\/a><\/p>","protected":false},"excerpt":{"rendered":"<p>Bruins \u201cDepois que voc\u00ea se integra e v\u00ea todos os dias o que torna esta organiza\u00e7\u00e3o especial \u2013 \u00e9 incr\u00edvel fazer parte.\u201d Patrice Bergeron foi homenageado na cerim\u00f4nia de domingo&hellip;<\/p>","protected":false},"author":1,"featured_media":69081,"comment_status":"closed","ping_status":"open","sticky":false,"template":"","format":"standard","meta":{"content-type":"","footnotes":""},"categories":[1],"tags":[],"class_list":["post-69080","post","type-post","status-publish","format-standard","has-post-thumbnail","hentry","category-uncategorized"],"_links":{"self":[{"href":"https:\/\/tvbrazilusa.com\/pt\/wp-json\/wp\/v2\/posts\/69080","targetHints":{"allow":["GET"]}}],"collection":[{"href":"https:\/\/tvbrazilusa.com\/pt\/wp-json\/wp\/v2\/posts"}],"about":[{"href":"https:\/\/tvbrazilusa.com\/pt\/wp-json\/wp\/v2\/types\/post"}],"author":[{"embeddable":true,"href":"https:\/\/tvbrazilusa.com\/pt\/wp-json\/wp\/v2\/users\/1"}],"replies":[{"embeddable":true,"href":"https:\/\/tvbrazilusa.com\/pt\/wp-json\/wp\/v2\/comments?post=69080"}],"version-history":[{"count":1,"href":"https:\/\/tvbrazilusa.com\/pt\/wp-json\/wp\/v2\/posts\/69080\/revisions"}],"predecessor-version":[{"id":69082,"href":"https:\/\/tvbrazilusa.com\/pt\/wp-json\/wp\/v2\/posts\/69080\/revisions\/69082"}],"wp:featuredmedia":[{"embeddable":true,"href":"https:\/\/tvbrazilusa.com\/pt\/wp-json\/wp\/v2\/media\/69081"}],"wp:attachment":[{"href":"https:\/\/tvbrazilusa.com\/pt\/wp-json\/wp\/v2\/media?parent=69080"}],"wp:term":[{"taxonomy":"category","embeddable":true,"href":"https:\/\/tvbrazilusa.com\/pt\/wp-json\/wp\/v2\/categories?post=69080"},{"taxonomy":"post_tag","embeddable":true,"href":"https:\/\/tvbrazilusa.com\/pt\/wp-json\/wp\/v2\/tags?post=69080"}],"curies":[{"name":"wp","href":"https:\/\/api.w.org\/{rel}","templated":true}]}}