{"id":69086,"date":"2024-12-02T01:19:04","date_gmt":"2024-12-02T01:19:04","guid":{"rendered":"https:\/\/tvbrazilusa.com\/2024\/12\/02\/os-problemas-da-volkswagen-aumentam-enquanto-os-trabalhadores-se-preparam-para-greve-em-toda-a-alemanha-wsvn-7news-noticias-de-miami-clima-esportes-fort-lauderdale-2\/"},"modified":"2024-12-02T02:28:57","modified_gmt":"2024-12-02T02:28:57","slug":"os-problemas-da-volkswagen-aumentam-enquanto-os-trabalhadores-se-preparam-para-greve-em-toda-a-alemanha-wsvn-7news-noticias-de-miami-clima-esportes-fort-lauderdale-2","status":"publish","type":"post","link":"https:\/\/tvbrazilusa.com\/pt\/2024\/12\/02\/os-problemas-da-volkswagen-aumentam-enquanto-os-trabalhadores-se-preparam-para-greve-em-toda-a-alemanha-wsvn-7news-noticias-de-miami-clima-esportes-fort-lauderdale-2\/","title":{"rendered":"Os problemas da Volkswagen aumentam enquanto os trabalhadores se preparam para greve em toda a Alemanha &#8211; WSVN 7News | Not\u00edcias de Miami, clima, esportes | Fort Lauderdale"},"content":{"rendered":"<p> <script async src=\"https:\/\/pagead2.googlesyndication.com\/pagead\/js\/adsbygoogle.js?client=ca-pub-8864793242727901\"\r\n     crossorigin=\"anonymous\"><\/script><br \/>\n<\/p>\n<div itemprop=\"articleBody\">\n<p><strong>Londres (CNN) \u2014 <\/strong>Dezenas de milhares de trabalhadores da Volkswagen participar\u00e3o segunda-feira em greves<strong> <\/strong>em f\u00e1bricas em toda a Alemanha, disse o sindicato IG Metall, marcando as maiores paralisa\u00e7\u00f5es nas opera\u00e7\u00f5es dom\u00e9sticas da montadora desde 2018.<\/p>\n<p>As greves,<strong> <\/strong>que est\u00e3o planejados para durar v\u00e1rias horas, ap\u00f3s semanas de negocia\u00e7\u00f5es coletivas durante as quais a VW se recusou a descartar demiss\u00f5es em massa e poss\u00edveis fechamentos de f\u00e1bricas em seu mercado dom\u00e9stico \u2013 medidas dr\u00e1sticas que a empresa diz serem necess\u00e1rias para sustentar sua sorte em meio \u00e0 concorr\u00eancia da China e mais fraca A procura europeia.<\/p>\n<p>A chamada \u201cobriga\u00e7\u00e3o de paz\u201d entre os trabalhadores e a empresa, que proibia a ac\u00e7\u00e3o sindical, expirou no s\u00e1bado, permitindo a realiza\u00e7\u00e3o de greves a partir de<strong> <\/strong>Domingo em praticamente todas as f\u00e1bricas alem\u00e3s da Volkswagen.<\/p>\n<p>\u201cSe necess\u00e1rio, esta se tornar\u00e1 a disputa salarial mais dif\u00edcil que a Volkswagen j\u00e1 viu\u201d, disse o negociador-chefe do IG Metall, Thorsten Groeger, em comunicado no domingo. \u201cA dura\u00e7\u00e3o e a intensidade dessa disputa \u00e9 responsabilidade da Volkswagen na mesa de negocia\u00e7\u00f5es.\u201d<\/p>\n<p>\u201cA Volkswagen incendiou nossos acordos coletivos de trabalho e, em vez de extinguir esse inc\u00eandio durante tr\u00eas rodadas de negocia\u00e7\u00f5es, o conselho de administra\u00e7\u00e3o continua jogando barris abertos de gasolina nele\u201d, acrescentou.<\/p>\n<p>As greves ser\u00e3o as primeiras greves em grande escala que a Volkswagen enfrenta desde 2018, segundo a IG Metall, quando 50 mil trabalhadores paralisaram f\u00e1bricas em troca de sal\u00e1rios. Embora as paralisa\u00e7\u00f5es durem apenas algumas horas, \u00e9 poss\u00edvel que greves de alerta de 24 horas sejam convocadas ainda este ano. Greves por tempo indeterminado tamb\u00e9m podem ser convocadas como \u00faltimo recurso, mas somente depois que os membros forem consultados novamente, disse o IG Metall.<\/p>\n<p>As greves representam uma nova dor de cabe\u00e7a para a maior montadora da Europa, que obteve lucro operacional nos primeiros nove meses do ano. <a href=\"https:\/\/www.volkswagen-group.com\/en\/volkswagen-group-interim-report-january-september-2024-18726\" target=\"_blank\" rel=\"noreferrer noopener\">cair por um quinto<\/a> em rela\u00e7\u00e3o ao ano anterior, enquanto sua marca principal enfrentava dificuldades. As vendas de ve\u00edculos tamb\u00e9m ca\u00edram devido \u00e0 procura particularmente fraca na China, onde est\u00e1 a perder quota de mercado para marcas chinesas de ve\u00edculos el\u00e9ctricos.<\/p>\n<p>Um porta-voz da Volkswagen disse em comunicado que a montadora tomou medidas antecipadas para minimizar o impacto da greve em suas f\u00e1bricas e clientes.<\/p>\n<p>\u201cA Volkswagen respeita o direito dos funcion\u00e1rios de participarem numa greve de advert\u00eancia\u201d, acrescentou o porta-voz, observando que a empresa continua comprometida com o \u201cdi\u00e1logo construtivo\u201d para encontrar uma solu\u00e7\u00e3o.<\/p>\n<p>A Volkswagen disse que pode precisar fechar f\u00e1bricas na Alemanha pela primeira vez em seus 87 anos de hist\u00f3ria. Em Outubro, afirmou que os sal\u00e1rios dos funcion\u00e1rios teriam de ser reduzidos em 10% para torn\u00e1-los mais competitivos em termos de custos e salvaguardar o futuro da empresa.<\/p>\n<p>A IG Metall disse no m\u00eas passado que os trabalhadores estariam preparados para perder aumentos salariais totalizando<strong> <\/strong>1,5 mil milh\u00f5es de euros (1,6 mil milh\u00f5es de d\u00f3lares)<strong> <\/strong>se os executivos da empresa se comprometerem a n\u00e3o fechar nenhuma f\u00e1brica e concordarem em sacrificar uma parte dos seus b\u00f4nus.<\/p>\n<p>A quarta rodada de negocia\u00e7\u00f5es acontecer\u00e1 no dia 9 de dezembro.<\/p>\n<p><em>The-CNN-Wire\u2122 e \u00a9 2024 Cable News Network, Inc., uma empresa da Time Warner. Todos os direitos reservados.<\/em><\/p>\n<div class=\"wp-block-newsletter\">\n\t<strong class=\"wp-block-newsletter__title\">Cadastre-se em nosso boletim informativo para receber as \u00faltimas not\u00edcias diretamente na sua caixa de entrada<\/strong><\/p>\n<\/div><\/div>\n<p><br \/>\n<br \/><a href=\"https:\/\/wsvn.com\/news\/us-world\/volkswagens-woes-mount-as-workers-prepare-to-strike-across-germany\/\">Source link <\/a><\/p>","protected":false},"excerpt":{"rendered":"<p>Londres (CNN) \u2014 Dezenas de milhares de trabalhadores da Volkswagen participar\u00e3o segunda-feira em greves em f\u00e1bricas em toda a Alemanha, disse o sindicato IG Metall, marcando as maiores paralisa\u00e7\u00f5es nas&hellip;<\/p>","protected":false},"author":1,"featured_media":69078,"comment_status":"closed","ping_status":"open","sticky":false,"template":"","format":"standard","meta":{"content-type":"","footnotes":""},"categories":[1],"tags":[],"class_list":["post-69086","post","type-post","status-publish","format-standard","has-post-thumbnail","hentry","category-uncategorized"],"_links":{"self":[{"href":"https:\/\/tvbrazilusa.com\/pt\/wp-json\/wp\/v2\/posts\/69086","targetHints":{"allow":["GET"]}}],"collection":[{"href":"https:\/\/tvbrazilusa.com\/pt\/wp-json\/wp\/v2\/posts"}],"about":[{"href":"https:\/\/tvbrazilusa.com\/pt\/wp-json\/wp\/v2\/types\/post"}],"author":[{"embeddable":true,"href":"https:\/\/tvbrazilusa.com\/pt\/wp-json\/wp\/v2\/users\/1"}],"replies":[{"embeddable":true,"href":"https:\/\/tvbrazilusa.com\/pt\/wp-json\/wp\/v2\/comments?post=69086"}],"version-history":[{"count":1,"href":"https:\/\/tvbrazilusa.com\/pt\/wp-json\/wp\/v2\/posts\/69086\/revisions"}],"predecessor-version":[{"id":69087,"href":"https:\/\/tvbrazilusa.com\/pt\/wp-json\/wp\/v2\/posts\/69086\/revisions\/69087"}],"wp:featuredmedia":[{"embeddable":true,"href":"https:\/\/tvbrazilusa.com\/pt\/wp-json\/wp\/v2\/media\/69078"}],"wp:attachment":[{"href":"https:\/\/tvbrazilusa.com\/pt\/wp-json\/wp\/v2\/media?parent=69086"}],"wp:term":[{"taxonomy":"category","embeddable":true,"href":"https:\/\/tvbrazilusa.com\/pt\/wp-json\/wp\/v2\/categories?post=69086"},{"taxonomy":"post_tag","embeddable":true,"href":"https:\/\/tvbrazilusa.com\/pt\/wp-json\/wp\/v2\/tags?post=69086"}],"curies":[{"name":"wp","href":"https:\/\/api.w.org\/{rel}","templated":true}]}}