{"id":69163,"date":"2024-12-02T10:05:12","date_gmt":"2024-12-02T10:05:12","guid":{"rendered":"https:\/\/tvbrazilusa.com\/2024\/12\/02\/governo-britanico-efetua-a-maior-deportacao-de-brasileiros-da-historia\/"},"modified":"2024-12-02T10:05:13","modified_gmt":"2024-12-02T10:05:13","slug":"governo-britanico-efetua-a-maior-deportacao-de-brasileiros-da-historia","status":"publish","type":"post","link":"https:\/\/tvbrazilusa.com\/pt\/2024\/12\/02\/governo-britanico-efetua-a-maior-deportacao-de-brasileiros-da-historia\/","title":{"rendered":"Governo brit\u00e2nico efetua a maior deporta\u00e7\u00e3o de brasileiros da hist\u00f3ria"},"content":{"rendered":"<p> <script async src=\"https:\/\/pagead2.googlesyndication.com\/pagead\/js\/adsbygoogle.js?client=ca-pub-8864793242727901\"\r\n     crossorigin=\"anonymous\"><\/script><br \/>\n<\/p>\n<div id=\"taboola-read-more\" style=\"display:block; width:100%\">\n<p>Desde que o Partido Trabalhista assumiu o controle no Reino Unido, mais de 600 brasileiros, o que inclui 109 crian\u00e7as, foram deportados em tr\u00eas voos privados organizados pelo Home Office, departamento de imigra\u00e7\u00e3o brit\u00e2nico. A opera\u00e7\u00e3o marca a maior a\u00e7\u00e3o de deporta\u00e7\u00e3o de brasileiros na hist\u00f3ria do Reino Unido.\n<\/p>\n<p>Segundo o jornal The Guardian, as deporta\u00e7\u00f5es ocorreram em agosto e setembro, depois de uma nova abordagem rigorosa das autoridades brit\u00e2nicas. Os voos partiram em 9 e 23 de agosto e 27 de setembro, com o envio de mais de 200 pessoas em cada, o que inclui 43, 30 e 36 crian\u00e7as, respectivamente.<\/p>\n<p>As autoridades caracterizaram essas opera\u00e7\u00f5es como volunt\u00e1rias e ofereceu incentivos de at\u00e9 3 mil libras (R$ 22,8 mil) para encorajar o retorno ao Brasil. Os incentivos foram distribu\u00eddos por meio de cart\u00f5es pr\u00e9-carregados, ativados na chegada ao pa\u00eds. Contudo, a divulga\u00e7\u00e3o oficial omitiu que a maioria dos deportados era de brasileiros.\n<\/p>\n<p>Entidades de direitos humanos latino-americanas manifestaram preocupa\u00e7\u00e3o com o n\u00famero elevado de crian\u00e7as deportadas, muitas das quais estavam integradas \u00e0s escolas brit\u00e2nicas e passaram grande parte de suas vidas no Reino Unido.\n<\/p>\n<p>A Coalition of Latin Americans in the UK afirmou que acompanha as dificuldades enfrentadas pelos brasileiros para acessar informa\u00e7\u00f5es. A entidade tamb\u00e9m presta apoio jur\u00eddico depois das mudan\u00e7as nas regras de imigra\u00e7\u00e3o p\u00f3s-Brexit.\n<\/p>\n<h2 class=\"wp-block-heading\">Deporta\u00e7\u00e3o de mulheres que sofreram viol\u00eancia dom\u00e9stica<\/h2>\n<figure class=\"wp-block-image aligncenter size-full\"><picture><source srcset=\"https:\/\/medias.revistaoeste.com\/wp-content\/uploads\/2024\/07\/violencia-contra-mulheres.jpg.webp 2000w, https:\/\/medias.revistaoeste.com\/wp-content\/uploads\/2024\/07\/violencia-contra-mulheres-300x200.jpg.webp 300w, https:\/\/medias.revistaoeste.com\/wp-content\/uploads\/2024\/07\/violencia-contra-mulheres-150x100.jpg.webp 150w\" type=\"image\/webp\" sizes=\"(max-width: 2000px) 100vw, 2000px\" data-srcset=\"https:\/\/medias.revistaoeste.com\/wp-content\/uploads\/2024\/07\/violencia-contra-mulheres.jpg.webp 2000w, https:\/\/medias.revistaoeste.com\/wp-content\/uploads\/2024\/07\/violencia-contra-mulheres-300x200.jpg.webp 300w, https:\/\/medias.revistaoeste.com\/wp-content\/uploads\/2024\/07\/violencia-contra-mulheres-150x100.jpg.webp 150w\" data-sizes=\"(max-width: 2000px) 100vw, 2000px\"\/><\/picture><\/figure>\n<p>A coaliz\u00e3o levantou preocupa\u00e7\u00f5es espec\u00edficas sobre a situa\u00e7\u00e3o das mulheres brasileiras, que foram para o Reino Unido fugir da viol\u00eancia. Um exemplo disso \u00e9 uma m\u00e3e que, ao fugir das agress\u00f5es do ex-marido com dois filhos, o que inclui uma crian\u00e7a com necessidades especiais, foi obrigada a retornar ao Brasil. A mulher teve seu pedido de prote\u00e7\u00e3o negado.\n<\/p>\n<p>Fonte: Revista Oeste              <\/p>\n<\/div>\n<p><br \/>\n<br \/><a href=\"https:\/\/diariodobrasilnoticias.com.br\/noticia\/governo-britanico-efetua-a-maior-deportacao-de-brasileiros-da-historia-674d855f99133\">Source link <\/a><\/p>","protected":false},"excerpt":{"rendered":"<p>Desde que o Partido Trabalhista assumiu o controle no Reino Unido, mais de 600 brasileiros, o que inclui 109 crian\u00e7as, foram deportados em tr\u00eas voos privados organizados pelo Home Office,&hellip;<\/p>","protected":false},"author":1,"featured_media":69164,"comment_status":"closed","ping_status":"open","sticky":false,"template":"","format":"standard","meta":{"content-type":"","footnotes":""},"categories":[16],"tags":[123,2448,5313,1267],"class_list":["post-69163","post","type-post","status-publish","format-standard","has-post-thumbnail","hentry","category-noticias","tag-brasil","tag-diario","tag-noticia","tag-noticias"],"_links":{"self":[{"href":"https:\/\/tvbrazilusa.com\/pt\/wp-json\/wp\/v2\/posts\/69163","targetHints":{"allow":["GET"]}}],"collection":[{"href":"https:\/\/tvbrazilusa.com\/pt\/wp-json\/wp\/v2\/posts"}],"about":[{"href":"https:\/\/tvbrazilusa.com\/pt\/wp-json\/wp\/v2\/types\/post"}],"author":[{"embeddable":true,"href":"https:\/\/tvbrazilusa.com\/pt\/wp-json\/wp\/v2\/users\/1"}],"replies":[{"embeddable":true,"href":"https:\/\/tvbrazilusa.com\/pt\/wp-json\/wp\/v2\/comments?post=69163"}],"version-history":[{"count":1,"href":"https:\/\/tvbrazilusa.com\/pt\/wp-json\/wp\/v2\/posts\/69163\/revisions"}],"predecessor-version":[{"id":69165,"href":"https:\/\/tvbrazilusa.com\/pt\/wp-json\/wp\/v2\/posts\/69163\/revisions\/69165"}],"wp:featuredmedia":[{"embeddable":true,"href":"https:\/\/tvbrazilusa.com\/pt\/wp-json\/wp\/v2\/media\/69164"}],"wp:attachment":[{"href":"https:\/\/tvbrazilusa.com\/pt\/wp-json\/wp\/v2\/media?parent=69163"}],"wp:term":[{"taxonomy":"category","embeddable":true,"href":"https:\/\/tvbrazilusa.com\/pt\/wp-json\/wp\/v2\/categories?post=69163"},{"taxonomy":"post_tag","embeddable":true,"href":"https:\/\/tvbrazilusa.com\/pt\/wp-json\/wp\/v2\/tags?post=69163"}],"curies":[{"name":"wp","href":"https:\/\/api.w.org\/{rel}","templated":true}]}}