{"id":69172,"date":"2024-12-02T10:29:51","date_gmt":"2024-12-02T10:29:51","guid":{"rendered":"https:\/\/tvbrazilusa.com\/2024\/12\/02\/sob-o-governo-lula-pessoas-com-aids-cancer-esclerose-e-parkinson-deixarao-de-ter-isencao-completa\/"},"modified":"2024-12-02T10:29:53","modified_gmt":"2024-12-02T10:29:53","slug":"sob-o-governo-lula-pessoas-com-aids-cancer-esclerose-e-parkinson-deixarao-de-ter-isencao-completa","status":"publish","type":"post","link":"https:\/\/tvbrazilusa.com\/pt\/2024\/12\/02\/sob-o-governo-lula-pessoas-com-aids-cancer-esclerose-e-parkinson-deixarao-de-ter-isencao-completa\/","title":{"rendered":"Sob o governo Lula, pessoas com AIDS, c\u00e2ncer, esclerose e Parkinson deixar\u00e3o de ter isen\u00e7\u00e3o completa"},"content":{"rendered":"<p> <script async src=\"https:\/\/pagead2.googlesyndication.com\/pagead\/js\/adsbygoogle.js?client=ca-pub-8864793242727901\"\r\n     crossorigin=\"anonymous\"><\/script><br \/>\n<\/p>\n<div>\n<figure class=\"post-image\">\n<\/figure>\n<p>            <span style=\"font-size: 12px\">(cr\u00e9dito: Miguel Schincariol \/ AFP)<\/span><\/p>\n<p>            <!-- end metas --><br \/>\n            <!-- ADS --><\/p>\n<div id=\"taboola-read-more\" style=\"display:block; width:100%\">\n<p>Sob o governo do presidente Luiz In\u00e1cio Lula da Silva (PT), o ministro da Fazenda, Fernando Haddad, firmou mudan\u00e7as no Imposto de Renda (IR) que impactam pessoas diagnosticadas com \u201cmol\u00e9stias graves\u201d.<\/p>\n<p>As novas regras restringem a isen\u00e7\u00e3o total do IR para contribuintes com renda mensal superior a R$ 20 mil, mesmo que sejam portadores de doen\u00e7as consideradas graves, como c\u00e2ncer ou AIDS.<\/p>\n<p>\u201cEstamos corrigindo algumas distor\u00e7\u00f5es com rela\u00e7\u00e3o \u00e0 sa\u00fade no Imposto de Renda. Gastos com sa\u00fade continuar\u00e3o dedut\u00edveis na sua integralidade. Mas a isen\u00e7\u00e3o do IR por raz\u00f5es de sa\u00fade estar\u00e1 limitada a quem ganha at\u00e9 R$ 20 mil por m\u00eas\u201d, afirmou Haddad, durante coletiva que detalhou as medidas do pacote de ajuste fiscal.<\/p>\n<p>A restri\u00e7\u00e3o inclui as seguintes condi\u00e7\u00f5es:<\/p>\n<p>\u2022 Mol\u00e9stia profissional (causada por condi\u00e7\u00f5es do trabalho);<br \/>\u2022 Tuberculose ativa;<br \/>\u2022 Aliena\u00e7\u00e3o mental;<br \/>\u2022 Esclerose m\u00faltipla;<br \/>\u2022 Neoplasia maligna (c\u00e2ncer);<br \/>\u2022 Cegueira;<br \/>\u2022 Hansen\u00edase;<br \/>\u2022 Paralisia irrevers\u00edvel e incapacitante;<br \/>\u2022 Cardiopatia grave;<br \/>\u2022 Doen\u00e7a de Parkinson;<br \/>\u2022 Espondiloartrose anquilosante;<br \/>\u2022 Nefropatia grave;<br \/>\u2022 Hepatopatia grave;<br \/>\u2022 Estados avan\u00e7ados da doen\u00e7a de Paget;<br \/>\u2022 Contamina\u00e7\u00e3o por radia\u00e7\u00e3o;<br \/>\u2022 S\u00edndrome da imunodefici\u00eancia adquirida (AIDS).<\/p>\n<p>Apesar da mudan\u00e7a, n\u00e3o houve altera\u00e7\u00f5es nas dedu\u00e7\u00f5es relacionadas a gastos com sa\u00fade. Despesas como planos de sa\u00fade, consultas, tratamentos especializados, psicoterapia ou fonoaudiologia permanecem integralmente dedut\u00edveis para todos os contribuintes, independentemente da faixa de renda.\n<\/p>\n<p>Fonte: Conex\u00e3o Pol\u00edtica<\/p>\n<\/p><\/div>\n<p>                        <!-- Scripts para conteudo --><\/p>\n<p>            <!-- .\/Scripts para conteudo --><br \/>\n            <!-- .\/Mat\u00e9ria --><\/p>\n<div class=\"row mt-3\">\n<div class=\"col-sm-6\">\n                <!-- Whatsapp channel 3--><br \/>\n                <a href=\"https:\/\/chat.whatsapp.com\/J6hwSKYns5B0XFowx2wZ0P\" target=\"_blank\"><br \/>\n                  <img decoding=\"async\" src=\"https:\/\/diariodobrasilnoticias.com.br\/assets-site\/images\/bot_whatsapp.png\"\/><\/a>\n              <\/div>\n<div class=\"col-sm-6\">\n                <a href=\"https:\/\/t.me\/+_4gTmi5LKo03OTM5\" target=\"_blank\"><br \/>\n                  <img decoding=\"async\" src=\"https:\/\/diariodobrasilnoticias.com.br\/assets-site\/images\/bot_telegram.png\"\/><\/a>\n              <\/div>\n<\/p><\/div>\n<p>            <!-- end post-navigation --><\/p>\n<p>              <!-- end row --><\/p>\n<p>              <!-- end col-12-->\n                      <\/div>\n<p><br \/>\n<br \/><a href=\"https:\/\/diariodobrasilnoticias.com.br\/noticia\/ri-sob-o-governo-lula-pessoas-com-aids-cancer-esclerose-e-parkinson-deixarao-de-ter-isencao-completa-674d878b93d71\">Source link <\/a><\/p>","protected":false},"excerpt":{"rendered":"<p>(cr\u00e9dito: Miguel Schincariol \/ AFP) Sob o governo do presidente Luiz In\u00e1cio Lula da Silva (PT), o ministro da Fazenda, Fernando Haddad, firmou mudan\u00e7as no Imposto de Renda (IR) que&hellip;<\/p>","protected":false},"author":1,"featured_media":69173,"comment_status":"closed","ping_status":"open","sticky":false,"template":"","format":"standard","meta":{"content-type":"","footnotes":""},"categories":[16],"tags":[123,2448,5313,1267],"class_list":["post-69172","post","type-post","status-publish","format-standard","has-post-thumbnail","hentry","category-noticias","tag-brasil","tag-diario","tag-noticia","tag-noticias"],"_links":{"self":[{"href":"https:\/\/tvbrazilusa.com\/pt\/wp-json\/wp\/v2\/posts\/69172","targetHints":{"allow":["GET"]}}],"collection":[{"href":"https:\/\/tvbrazilusa.com\/pt\/wp-json\/wp\/v2\/posts"}],"about":[{"href":"https:\/\/tvbrazilusa.com\/pt\/wp-json\/wp\/v2\/types\/post"}],"author":[{"embeddable":true,"href":"https:\/\/tvbrazilusa.com\/pt\/wp-json\/wp\/v2\/users\/1"}],"replies":[{"embeddable":true,"href":"https:\/\/tvbrazilusa.com\/pt\/wp-json\/wp\/v2\/comments?post=69172"}],"version-history":[{"count":1,"href":"https:\/\/tvbrazilusa.com\/pt\/wp-json\/wp\/v2\/posts\/69172\/revisions"}],"predecessor-version":[{"id":69174,"href":"https:\/\/tvbrazilusa.com\/pt\/wp-json\/wp\/v2\/posts\/69172\/revisions\/69174"}],"wp:featuredmedia":[{"embeddable":true,"href":"https:\/\/tvbrazilusa.com\/pt\/wp-json\/wp\/v2\/media\/69173"}],"wp:attachment":[{"href":"https:\/\/tvbrazilusa.com\/pt\/wp-json\/wp\/v2\/media?parent=69172"}],"wp:term":[{"taxonomy":"category","embeddable":true,"href":"https:\/\/tvbrazilusa.com\/pt\/wp-json\/wp\/v2\/categories?post=69172"},{"taxonomy":"post_tag","embeddable":true,"href":"https:\/\/tvbrazilusa.com\/pt\/wp-json\/wp\/v2\/tags?post=69172"}],"curies":[{"name":"wp","href":"https:\/\/api.w.org\/{rel}","templated":true}]}}