{"id":69175,"date":"2024-12-02T10:42:15","date_gmt":"2024-12-02T10:42:15","guid":{"rendered":"https:\/\/tvbrazilusa.com\/2024\/12\/02\/barroso-surpreende-ao-cantar-na-festa-de-casamento-de-flavio-dino-veja-video\/"},"modified":"2024-12-02T10:42:16","modified_gmt":"2024-12-02T10:42:16","slug":"barroso-surpreende-ao-cantar-na-festa-de-casamento-de-flavio-dino-veja-video","status":"publish","type":"post","link":"https:\/\/tvbrazilusa.com\/pt\/2024\/12\/02\/barroso-surpreende-ao-cantar-na-festa-de-casamento-de-flavio-dino-veja-video\/","title":{"rendered":"Barroso surpreende ao cantar na festa de casamento de Fl\u00e1vio Dino; VEJA V\u00cdDEO"},"content":{"rendered":"<p> <script async src=\"https:\/\/pagead2.googlesyndication.com\/pagead\/js\/adsbygoogle.js?client=ca-pub-8864793242727901\"\r\n     crossorigin=\"anonymous\"><\/script><br \/>\n<\/p>\n<div id=\"taboola-read-more\" style=\"display:block; width:100%\">\n<p>O ministro Lu\u00eds Roberto Barroso, presidente do Supremo Tribunal Federal (STF), surpreendeu o p\u00fablico ao cantar no casamento do colega de Corte, Fl\u00e1vio Dino. O ex-ministro da Justi\u00e7a do presidente Luiz In\u00e1cio Lula da Silva casou com Daniela Lima, em S\u00e3o Lu\u00eds, neste s\u00e1bado, 30.<\/p>\n<p>Conhecido por sua atua\u00e7\u00e3o no Judici\u00e1rio, Barroso cantou Aquarela Brasileira, composi\u00e7\u00e3o do sambista Silas de Oliveira. Antes de iniciar sua apresenta\u00e7\u00e3o, o presidente do STF disse ter \u201cmaior carinho e admira\u00e7\u00e3o\u201d por Fl\u00e1vio Dino. Barroso recebeu aplausos dos convidados presentes ao subir no palco para cantar.\n<\/p>\n<p><strong>ASSISTA:<\/strong><\/p>\n<p>A festa tamb\u00e9m foi marcada pela comemora\u00e7\u00e3o da vit\u00f3ria do Botafogo na Copa Libertadores, t\u00edtulo conquistado pela primeira vez pela equipe. Em um v\u00eddeo compartilhado nas redes sociais, Fl\u00e1vio Dino aparece enquanto segura uma camisa do time carioca.\n<\/p>\n<p><strong>Dino celebra vit\u00f3ria do Botafogo<\/strong><br \/>Nas imagens, Dino d\u00e1 passos de dan\u00e7a em celebra\u00e7\u00e3o \u00e0 vit\u00f3ria do Botafogo. O ministro ainda cantou o come\u00e7o do hino do clube antes de retornar para junto de sua mulher.\n<\/p>\n<p>Fl\u00e1vio Dino e Daniela Lima est\u00e3o juntos h\u00e1 mais de 10 anos. O casal, que tem tr\u00eas filhos, se conheceu no Maranh\u00e3o, em um per\u00edodo em que Daniela atuava como assessora do Partido Comunista do Brasil (PCdoB), sigla ao qual o ministro era filiado na \u00e9poca.\n<\/p>\n<p>Al\u00e9m de Barroso, outras personalidades conhecidas estiveram presentes na cerim\u00f4nia. Alexandre de Moraes, tamb\u00e9m membro do STF, participou de um jantar com Dino na v\u00e9spera do casamento. Ricardo Cappelli, que atuou como interventor no Distrito Federal depois dos atos de 8 de janeiro, tamb\u00e9m marcou presen\u00e7a na celebra\u00e7\u00e3o.\n<\/p>\n<p>Fonte: Revista Oeste              <\/p>\n<\/div>\n<p><br \/>\n<br \/><a href=\"https:\/\/diariodobrasilnoticias.com.br\/noticia\/barroso-surpreende-ao-cantar-na-festa-de-casamento-de-flavio-dino-veja-video-674d890d2fcf5\">Source link <\/a><\/p>","protected":false},"excerpt":{"rendered":"<p>O ministro Lu\u00eds Roberto Barroso, presidente do Supremo Tribunal Federal (STF), surpreendeu o p\u00fablico ao cantar no casamento do colega de Corte, Fl\u00e1vio Dino. O ex-ministro da Justi\u00e7a do presidente&hellip;<\/p>","protected":false},"author":1,"featured_media":69176,"comment_status":"closed","ping_status":"open","sticky":false,"template":"","format":"standard","meta":{"content-type":"","footnotes":""},"categories":[16],"tags":[123,2448,5313,1267],"class_list":["post-69175","post","type-post","status-publish","format-standard","has-post-thumbnail","hentry","category-noticias","tag-brasil","tag-diario","tag-noticia","tag-noticias"],"_links":{"self":[{"href":"https:\/\/tvbrazilusa.com\/pt\/wp-json\/wp\/v2\/posts\/69175","targetHints":{"allow":["GET"]}}],"collection":[{"href":"https:\/\/tvbrazilusa.com\/pt\/wp-json\/wp\/v2\/posts"}],"about":[{"href":"https:\/\/tvbrazilusa.com\/pt\/wp-json\/wp\/v2\/types\/post"}],"author":[{"embeddable":true,"href":"https:\/\/tvbrazilusa.com\/pt\/wp-json\/wp\/v2\/users\/1"}],"replies":[{"embeddable":true,"href":"https:\/\/tvbrazilusa.com\/pt\/wp-json\/wp\/v2\/comments?post=69175"}],"version-history":[{"count":1,"href":"https:\/\/tvbrazilusa.com\/pt\/wp-json\/wp\/v2\/posts\/69175\/revisions"}],"predecessor-version":[{"id":69177,"href":"https:\/\/tvbrazilusa.com\/pt\/wp-json\/wp\/v2\/posts\/69175\/revisions\/69177"}],"wp:featuredmedia":[{"embeddable":true,"href":"https:\/\/tvbrazilusa.com\/pt\/wp-json\/wp\/v2\/media\/69176"}],"wp:attachment":[{"href":"https:\/\/tvbrazilusa.com\/pt\/wp-json\/wp\/v2\/media?parent=69175"}],"wp:term":[{"taxonomy":"category","embeddable":true,"href":"https:\/\/tvbrazilusa.com\/pt\/wp-json\/wp\/v2\/categories?post=69175"},{"taxonomy":"post_tag","embeddable":true,"href":"https:\/\/tvbrazilusa.com\/pt\/wp-json\/wp\/v2\/tags?post=69175"}],"curies":[{"name":"wp","href":"https:\/\/api.w.org\/{rel}","templated":true}]}}