{"id":69178,"date":"2024-12-02T10:45:00","date_gmt":"2024-12-02T10:45:00","guid":{"rendered":"https:\/\/tvbrazilusa.com\/2024\/12\/02\/corredor-do-ano-de-cross-country-masculino-do-bcsl-honras-da-pos-temporada-em-2024\/"},"modified":"2024-12-02T10:53:12","modified_gmt":"2024-12-02T10:53:12","slug":"corredor-do-ano-de-cross-country-masculino-do-bcsl-honras-da-pos-temporada-em-2024","status":"publish","type":"post","link":"https:\/\/tvbrazilusa.com\/pt\/2024\/12\/02\/corredor-do-ano-de-cross-country-masculino-do-bcsl-honras-da-pos-temporada-em-2024\/","title":{"rendered":"Corredor do ano de cross country masculino do BCSL, honras da p\u00f3s-temporada em 2024"},"content":{"rendered":"<script async src=\"https:\/\/pagead2.googlesyndication.com\/pagead\/js\/adsbygoogle.js?client=ca-pub-8864793242727901\"\r\n     crossorigin=\"anonymous\"><\/script>\n<div>\n<p class=\"article__paragraph article__paragraph--left\" id=\"T5NBGQ74IRE65KAURYOMCD7FUY\">A temporada de cross country masculino de 2024 est\u00e1 nos livros, e <a href=\"http:\/\/nj.com\/\">NJ.com<\/a> vai confer\u00eancia por confer\u00eancia e reconhece os atletas, treinadores e equipes que mais tiveram resultados nesta primavera.<\/p>\n<p class=\"article__paragraph article__paragraph--left\" id=\"ODNWCFFNQNHVNLCBNRD567L5WQ\">Abaixo, encontre nossas honras p\u00f3s-temporada masculinas para a Liga Escolar do Condado de Burlington.<\/p>\n<\/div>\n<p><br \/>\n<br \/><a href=\"https:\/\/www.nj.com\/highschoolsports\/2024\/12\/bcsl-boys-cross-country-runner-of-the-year-postseason-honors-for-2024.html\">Source link <\/a><\/p>","protected":false},"excerpt":{"rendered":"<p>A temporada de cross country masculino de 2024 est\u00e1 nos livros, e NJ.com vai confer\u00eancia por confer\u00eancia e reconhece os atletas, treinadores e equipes que mais tiveram resultados nesta primavera.&hellip;<\/p>","protected":false},"author":1,"featured_media":69179,"comment_status":"closed","ping_status":"open","sticky":false,"template":"","format":"standard","meta":{"content-type":"","footnotes":""},"categories":[1],"tags":[],"class_list":["post-69178","post","type-post","status-publish","format-standard","has-post-thumbnail","hentry","category-uncategorized"],"_links":{"self":[{"href":"https:\/\/tvbrazilusa.com\/pt\/wp-json\/wp\/v2\/posts\/69178","targetHints":{"allow":["GET"]}}],"collection":[{"href":"https:\/\/tvbrazilusa.com\/pt\/wp-json\/wp\/v2\/posts"}],"about":[{"href":"https:\/\/tvbrazilusa.com\/pt\/wp-json\/wp\/v2\/types\/post"}],"author":[{"embeddable":true,"href":"https:\/\/tvbrazilusa.com\/pt\/wp-json\/wp\/v2\/users\/1"}],"replies":[{"embeddable":true,"href":"https:\/\/tvbrazilusa.com\/pt\/wp-json\/wp\/v2\/comments?post=69178"}],"version-history":[{"count":1,"href":"https:\/\/tvbrazilusa.com\/pt\/wp-json\/wp\/v2\/posts\/69178\/revisions"}],"predecessor-version":[{"id":69180,"href":"https:\/\/tvbrazilusa.com\/pt\/wp-json\/wp\/v2\/posts\/69178\/revisions\/69180"}],"wp:featuredmedia":[{"embeddable":true,"href":"https:\/\/tvbrazilusa.com\/pt\/wp-json\/wp\/v2\/media\/69179"}],"wp:attachment":[{"href":"https:\/\/tvbrazilusa.com\/pt\/wp-json\/wp\/v2\/media?parent=69178"}],"wp:term":[{"taxonomy":"category","embeddable":true,"href":"https:\/\/tvbrazilusa.com\/pt\/wp-json\/wp\/v2\/categories?post=69178"},{"taxonomy":"post_tag","embeddable":true,"href":"https:\/\/tvbrazilusa.com\/pt\/wp-json\/wp\/v2\/tags?post=69178"}],"curies":[{"name":"wp","href":"https:\/\/api.w.org\/{rel}","templated":true}]}}