{"id":69181,"date":"2024-12-02T10:59:41","date_gmt":"2024-12-02T10:59:41","guid":{"rendered":"https:\/\/tvbrazilusa.com\/2024\/12\/02\/o-governo-lula-dissemina-fake-news-sobre-a-isencao-do-imposto-de-renda\/"},"modified":"2024-12-02T10:59:42","modified_gmt":"2024-12-02T10:59:42","slug":"o-governo-lula-dissemina-fake-news-sobre-a-isencao-do-imposto-de-renda","status":"publish","type":"post","link":"https:\/\/tvbrazilusa.com\/pt\/2024\/12\/02\/o-governo-lula-dissemina-fake-news-sobre-a-isencao-do-imposto-de-renda\/","title":{"rendered":"O governo Lula dissemina fake news sobre a isen\u00e7\u00e3o do Imposto de Renda"},"content":{"rendered":"<p> <script async src=\"https:\/\/pagead2.googlesyndication.com\/pagead\/js\/adsbygoogle.js?client=ca-pub-8864793242727901\"\r\n     crossorigin=\"anonymous\"><\/script><br \/>\n<\/p>\n<div id=\"taboola-read-more\" style=\"display:block; width:100%\">\n<p>A Secretaria de Comunica\u00e7\u00e3o Social do governo Lula espalhou fake news ao afirmar que j\u00e1 havia enviado ao Congresso um projeto de isen\u00e7\u00e3o do Imposto de Renda para quem ganha at\u00e9 R$ 5 mil mensais. A publica\u00e7\u00e3o foi compartilhada neste domingo, 1\u00ba, mas foi deletada das redes sociais oficiais do governo.\n<\/p>\n<p>A proposta, anunciada recentemente como parte de um pacote de conten\u00e7\u00e3o de gastos, ainda n\u00e3o foi formalmente submetida ao Legislativo.<\/p>\n<p>Segundo o Executivo, o projeto ser\u00e1 discutido no Congresso apenas em 2025, como parte de uma reforma tribut\u00e1ria ampla, com implementa\u00e7\u00e3o prevista para 2026. Nas redes sociais, a proposta de isen\u00e7\u00e3o foi destacada como \u201ccampe\u00e3 da semana\u201d.\n<\/p>\n<p>No post, a mensagem era clara ao afirmar: \u201cO governo enviou ao Congresso proposta para ampliar a isen\u00e7\u00e3o do Imposto de Renda para quem ganha at\u00e9 R$ 5 mil. Essa \u00e9 a maior reforma do Imposto de Renda da hist\u00f3ria\u201d, embora errada.\n<\/p>\n<p><strong>Governo Lula n\u00e3o se manifestou sobre equ\u00edvoco<\/strong>\n<\/p>\n<p>Nem a Secretaria de Comunica\u00e7\u00e3o Social (Secom) nem o Minist\u00e9rio da Fazenda se manifestaram sobre o equ\u00edvoco.\n<\/p>\n<p>A proposta do governo isenta de imposto quem tem renda mensal de at\u00e9 R$ 5 mil e prop\u00f5e uma al\u00edquota m\u00ednima para rendas acima de R$ 50 mil. O Minist\u00e9rio da Fazenda estima que a isen\u00e7\u00e3o resultar\u00e1 em perda de arrecada\u00e7\u00e3o de R$ 35 bilh\u00f5es, compensada pela taxa\u00e7\u00e3o dos mais ricos.\n<\/p>\n<p>Economistas do mercado financeiro calculam que o impacto fiscal pode chegar a R$ 45 bilh\u00f5es, gerando preocupa\u00e7\u00f5es econ\u00f4micas. O an\u00fancio prematuro da isen\u00e7\u00e3o repercutiu negativamente no mercado, levando o d\u00f3lar a fechar acima de R$ 6, um marco hist\u00f3rico.\n<\/p>\n<p>O ministro da Fazenda, Fernando Haddad, lamentou o vazamento da proposta, frisando que a prioridade do governo \u00e9 aprovar as medidas de corte de gastos antes de discutir a reforma do Imposto de Renda, programada para 2025.\n<\/p>\n<p><strong>Rea\u00e7\u00f5es no Congresso<\/strong><br \/>Em rea\u00e7\u00e3o ao mal-estar, Arthur Lira (PP-AL), presidente da C\u00e2mara dos Deputados, e Rodrigo Pacheco (PSD-MG), presidente do Senado, atuaram para apaziguar a situa\u00e7\u00e3o. Eles refor\u00e7aram que a discuss\u00e3o sobre a isen\u00e7\u00e3o do IR ficar\u00e1 para depois.\n<\/p>\n<p>Os l\u00edderes enfatizaram que mudan\u00e7as no Imposto de Renda s\u00f3 ser\u00e3o aprovadas se houver condi\u00e7\u00f5es econ\u00f4micas adequadas.<\/p>\n<p>Fonte: Revista Oeste              <\/p>\n<\/div>\n<p><br \/>\n<br \/><a href=\"https:\/\/diariodobrasilnoticias.com.br\/noticia\/o-governo-lula-dissemina-fake-news-sobre-a-isencao-do-imposto-de-renda-674d9014a09df\">Source link <\/a><\/p>","protected":false},"excerpt":{"rendered":"<p>A Secretaria de Comunica\u00e7\u00e3o Social do governo Lula espalhou fake news ao afirmar que j\u00e1 havia enviado ao Congresso um projeto de isen\u00e7\u00e3o do Imposto de Renda para quem ganha&hellip;<\/p>","protected":false},"author":1,"featured_media":69182,"comment_status":"closed","ping_status":"open","sticky":false,"template":"","format":"standard","meta":{"content-type":"","footnotes":""},"categories":[16],"tags":[123,2448,5313,1267],"class_list":["post-69181","post","type-post","status-publish","format-standard","has-post-thumbnail","hentry","category-noticias","tag-brasil","tag-diario","tag-noticia","tag-noticias"],"_links":{"self":[{"href":"https:\/\/tvbrazilusa.com\/pt\/wp-json\/wp\/v2\/posts\/69181","targetHints":{"allow":["GET"]}}],"collection":[{"href":"https:\/\/tvbrazilusa.com\/pt\/wp-json\/wp\/v2\/posts"}],"about":[{"href":"https:\/\/tvbrazilusa.com\/pt\/wp-json\/wp\/v2\/types\/post"}],"author":[{"embeddable":true,"href":"https:\/\/tvbrazilusa.com\/pt\/wp-json\/wp\/v2\/users\/1"}],"replies":[{"embeddable":true,"href":"https:\/\/tvbrazilusa.com\/pt\/wp-json\/wp\/v2\/comments?post=69181"}],"version-history":[{"count":1,"href":"https:\/\/tvbrazilusa.com\/pt\/wp-json\/wp\/v2\/posts\/69181\/revisions"}],"predecessor-version":[{"id":69183,"href":"https:\/\/tvbrazilusa.com\/pt\/wp-json\/wp\/v2\/posts\/69181\/revisions\/69183"}],"wp:featuredmedia":[{"embeddable":true,"href":"https:\/\/tvbrazilusa.com\/pt\/wp-json\/wp\/v2\/media\/69182"}],"wp:attachment":[{"href":"https:\/\/tvbrazilusa.com\/pt\/wp-json\/wp\/v2\/media?parent=69181"}],"wp:term":[{"taxonomy":"category","embeddable":true,"href":"https:\/\/tvbrazilusa.com\/pt\/wp-json\/wp\/v2\/categories?post=69181"},{"taxonomy":"post_tag","embeddable":true,"href":"https:\/\/tvbrazilusa.com\/pt\/wp-json\/wp\/v2\/tags?post=69181"}],"curies":[{"name":"wp","href":"https:\/\/api.w.org\/{rel}","templated":true}]}}