{"id":69310,"date":"2024-12-02T15:24:17","date_gmt":"2024-12-02T15:24:17","guid":{"rendered":"https:\/\/tvbrazilusa.com\/2024\/12\/02\/pesquisadores-identificam-gene-que-pode-oferecer-protecao-contra-a-covid-19\/"},"modified":"2024-12-02T15:24:19","modified_gmt":"2024-12-02T15:24:19","slug":"pesquisadores-identificam-gene-que-pode-oferecer-protecao-contra-a-covid-19","status":"publish","type":"post","link":"https:\/\/tvbrazilusa.com\/pt\/2024\/12\/02\/pesquisadores-identificam-gene-que-pode-oferecer-protecao-contra-a-covid-19\/","title":{"rendered":"Pesquisadores identificam gene que pode oferecer prote\u00e7\u00e3o contra a covid-19"},"content":{"rendered":"<p> <script async src=\"https:\/\/pagead2.googlesyndication.com\/pagead\/js\/adsbygoogle.js?client=ca-pub-8864793242727901\"\r\n     crossorigin=\"anonymous\"><\/script><br \/>\n<\/p>\n<div id=\"taboola-read-more\" style=\"display:block; width:100%\">\n<p>Pesquisadores da USP (Universidade de S\u00e3o Paulo) integram estudo que identificou um gene que pode oferecer prote\u00e7\u00e3o contra a covid-19. O estudo, feito no Cegh-cel (Centro de Estudos do Genoma Humano e de C\u00e9lulas-Tronco) da USP e financiado pela Fapesp, foi publicado na 3\u00aa feira (26.nov.2024) na revista Frontiers in Cellular and Infection Microbiology. A pesquisa analisou casais sorodiscordantes para o SARS-CoV-2, revelando a superexpress\u00e3o do gene IFIT3 em mulheres assintom\u00e1ticas. Eis a \u00edntegra (PDF \u2013 564kB).\n<\/p>\n<p>O estudo envolveu a an\u00e1lise de c\u00e9lulas sangu\u00edneas de seis casais, onde as mulheres, apesar de expostas ao v\u00edrus por seus maridos infectados, permaneceram resistentes ao SARS-CoV-2. Mateus Vidigal, 1\u00b0 autor do artigo, destacou a import\u00e2ncia do gene IFIT3 na resposta antiviral, j\u00e1 conhecido por sua rela\u00e7\u00e3o com a prote\u00e7\u00e3o contra outras doen\u00e7as virais, como dengue e hepatite B.<\/p>\n<p>A pesquisa demonstrou pela 1\u00aa vez a efic\u00e1cia protetora desse gene contra o SARS-CoV-2, sugerindo que as mulheres foram infectadas, mas o v\u00edrus n\u00e3o se multiplicou significativamente devido \u00e0 a\u00e7\u00e3o da prote\u00edna IFIT3.\n<\/p>\n<p>A prote\u00edna codificada pelo gene IFIT3 impede a replica\u00e7\u00e3o do RNA viral, bloqueando a progress\u00e3o da doen\u00e7a. O mecanismo de defesa interrompe a replica\u00e7\u00e3o viral nas c\u00e9lulas, evitando a manifesta\u00e7\u00e3o da doen\u00e7a. O estudo tamb\u00e9m abre caminho para o desenvolvimento de novas terapias antivirais, com o IFIT3 emergindo como um potencial alvo terap\u00eautico.\n<\/p>\n<p>Fonte: Poder360              <\/p>\n<\/div>\n<p><br \/>\n<br \/><a href=\"https:\/\/diariodobrasilnoticias.com.br\/noticia\/pesquisadores-identificam-gene-que-pode-oferecer-protecao-contra-a-covid-19-674db3a1dfc67\">Source link <\/a><\/p>","protected":false},"excerpt":{"rendered":"<p>Pesquisadores da USP (Universidade de S\u00e3o Paulo) integram estudo que identificou um gene que pode oferecer prote\u00e7\u00e3o contra a covid-19. O estudo, feito no Cegh-cel (Centro de Estudos do Genoma&hellip;<\/p>","protected":false},"author":1,"featured_media":69311,"comment_status":"closed","ping_status":"open","sticky":false,"template":"","format":"standard","meta":{"content-type":"","footnotes":""},"categories":[16],"tags":[123,2448,5313,1267],"class_list":["post-69310","post","type-post","status-publish","format-standard","has-post-thumbnail","hentry","category-noticias","tag-brasil","tag-diario","tag-noticia","tag-noticias"],"_links":{"self":[{"href":"https:\/\/tvbrazilusa.com\/pt\/wp-json\/wp\/v2\/posts\/69310","targetHints":{"allow":["GET"]}}],"collection":[{"href":"https:\/\/tvbrazilusa.com\/pt\/wp-json\/wp\/v2\/posts"}],"about":[{"href":"https:\/\/tvbrazilusa.com\/pt\/wp-json\/wp\/v2\/types\/post"}],"author":[{"embeddable":true,"href":"https:\/\/tvbrazilusa.com\/pt\/wp-json\/wp\/v2\/users\/1"}],"replies":[{"embeddable":true,"href":"https:\/\/tvbrazilusa.com\/pt\/wp-json\/wp\/v2\/comments?post=69310"}],"version-history":[{"count":1,"href":"https:\/\/tvbrazilusa.com\/pt\/wp-json\/wp\/v2\/posts\/69310\/revisions"}],"predecessor-version":[{"id":69312,"href":"https:\/\/tvbrazilusa.com\/pt\/wp-json\/wp\/v2\/posts\/69310\/revisions\/69312"}],"wp:featuredmedia":[{"embeddable":true,"href":"https:\/\/tvbrazilusa.com\/pt\/wp-json\/wp\/v2\/media\/69311"}],"wp:attachment":[{"href":"https:\/\/tvbrazilusa.com\/pt\/wp-json\/wp\/v2\/media?parent=69310"}],"wp:term":[{"taxonomy":"category","embeddable":true,"href":"https:\/\/tvbrazilusa.com\/pt\/wp-json\/wp\/v2\/categories?post=69310"},{"taxonomy":"post_tag","embeddable":true,"href":"https:\/\/tvbrazilusa.com\/pt\/wp-json\/wp\/v2\/tags?post=69310"}],"curies":[{"name":"wp","href":"https:\/\/api.w.org\/{rel}","templated":true}]}}