{"id":69326,"date":"2024-12-02T15:48:57","date_gmt":"2024-12-02T15:48:57","guid":{"rendered":"https:\/\/tvbrazilusa.com\/2024\/12\/02\/cnj-orgao-de-controle-do-judiciario-pune-dezenas-de-juizes-com-aposentadoria-apos-16-anos\/"},"modified":"2024-12-02T15:48:58","modified_gmt":"2024-12-02T15:48:58","slug":"cnj-orgao-de-controle-do-judiciario-pune-dezenas-de-juizes-com-aposentadoria-apos-16-anos","status":"publish","type":"post","link":"https:\/\/tvbrazilusa.com\/pt\/2024\/12\/02\/cnj-orgao-de-controle-do-judiciario-pune-dezenas-de-juizes-com-aposentadoria-apos-16-anos\/","title":{"rendered":"CNJ, \u00f3rg\u00e3o de controle do Judici\u00e1rio, &#8216;pune&#8217; dezenas de ju\u00edzes com aposentadoria ap\u00f3s 16 anos"},"content":{"rendered":"<p> <script async src=\"https:\/\/pagead2.googlesyndication.com\/pagead\/js\/adsbygoogle.js?client=ca-pub-8864793242727901\"\r\n     crossorigin=\"anonymous\"><\/script><br \/>\n<\/p>\n<div id=\"taboola-read-more\" style=\"display:block; width:100%\">\n<p>O Conselho Nacional de Justi\u00e7a (CNJ) \u201cpuniu\u201d com aposentadoria compuls\u00f3ria 93 magistrados desde 2008, os n\u00fameros foram levantados pela coluna com o pr\u00f3prio CNJ. A aposentadoria \u00e9 uma das penalidades mais graves aplicadas aos magistrados, como a desembargadora L\u00edgia Maria Ramos Cunha Lima, do TJ-BA, aposentada este m\u00eas ap\u00f3s ser investigada por suposta venda de senten\u00e7as em um rolo com grilagem de terras, organiza\u00e7\u00e3o criminosa, lavagem de dinheiro e corrup\u00e7\u00e3o.\n<\/p>\n<p>O m\u00e1ximo<\/p>\n<p>O pico das \u201cpuni\u00e7\u00f5es\u201d ocorreu em 2010, 19 magistrados. Este ano, foram mais cinco que n\u00e3o precisam dar expediente e t\u00eam a grana garantida.\n<\/p>\n<p>Vai ficando\n<\/p>\n<p>Na C\u00e2mara, iniciativas para acabar com essa san\u00e7\u00e3o n\u00e3o prosperam. Na reforma administrativa, emenda do tipo sequer teve assinatura suficiente.\n<\/p>\n<p>De sa\u00edda\n<\/p>\n<p>Proposta mais recente para acabar com a aposentadoria compuls\u00f3ria foi apresentada por Fl\u00e1vio Dino, um dia antes de assumir vaga no Supremo.\n<\/p>\n<p>Juntando poeira\n<\/p>\n<p>Desde que foi apresentada na CCJ do Senado, em 21 de fevereiro deste ano, a proposta n\u00e3o se moveu. Est\u00e1 \u201caguardando designa\u00e7\u00e3o do relator\u201d.\n<\/p>\n<p><strong>Di\u00e1rio do Poder<\/strong>              <\/p>\n<\/div>\n<p><br \/>\n<br \/><a href=\"https:\/\/diariodobrasilnoticias.com.br\/noticia\/cnj-orgao-de-controle-do-judiciario-pune-dezenas-de-juizes-com-aposentadoria-apos-16-anos-674dbb35307dd\">Source link <\/a><\/p>","protected":false},"excerpt":{"rendered":"<p>O Conselho Nacional de Justi\u00e7a (CNJ) \u201cpuniu\u201d com aposentadoria compuls\u00f3ria 93 magistrados desde 2008, os n\u00fameros foram levantados pela coluna com o pr\u00f3prio CNJ. A aposentadoria \u00e9 uma das penalidades&hellip;<\/p>","protected":false},"author":1,"featured_media":69327,"comment_status":"closed","ping_status":"open","sticky":false,"template":"","format":"standard","meta":{"content-type":"","footnotes":""},"categories":[16],"tags":[123,2448,5313,1267],"class_list":["post-69326","post","type-post","status-publish","format-standard","has-post-thumbnail","hentry","category-noticias","tag-brasil","tag-diario","tag-noticia","tag-noticias"],"_links":{"self":[{"href":"https:\/\/tvbrazilusa.com\/pt\/wp-json\/wp\/v2\/posts\/69326","targetHints":{"allow":["GET"]}}],"collection":[{"href":"https:\/\/tvbrazilusa.com\/pt\/wp-json\/wp\/v2\/posts"}],"about":[{"href":"https:\/\/tvbrazilusa.com\/pt\/wp-json\/wp\/v2\/types\/post"}],"author":[{"embeddable":true,"href":"https:\/\/tvbrazilusa.com\/pt\/wp-json\/wp\/v2\/users\/1"}],"replies":[{"embeddable":true,"href":"https:\/\/tvbrazilusa.com\/pt\/wp-json\/wp\/v2\/comments?post=69326"}],"version-history":[{"count":1,"href":"https:\/\/tvbrazilusa.com\/pt\/wp-json\/wp\/v2\/posts\/69326\/revisions"}],"predecessor-version":[{"id":69328,"href":"https:\/\/tvbrazilusa.com\/pt\/wp-json\/wp\/v2\/posts\/69326\/revisions\/69328"}],"wp:featuredmedia":[{"embeddable":true,"href":"https:\/\/tvbrazilusa.com\/pt\/wp-json\/wp\/v2\/media\/69327"}],"wp:attachment":[{"href":"https:\/\/tvbrazilusa.com\/pt\/wp-json\/wp\/v2\/media?parent=69326"}],"wp:term":[{"taxonomy":"category","embeddable":true,"href":"https:\/\/tvbrazilusa.com\/pt\/wp-json\/wp\/v2\/categories?post=69326"},{"taxonomy":"post_tag","embeddable":true,"href":"https:\/\/tvbrazilusa.com\/pt\/wp-json\/wp\/v2\/tags?post=69326"}],"curies":[{"name":"wp","href":"https:\/\/api.w.org\/{rel}","templated":true}]}}