{"id":69339,"date":"2024-12-02T15:56:40","date_gmt":"2024-12-02T15:56:40","guid":{"rendered":"https:\/\/tvbrazilusa.com\/2024\/12\/02\/lowell-lamenta-a-perda-de-negocios-locais-e-espaco-para-eventos-para-abrir-caminho-para-escolas-charter\/"},"modified":"2024-12-02T16:06:39","modified_gmt":"2024-12-02T16:06:39","slug":"lowell-lamenta-a-perda-de-negocios-locais-e-espaco-para-eventos-para-abrir-caminho-para-escolas-charter","status":"publish","type":"post","link":"https:\/\/tvbrazilusa.com\/pt\/2024\/12\/02\/lowell-lamenta-a-perda-de-negocios-locais-e-espaco-para-eventos-para-abrir-caminho-para-escolas-charter\/","title":{"rendered":"Lowell lamenta a perda de neg\u00f3cios locais e espa\u00e7o para eventos para abrir caminho para escolas charter"},"content":{"rendered":"<p> <script async src=\"https:\/\/pagead2.googlesyndication.com\/pagead\/js\/adsbygoogle.js?client=ca-pub-8864793242727901\"\r\n     crossorigin=\"anonymous\"><\/script><br \/>\n<\/p>\n<div id=\"\">\n<header class=\"m-article-header m-article-header--standard\">\n\t\t\t\t\t\t\t\t\t\t\t\t<span id=\"article-header-primary-term\"><br \/>\n\t\t\t\t\t\t\t\t<a class=\"a-term a-term--primary\" href=\"https:\/\/www.boston.com\/tag\/local-news\/\"><\/p>\n<p>\t\t\t\t\t\t\t\tNot\u00edcias locais\t\t\t\t\t\t\t\t<\/a><br \/>\n\t\t\t\t\t\t\t<\/span><\/p>\n<h2 class=\"m-article-header__sub-headline\">\u201cAinda estamos todos nos recuperando do choque\u201d.<\/h2>\n<figure class=\"a-photo m-article-header__photo\"><figcaption class=\"a-photo__caption\">\n<p>\tO Mill No. 5, um shopping hist\u00f3rico em Lowell, Massachusetts, est\u00e1 fechando antes da expans\u00e3o de uma escola local local no espa\u00e7o.<em> Cortesia de Jim Lichoulas<\/em>\t<\/figcaption><\/figure>\n<\/header>\n<p>Um local hist\u00f3rico de compras em Lowell fechar\u00e1 em janeiro, \u00e0 medida que uma escola local se expande para o espa\u00e7o, anunciaram as autoridades na quarta-feira.<\/p>\n<p>A Lowell Community Charter Public School, que atende 815 alunos da pr\u00e9-escola at\u00e9 a oitava s\u00e9rie, recebeu uma doa\u00e7\u00e3o da fam\u00edlia Lichoulas, que doou a escola Mill No. A mudan\u00e7a permite que a escola ocupe o espa\u00e7o onde <a href=\"https:\/\/millno5.com\/\">Moinho n\u00ba 5<\/a> \u2014 \u201cuma paisagem urbana interna de vitrines recuperadas\u201d em um edif\u00edcio de f\u00e1brica reformado com um <a href=\"https:\/\/lunalowell.com\/\">cinema<\/a>fonte de refrigerante e mercado do fazendeiro &#8211; reside atualmente.<\/p>\n<p>\u201cAinda estamos todos nos recuperando do choque\u201d, <a href=\"https:\/\/www.facebook.com\/share\/p\/14HzrZ1U28\/\">Moinho n\u00ba 5 escreveu no Facebook<\/a>. \u201cAgora, mais do que nunca, precisamos que nossa comunidade se manifeste e apoie nossa fam\u00edlia de pequenas empresas.\u201d<\/p>\n<p>As empresas incluem a popular cafeteria Coffee and Cotton, a Lowell Book Company e a A Damn Shame Records, uma loja de discos que abriu em julho. O espa\u00e7o tamb\u00e9m hospeda eventos regulares, bazares e shows art\u00edsticos. <\/p>\n<p>\u201cInfelizmente, esta not\u00edcia chegou at\u00e9 n\u00f3s muito de repente e, por causa disso, teremos que direcionar nossa abordagem para encontrar um novo lar\u201d, A Damn Shame <a href=\"https:\/\/www.facebook.com\/permalink.php?story_fbid=pfbid0qUeYPHMKLiYWms7zMAA425R4QKBW6sq3oRGGvBmr98LCGhEMPWEWh6ZGvHfW5aAdl&#038;id=61556589574756&#038;__cft__%5B0%5D=AZWs0k026JVNI5t-g8Dw420TL1vfe2FZBuMmAl7QRq7bZK54VkA9j9Vm8Rkuh0N02T9Hz8FUjLqFnsRYRwcJnX6yclYxLqDmF4qOxg3gemWhSbIWyO47tt6lmBCyH89_gXqUEZSvB5y1HR23fc0lKXYbWAKPsP8_mgkBfNbOmqlUDuMj7bCagL3TiIi8c3brJju6UgxPIkeWHYk1GdtaDNYP&#038;__tn__=%2CO%2CP-R\">escreveu no Facebook<\/a>. \u201cTrabalhamos muito para estar aqui e n\u00e3o vamos cair sem lutar, e estamos determinados a avan\u00e7ar para um futuro brilhante.\u201d<\/p>\n<h2 class=\"wp-block-heading\" id=\"h-milestone-for-the-school\">Marco para a escola<\/h2>\n<p>A doa\u00e7\u00e3o representa um \u201cmarco transformador\u201d nos planos da escola para construir um novo Centro Atl\u00e9tico e Comunit\u00e1rio, um Fundo de Sucesso Estudantil para promover o crescimento program\u00e1tico e um Centro de Artes Perform\u00e1ticas, <a href=\"https:\/\/www.lccps.org\/ourpages\/auto\/2024\/11\/27\/51785071\/Lowell%20Community%20Charter%20Public%20School%20Update.pdf\">a escola disse em um comunicado<\/a>.<\/p>\n<p>\u201cEstamos profundamente gratos \u00e0 fam\u00edlia Lichoulas pela sua extraordin\u00e1ria generosidade\u201d, disse o Diretor Executivo Nicholas Leonardos no comunicado. \u201cEsta doa\u00e7\u00e3o \u00fanica na vida nos permitir\u00e1 fornecer recursos aprimorados e ampliar as oportunidades extracurriculares para nossos alunos nos pr\u00f3ximos anos. Este investimento nas nossas instala\u00e7\u00f5es \u2013 um local que muitos dos nossos alunos e professores consideram uma segunda casa \u2013 ter\u00e1 um impacto duradouro.\u201d<\/p>\n<p>\u00c0 luz da doa\u00e7\u00e3o, o plano atual da escola para construir um novo gin\u00e1sio do outro lado da rua, na Middlesex Street, anunciado em setembro, ser\u00e1 suspenso, disse o comunicado, enquanto os l\u00edderes escolares se articulam para construir o novo gin\u00e1sio e centro comunit\u00e1rio no terreno do Moinho n\u00ba 5. <\/p>\n<p>As s\u00e9ries de quarta a oitava est\u00e3o localizadas nos andares inferiores do Moinho 5 desde que a escola foi fundada em 2000, segundo Leonardos.<\/p>\n<p>\u201cA doa\u00e7\u00e3o agora oferece \u00e0 escola a oportunidade de considerar a mudan\u00e7a de nossos espa\u00e7os restantes, incluindo o escrit\u00f3rio principal e as s\u00e9ries K1-3, que est\u00e3o localizadas no edif\u00edcio vizinho da F\u00e1brica 6, para a F\u00e1brica 5 nos pr\u00f3ximos anos\u201d, disse Leonardos a Boston. com.<\/p>\n<h2 class=\"wp-block-heading\" id=\"h-no-longer-sustainable\">\u2018N\u00e3o \u00e9 mais sustent\u00e1vel\u2019<\/h2>\n<p>No entanto, Jim Lichoulas, propriet\u00e1rio da f\u00e1brica n\u00ba 5, disse estar \u201cde cora\u00e7\u00e3o partido\u201d porque o shopping ter\u00e1 que fechar suas portas no final de janeiro de 2025.<\/p>\n<p>\u201cAs perdas na f\u00e1brica n.\u00ba 5 j\u00e1 n\u00e3o s\u00e3o sustent\u00e1veis \u200b\u200be tiveram um impacto direto na nossa fam\u00edlia e na capacidade de continuar como est\u00e3o\u201d, escreveu Lichoulas numa carta aos inquilinos. \u201cInfelizmente, apesar dos esfor\u00e7os de todos, continuamos a ter um fluxo de caixa negativo e n\u00e3o \u00e9 sustent\u00e1vel depois de janeiro.\u201d<\/p>\n<p>Leonardos disse que reconhece o impacto que a aquisi\u00e7\u00e3o ter\u00e1 nas empresas que operam atualmente na propriedade da f\u00e1brica e est\u00e1 trabalhando com as autoridades municipais para \u201cexplorar solu\u00e7\u00f5es permanentes que beneficiem tanto a comunidade empresarial quanto a cidade de Lowell\u201d.<\/p>\n<p>\u201cEmbora reconhe\u00e7amos que qualquer realoca\u00e7\u00e3o potencial pode n\u00e3o replicar a experi\u00eancia \u00fanica da f\u00e1brica n\u00ba 5, continuamos comprometidos em promover uma abordagem colaborativa e de apoio durante esta transi\u00e7\u00e3o\u201d, disse Leonardos. \u201cPara esse fim, a LCCPS entrar\u00e1 em contato com cada propriet\u00e1rio de loja nos pr\u00f3ximos dias para discutir oportunidades no futuro.\u201d<\/p>\n<p>O shopping permanecer\u00e1 aberto durante a temporada de compras natalinas e os moradores locais foram incentivados a apoiar os neg\u00f3cios locais.<\/p>\n<p>\u201cEsta \u00e9 a hist\u00f3ria de outra empresa que foi atingida pelas consequ\u00eancias da pandemia\u201d, disse Lichoulas. \u201cNunca conseguimos nos recuperar.\u201d<\/p>\n<p><iframe src=\"https:\/\/www.facebook.com\/plugins\/post.php?href=https%3A%2F%2Fwww.facebook.com%2Fmillno5%2Fposts%2Fpfbid0258kNRzoaxrSZKAQh1QD6Dtv9GvRHApWGdhGFuBmXTFwGmwN9VeSXAsvUuuTHSnxwl&#038;show_text=true&#038;width=500\" width=\"500\" height=\"250\" style=\"border:none;overflow:hidden\" scrolling=\"no\" frameborder=\"0\" allowfullscreen=\"true\" allow=\"autoplay; clipboard-write; encrypted-media; picture-in-picture; web-share\"><\/iframe><\/p>\n<div class=\"o-author-single has-avatar\">\n<header class=\"m-author-card\">\n<div class=\"a-image a-image--square m-author-card__image\">\n\t\t<img decoding=\"async\" class=\"\" src=\"https:\/\/www.boston.com\/wp-content\/uploads\/2024\/09\/cropped-1708366528224-66f6a3bb1db19-66f6a3c33f251.jpg\" alt=\"Imagem do perfil de Lindsay Shachnow\"\/>\t<\/div>\n<\/header>\n<section class=\"author-info\">\n<hr class=\"m-author__section--hr\"\/>\n<div class=\"m-author__section\">\n<p>Lindsay Shachnow cobre not\u00edcias de atribui\u00e7\u00f5es gerais para <a href=\"http:\/\/boston.com\/\">Boston.com<\/a>reportando as \u00faltimas not\u00edcias, crimes e pol\u00edtica em toda a Nova Inglaterra.<\/p>\n<\/div>\n<hr class=\"m-author__section--hr\"\/>\t<\/section>\n<\/div>\n<div class=\"m-block m-generic-cta\t m-generic-cta--post-content\t m-generic-cta--dark\t m-generic-cta--homepage\t m-generic-cta--email-signup\t\t m-generic-cta-block-style--default \tt-amp__generic-cta\"><\/p>\n<div class=\"m-generic-cta__wrap\">\n<div class=\"m-generic-cta__content\">\n<h3 class=\"m-generic-cta__title\">Boston.com hoje<\/h3>\n<p class=\"m-generic-cta__subtitle\">Inscreva-se para receber as \u00faltimas manchetes em sua caixa de entrada todas as manh\u00e3s.<\/p>\n<\/p><\/div>\n<\/p><\/div>\n<\/div><\/div>\n<p><script>\n\t\tvar consent=\"grant\";\n\t\t\/* The above code is parsing the JSON data from the local storage and storing it in a variable. *\/\n\t\t\t\t\tconst onetrustStorageConsent = JSON.parse(localStorage.getItem( 'consent_one_trust_bdc' ) );\n\t\t\tif ( ( onetrustStorageConsent !== null ) ) {\n\t\t\t\t\/* Checking to see if the user has consented to the use of cookies.\n\t\t\t\t* If they have not, it is deleting the cookie.\n\t\t\t\t* This will comment for now, until further notice.\n\t\t\t\t*\/\n\t\t\t\t\/\/if ( onetrustStorageConsent.C0002 === false ) {\n\t\t\t\t\/\/\tdocument.cookie=\"_fbp=;expires=Thu, 01 Jan 2010 00:00:00 UTC; path=\/; domain=.boston.com\";\n\t\t\t\t\/\/}\n\t\t\t\t\/* Checking if the user has given consent for the cookie C0002.\n\t\t\t\t* If the user has given consent, the variable consent will be set to 'grant'.\n\t\t\t\t* If the user has not given consent,the variable consent will be set to 'revoke'.\n\t\t\t\t* Documentation https:\/\/developers.facebook.com\/docs\/meta-pixel\/implementation\/gdpr\n\t\t\t\t*\/\n\t\t\t\tif ( onetrustStorageConsent.C0002 !== true ) {\n\t\t\t\t\tconsent=\"revoke\";\n\t\t\t\t}\n\t\t\t}\n\t\t\t\t!function(f,b,e,v,n,t,s)\n\t\t{if(f.fbq)return;n=f.fbq=function(){n.callMethod?\n\t\tn.callMethod.apply(n,arguments):n.queue.push(arguments)};\n\t\tif(!f._fbq)f._fbq=n;n.push=n;n.loaded=!0;n.version='2.0';\n\t\tn.queue=[];t=b.createElement(e);t.async=!0;\n\t\tt.src=v;s=b.getElementsByTagName(e)[0];\n\t\ts.parentNode.insertBefore(t,s)}(window, document,'script',\n\t\t'https:\/\/connect.facebook.net\/en_US\/fbevents.js');\n\t\tfbq('consent', consent);\n\t\tfbq('init', '989222871864976');\n\t\tfbq('track', 'PageView');\n\t<\/script><script type=\"module\">\n\t\tvar consent=\"grant\";\n\t\t\/* The above code is parsing the JSON data from the local storage and storing it in a variable. *\/\n\t\t\tconst onetrustStorageConsent = JSON.parse(localStorage.getItem( 'consent_one_trust_bdc' ) );\n\t\t\t\/* Checking to see if the user has consented to the use of cookies.\n\t\t\t* If they have not, it is deleting the cookie.\n\t\t\t* This will comment for now, until further notice.\n\t\t\t*\/\n\t\t\t\/\/if ( onetrustStorageConsent.C0002 === false ) {\n\t\t\t\/\/\tdocument.cookie=\"_fbp=;expires=Thu, 01 Jan 2010 00:00:00 UTC; path=\/; domain=.boston.com\";\n\t\t\t\/\/}\n\t\t\t\/* Checking if the user has given consent for the cookie C0002.\n\t\t\t* If the user has given consent, the variable consent will be set to 'grant'.\n\t\t\t* If the user has not given consent,the variable consent will be set to 'revoke'.\n\t\t\t* Documentation https:\/\/developers.facebook.com\/docs\/meta-pixel\/implementation\/gdpr\n\t\t\t*\/\n\t\t\tif ( ( onetrustStorageConsent !== null ) && (onetrustStorageConsent.C0002 !== true ) ) {\n\t\t\t\tconsent=\"revoke\";\n\t\t\t}\n\t\t\t\t!function(f,b,e,v,n,t,s){if(f.fbq)return;n=f.fbq=function()\n\t\t{n.callMethod? n.callMethod.apply(n,arguments):n.queue.push(arguments)}\n\t\t;if(!f._fbq)f._fbq=n;\n\t\tn.push=n;n.loaded=!0;n.version='2.0';n.queue=[];t=b.createElement(e);t.async=!0;\n\t\tt.src=v;s=b.getElementsByTagName(e)[0];s.parentNode.insertBefore(t,s)}(window,\n\t\tdocument,'script','https:\/\/connect.facebook.net\/en_US\/fbevents.js');\n\t\tfbq('consent', consent);\n\t\tfbq('init', '813236348753005');\n\t\tfbq('track', \"PageView\");\n\t<\/script><br \/>\n<br \/><br \/>\n<br \/><a href=\"https:\/\/www.boston.com\/news\/local-news\/2024\/12\/02\/lowell-laments-loss-of-local-business-and-events-space-to-make-way-for-charter-school\/\">Source link <\/a><\/p>","protected":false},"excerpt":{"rendered":"<p>Not\u00edcias locais \u201cAinda estamos todos nos recuperando do choque\u201d. O Mill No. 5, um shopping hist\u00f3rico em Lowell, Massachusetts, est\u00e1 fechando antes da expans\u00e3o de uma escola local local no&hellip;<\/p>","protected":false},"author":1,"featured_media":69340,"comment_status":"closed","ping_status":"open","sticky":false,"template":"","format":"standard","meta":{"content-type":"","footnotes":""},"categories":[1],"tags":[],"class_list":["post-69339","post","type-post","status-publish","format-standard","has-post-thumbnail","hentry","category-uncategorized"],"_links":{"self":[{"href":"https:\/\/tvbrazilusa.com\/pt\/wp-json\/wp\/v2\/posts\/69339","targetHints":{"allow":["GET"]}}],"collection":[{"href":"https:\/\/tvbrazilusa.com\/pt\/wp-json\/wp\/v2\/posts"}],"about":[{"href":"https:\/\/tvbrazilusa.com\/pt\/wp-json\/wp\/v2\/types\/post"}],"author":[{"embeddable":true,"href":"https:\/\/tvbrazilusa.com\/pt\/wp-json\/wp\/v2\/users\/1"}],"replies":[{"embeddable":true,"href":"https:\/\/tvbrazilusa.com\/pt\/wp-json\/wp\/v2\/comments?post=69339"}],"version-history":[{"count":1,"href":"https:\/\/tvbrazilusa.com\/pt\/wp-json\/wp\/v2\/posts\/69339\/revisions"}],"predecessor-version":[{"id":69341,"href":"https:\/\/tvbrazilusa.com\/pt\/wp-json\/wp\/v2\/posts\/69339\/revisions\/69341"}],"wp:featuredmedia":[{"embeddable":true,"href":"https:\/\/tvbrazilusa.com\/pt\/wp-json\/wp\/v2\/media\/69340"}],"wp:attachment":[{"href":"https:\/\/tvbrazilusa.com\/pt\/wp-json\/wp\/v2\/media?parent=69339"}],"wp:term":[{"taxonomy":"category","embeddable":true,"href":"https:\/\/tvbrazilusa.com\/pt\/wp-json\/wp\/v2\/categories?post=69339"},{"taxonomy":"post_tag","embeddable":true,"href":"https:\/\/tvbrazilusa.com\/pt\/wp-json\/wp\/v2\/tags?post=69339"}],"curies":[{"name":"wp","href":"https:\/\/api.w.org\/{rel}","templated":true}]}}